{"id":123229,"date":"2020-01-27T11:23:38","date_gmt":"2020-01-27T08:23:38","guid":{"rendered":"http:\/\/arantv.az\/?p=123229"},"modified":"2020-01-27T11:23:38","modified_gmt":"2020-01-27T08:23:38","slug":"t%c9%99hsil-naziri-koronovirusun-yayildigi-bolg%c9%99l%c9%99rd%c9%99-7-t%c9%99l%c9%99b%c9%99miz-var","status":"publish","type":"post","link":"https:\/\/arantv.az\/?p=123229","title":{"rendered":"T\u0259hsil naziri: Koronovirusun yay\u0131ld\u0131\u011f\u0131 b\u00f6lg\u0259l\u0259rd\u0259 7 t\u0259l\u0259b\u0259miz var"},"content":{"rendered":"<p>\u00c7ind\u0259 \u00fcmumilikd\u0259 500-\u0259 yax\u0131n az\u0259rbaycanl\u0131 t\u0259l\u0259b\u0259 t\u0259hsil al\u0131r. D\u00f6vl\u0259t x\u0259tti il\u0259 t\u0259hsi\u0131 alan t\u0259l\u0259bl\u0259rin say\u0131 62-dir. Koronovirusun yay\u0131ld\u0131\u011f\u0131 b\u00f6lg\u0259l\u0259rd\u0259 7 t\u0259l\u0259b\u0259miz var.<\/p>\n<p><strong>Bunu T\u0259hsil naziri Ceyhun Bayramov deyib.\u00a0<\/strong>Onun s\u00f6zl\u0259rin\u0259 g\u00f6r\u0259,\u00a0T\u0259hsil Nazirliyi\u00a0Xarici \u0130\u015fl\u0259r Nazirliyi v\u0259 \u00c7ind\u0259ki Az\u0259rbaycan S\u0259firliyi il\u0259 daim \u0259laq\u0259 saxlay\u0131r.<\/p>\n<p>&#8220;H\u0259min t\u0259l\u0259b\u0259l\u0259rl\u0259 s\u0259firlik vasit\u0259sil\u0259 \u0259laq\u0259 saxlan\u0131l\u0131r. Bizd\u0259 olan m\u0259lumata g\u00f6r\u0259, 50-d\u0259n art\u0131q \u00f6lk\u0259 v\u0259t\u0259nda\u015flar\u0131n\u0131 \u00e7\u0131xartmaq \u00fc\u00e7\u00fcn \u00c7in\u0259 m\u00fcraci\u0259t edib. Bizim d\u0259 Xarici \u0130\u015fl\u0259r Nazirliyind\u0259n \u0259ld\u0259 etdiyimiz m\u0259lumata \u0259sas\u0259n, bu g\u00fcn \u00c7in Xarici \u0130\u015fl\u0259r Nazirliyind\u0259 iclas olacaq. Ondan sonra a\u00e7\u0131qlama olacaq ki, \u00c7in t\u0259r\u0259fi hans\u0131 n\u00f6vb\u0259ti add\u0131mlar\u0131 atma\u011f\u0131 planla\u015fd\u0131r\u0131r. Buna dair a\u00e7\u0131qlama olduqdan sonra n\u00f6vb\u0259ti add\u0131mlar at\u0131lacaq. Biz bunu diqq\u0259td\u0259 saxlay\u0131r\u0131q&#8221;.<\/p>\n","protected":false},"excerpt":{"rendered":"<p>\u00c7ind\u0259 \u00fcmumilikd\u0259 500-\u0259 yax\u0131n az\u0259rbaycanl\u0131 t\u0259l\u0259b\u0259 t\u0259hsil al\u0131r. D\u00f6vl\u0259t x\u0259tti il\u0259 t\u0259hsi\u0131 alan t\u0259l\u0259bl\u0259rin say\u0131 62-dir. Koronovirusun yay\u0131ld\u0131\u011f\u0131 b\u00f6lg\u0259l\u0259rd\u0259 7 t\u0259l\u0259b\u0259miz var. Bunu T\u0259hsil naziri Ceyhun Bayramov deyib.\u00a0Onun s\u00f6zl\u0259rin\u0259 g\u00f6r\u0259,\u00a0T\u0259hsil Nazirliyi\u00a0Xarici \u0130\u015fl\u0259r Nazirliyi v\u0259 \u00c7ind\u0259ki Az\u0259rbaycan S\u0259firliyi il\u0259 daim \u0259laq\u0259 saxlay\u0131r. &#8220;H\u0259min t\u0259l\u0259b\u0259l\u0259rl\u0259 s\u0259firlik vasit\u0259sil\u0259 \u0259laq\u0259 saxlan\u0131l\u0131r. Bizd\u0259 olan m\u0259lumata g\u00f6r\u0259, 50-d\u0259n art\u0131q \u00f6lk\u0259 v\u0259t\u0259nda\u015flar\u0131n\u0131 \u00e7\u0131xartmaq \u00fc\u00e7\u00fcn \u00c7in\u0259 m\u00fcraci\u0259t edib. Bizim d\u0259 Xarici \u0130\u015fl\u0259r Nazirliyind\u0259n \u0259ld\u0259 etdiyimiz m\u0259lumata \u0259sas\u0259n, bu g\u00fcn \u00c7in Xarici \u0130\u015fl\u0259r Nazirliyind\u0259 iclas olacaq. Ondan sonra a\u00e7\u0131qlama olacaq ki, \u00c7in t\u0259r\u0259fi hans\u0131 n\u00f6vb\u0259ti add\u0131mlar\u0131 atma\u011f\u0131 planla\u015fd\u0131r\u0131r. Buna&hellip;<\/p>\n","protected":false},"author":2,"featured_media":123230,"comment_status":"closed","ping_status":"closed","sticky":false,"template":"","format":"standard","meta":{"om_disable_all_campaigns":false,"_monsterinsights_skip_tracking":false,"_monsterinsights_sitenote_active":false,"_monsterinsights_sitenote_note":"","_monsterinsights_sitenote_category":0},"categories":[1],"tags":[],"aioseo_notices":[],"gutentor_comment":0,"rttpg_featured_image_url":{"full":["https:\/\/arantv.az\/wp-content\/uploads\/2020\/01\/730af6ae7b25d7da779e2ba6bee974ec_122662_54.jpg",975,540,false],"landscape":["https:\/\/arantv.az\/wp-content\/uploads\/2020\/01\/730af6ae7b25d7da779e2ba6bee974ec_122662_54.jpg",975,540,false],"portraits":["https:\/\/arantv.az\/wp-content\/uploads\/2020\/01\/730af6ae7b25d7da779e2ba6bee974ec_122662_54.jpg",975,540,false],"thumbnail":["https:\/\/arantv.az\/wp-content\/uploads\/2020\/01\/730af6ae7b25d7da779e2ba6bee974ec_122662_54-150x150.jpg",150,150,true],"medium":["https:\/\/arantv.az\/wp-content\/uploads\/2020\/01\/730af6ae7b25d7da779e2ba6bee974ec_122662_54-300x166.jpg",300,166,true],"large":["https:\/\/arantv.az\/wp-content\/uploads\/2020\/01\/730af6ae7b25d7da779e2ba6bee974ec_122662_54.jpg",640,354,false],"1536x1536":["https:\/\/arantv.az\/wp-content\/uploads\/2020\/01\/730af6ae7b25d7da779e2ba6bee974ec_122662_54.jpg",975,540,false],"2048x2048":["https:\/\/arantv.az\/wp-content\/uploads\/2020\/01\/730af6ae7b25d7da779e2ba6bee974ec_122662_54.jpg",975,540,false],"post-thumbnail":["https:\/\/arantv.az\/wp-content\/uploads\/2020\/01\/730af6ae7b25d7da779e2ba6bee974ec_122662_54-240x172.jpg",240,172,true],"advps-thumb-one":["https:\/\/arantv.az\/wp-content\/uploads\/2020\/01\/730af6ae7b25d7da779e2ba6bee974ec_122662_54.jpg",975,540,false]},"rttpg_author":{"display_name":"V\u00fcsal Rafiqo\u011flu","author_link":"https:\/\/arantv.az\/?author=2"},"rttpg_comment":0,"rttpg_category":"<a href=\"https:\/\/arantv.az\/?cat=1\" rel=\"category\">C\u0259miyy\u0259t<\/a>","rttpg_excerpt":"\u00c7ind\u0259 \u00fcmumilikd\u0259 500-\u0259 yax\u0131n az\u0259rbaycanl\u0131 t\u0259l\u0259b\u0259 t\u0259hsil al\u0131r. D\u00f6vl\u0259t x\u0259tti il\u0259 t\u0259hsi\u0131 alan t\u0259l\u0259bl\u0259rin say\u0131 62-dir. Koronovirusun yay\u0131ld\u0131\u011f\u0131 b\u00f6lg\u0259l\u0259rd\u0259 7 t\u0259l\u0259b\u0259miz var. Bunu T\u0259hsil naziri Ceyhun Bayramov deyib.\u00a0Onun s\u00f6zl\u0259rin\u0259 g\u00f6r\u0259,\u00a0T\u0259hsil Nazirliyi\u00a0Xarici \u0130\u015fl\u0259r Nazirliyi v\u0259 \u00c7ind\u0259ki Az\u0259rbaycan S\u0259firliyi il\u0259 daim \u0259laq\u0259 saxlay\u0131r. &#8220;H\u0259min t\u0259l\u0259b\u0259l\u0259rl\u0259 s\u0259firlik vasit\u0259sil\u0259 \u0259laq\u0259 saxlan\u0131l\u0131r. Bizd\u0259 olan m\u0259lumata g\u00f6r\u0259, 50-d\u0259n art\u0131q \u00f6lk\u0259 v\u0259t\u0259nda\u015flar\u0131n\u0131&hellip;","_links":{"self":[{"href":"https:\/\/arantv.az\/index.php?rest_route=\/wp\/v2\/posts\/123229"}],"collection":[{"href":"https:\/\/arantv.az\/index.php?rest_route=\/wp\/v2\/posts"}],"about":[{"href":"https:\/\/arantv.az\/index.php?rest_route=\/wp\/v2\/types\/post"}],"author":[{"embeddable":true,"href":"https:\/\/arantv.az\/index.php?rest_route=\/wp\/v2\/users\/2"}],"replies":[{"embeddable":true,"href":"https:\/\/arantv.az\/index.php?rest_route=%2Fwp%2Fv2%2Fcomments&post=123229"}],"version-history":[{"count":0,"href":"https:\/\/arantv.az\/index.php?rest_route=\/wp\/v2\/posts\/123229\/revisions"}],"wp:featuredmedia":[{"embeddable":true,"href":"https:\/\/arantv.az\/index.php?rest_route=\/wp\/v2\/media\/123230"}],"wp:attachment":[{"href":"https:\/\/arantv.az\/index.php?rest_route=%2Fwp%2Fv2%2Fmedia&parent=123229"}],"wp:term":[{"taxonomy":"category","embeddable":true,"href":"https:\/\/arantv.az\/index.php?rest_route=%2Fwp%2Fv2%2Fcategories&post=123229"},{"taxonomy":"post_tag","embeddable":true,"href":"https:\/\/arantv.az\/index.php?rest_route=%2Fwp%2Fv2%2Ftags&post=123229"}],"curies":[{"name":"wp","href":"https:\/\/api.w.org\/{rel}","templated":true}]}}