{"id":123233,"date":"2020-01-27T11:24:54","date_gmt":"2020-01-27T08:24:54","guid":{"rendered":"http:\/\/arantv.az\/?p=123233"},"modified":"2020-01-27T11:24:54","modified_gmt":"2020-01-27T08:24:54","slug":"qarabag-danisiqlari-%c9%99tal%c9%99td%c9%99n-cixir-t%c9%99hlil","status":"publish","type":"post","link":"https:\/\/arantv.az\/?p=123233","title":{"rendered":"Qaraba\u011f dan\u0131\u015f\u0131qlar\u0131 \u0259tal\u0259td\u0259n \u00e7\u0131x\u0131r? &#8211; T\u018fHL\u0130L"},"content":{"rendered":"<p>2020-ci ild\u0259 dan\u0131\u015fq\u0131lar intensivl\u0259\u015f\u0259c\u0259k, m\u00fcharib\u0259 riski artacaq<\/p>\n<p>\u00d6t\u0259n g\u00fcn Rusiya X\u0130N-d\u0259 Erm\u0259nistan-Az\u0259rbaycan,\u00a0Da\u011fl\u0131q Qaraba\u011f m\u00fcnaqi\u015f\u0259sinin nizamlanmas\u0131n\u0131n aktual probleml\u0259ri, el\u0259c\u0259 d\u0259, Rusiya, AB\u015e v\u0259 Fransan\u0131n m\u00fcnaqi\u015f\u0259nin nizamlanmas\u0131nda vasit\u0259\u00e7ilik s\u0259yl\u0259rinin koordinasiyas\u0131 m\u00fczakir\u0259 olunub.<\/p>\n<p>M\u00fczakir\u0259d\u0259 Rusiya Xarici \u0130\u015fl\u0259r nazirinin m\u00fcavini Andrey Rudenko, AT\u018fT-in Minsk Qrupu h\u0259ms\u0259drl\u0259ri &#8211; \u0130qor Popov (Rusiya), Stefan Viskonti (Fransa ) v\u0259 Endryu \u015eoferi (AB\u015e), el\u0259c\u0259 d\u0259, AT\u018fT-in f\u0259aliyy\u0259td\u0259 olan s\u0259drinin \u015f\u0259xsi k\u00f6m\u0259k\u00e7isi Anjey Kasp\u015fik i\u015ftirak edib.<\/p>\n<div id=\"AdviadNativeVideo0\" class=\"AdviadNativeVideo\"><\/div>\n<p>\u018flb\u0259tt\u0259, bunu Rusiyan\u0131n h\u0259ms\u0259dr \u00f6lk\u0259 kimi \u201cilin \u0259vv\u0259li planla\u015fd\u0131rmas\u0131\u201d da adland\u0131ra bil\u0259rl\u0259r.<\/p>\n<p>Erm\u0259nistan-Az\u0259rbaycan,\u00a0Da\u011fl\u0131q Qaraba\u011f m\u00fcnaqi\u015f\u0259sinin h\u0259lli dan\u0131\u015f\u0131qlar\u0131 dalana dir\u0259nib v\u0259 bu, r\u0259smi Bak\u0131 t\u0259r\u0259find\u0259n a\u00e7\u0131q bildirilir.<\/p>\n<p>M\u0259lum oldu\u011fu kimi, Az\u0259rbaycan Prezidenti \u0130lham \u018fliyev 2019-cu ili m\u00fcnaqi\u015f\u0259nin h\u0259lli bax\u0131mdan \u201citirilmi\u015f il\u201d adland\u0131r\u0131b.\u00a0Ox\u015far m\u00f6vqeyi Az\u0259rbaycan X\u0130N d\u0259 \u00f6t\u0259n ilin yekunlar\u0131 il\u0259 ba\u011fl\u0131 b\u0259yanatda vur\u011fulay\u0131b.<\/p>\n<p>Prezidentin k\u00f6m\u0259k\u00e7isi \u2013 Prezident Administrasiyas\u0131n\u0131n xarici siyas\u0259t \u015f\u00f6b\u0259sinin m\u00fcdiri Hikm\u0259t Hac\u0131yev \u201cEuroactive\u201d\u0259 m\u00fcsahib\u0259sind\u0259 bildirib ki, \u00f6t\u0259n il Erm\u0259nistan-Az\u0259rbaycan, Da\u011fl\u0131q Qaraba\u011f m\u00fcnaqi\u015f\u0259sinin h\u0259lli \u00fc\u00e7\u00fcn konkret add\u0131mlar at\u0131lmay\u0131b.<\/p>\n<p>\u018fv\u0259zind\u0259 Erm\u0259nistan\u0131n s\u0259m\u0259r\u0259siz, destruktiv siyas\u0259ti m\u00fc\u015fahid\u0259 olunub. H.Hac\u0131yev deyib ki, Erm\u0259nistan t\u0259r\u0259fi m\u00f6vcud dan\u0131\u015f\u0131qlar format\u0131n\u0131 d\u0259yi\u015fdirm\u0259y\u0259 c\u0259hd g\u00f6st\u0259rib. \u201cHalbuki m\u00fcnaqi\u015f\u0259 t\u0259r\u0259fl\u0259ri &#8211; Erm\u0259nistan il\u0259 Az\u0259rbaycan, beyn\u0259lxalq vasit\u0259\u00e7il\u0259r kimi AT\u018fT-in Minsk Qrupu h\u0259ms\u0259drl\u0259rind\u0259n ibar\u0259t oturu\u015fmu\u015f dan\u0131\u015f\u0131qlar format\u0131 var\u201d, &#8211;\u00a0dey\u0259 prezidentin k\u00f6m\u0259k\u00e7isi qeyd edib.<\/p>\n<p>Y\u0259ni r\u0259smi Bak\u0131 b\u00fct\u00fcn platformalarda bu tezisi ir\u0259li s\u00fcr\u00fcr, dan\u0131\u015f\u0131qlar prosesinin dayand\u0131\u011f\u0131 v\u0259 bu v\u0259ziyy\u0259tin yaln\u0131z Erm\u0259nistan\u0131n faydas\u0131na oldu\u011funu vur\u011fulay\u0131r. Ayd\u0131n m\u0259s\u0259l\u0259dir ki, i\u015f\u011fal\u00e7\u0131 \u00f6lk\u0259 olaraq Erm\u0259nistan s\u00fclh dan\u0131\u015f\u0131qlar\u0131n\u0131n uzanmas\u0131, dan\u0131\u015f\u0131qlar prosesind\u0259 dur\u011funlu\u011fun olmas\u0131nda maraql\u0131d\u0131r. Bunu erm\u0259ni t\u0259r\u0259fi he\u00e7 gizl\u0259tmir d\u0259.<\/p>\n<p>Eyni zamanda, Yerevan m\u00fcnaqi\u015f\u0259nin h\u0259lli v\u0259 \u0259razi b\u00fct\u00f6vl\u00fcy\u00fc m\u00f6vzusunda tez-tez t\u0259xribat\u00e7\u0131 a\u00e7\u0131qlamalarla Az\u0259rbaycan t\u0259r\u0259fini provokasiyaya \u00e7\u0259km\u0259k v\u0259 ba\u015f ver\u0259c\u0259kl\u0259r\u0259 g\u00f6r\u0259 Bak\u0131n\u0131 ittiham etm\u0259k, daha sonra da bunu \u0259sas g\u0259tirib dan\u0131\u015f\u0131qlar prosesini uzatma\u011fa \u00e7al\u0131\u015f\u0131r. Bu, \u00e7ox ayd\u0131n g\u00f6r\u00fcn\u0259n primitiv bir\u00a0siyas\u0259tdir.<\/p>\n<p>Bak\u0131 is\u0259 israrla beyn\u0259lxalq t\u0259\u015fkilat v\u0259 b\u00f6y\u00fck d\u00f6vl\u0259tl\u0259rin \u00f6hd\u0259liyin\u0259 g\u00f6t\u00fcrd\u00fcy\u00fc s\u00fclh missiyas\u0131n\u0131 icra etm\u0259y\u0259 \u00e7a\u011f\u0131r\u0131r. H\u0259m d\u0259 Rusiya anlay\u0131r ki, h\u0259dd\u0259n art\u0131q h\u0259r\u0259k\u0259tsizlik bir vasit\u0259\u00e7i kimi onun m\u00f6vqel\u0259rini z\u0259rb\u0259 alt\u0131nda qoyur. \u00c7\u00fcnki AT\u018fT-in\u00a0Minsk Qrupunun dig\u0259r h\u0259ms\u0259drl\u0259rind\u0259n f\u0259rqli olaraq, Rusiya m\u00fcnaqi\u015f\u0259nin h\u0259llind\u0259 \u0259sas rol oynayacaq \u00f6lk\u0259dir. \u0130ndi Moskva Bak\u0131dan g\u0259l\u0259n mesajlardan da anlay\u0131r ki, bir ne\u00e7\u0259 il davam ed\u0259n dur\u011funluq onun regiondak\u0131 g\u00fcc v\u0259 etibar\u0131n\u0131 z\u0259rb\u0259 alt\u0131nda qoya bil\u0259r.<\/p>\n<p>\u018flb\u0259tt\u0259, Moskvadak\u0131 m\u00fc\u015favir\u0259d\u0259n h\u0259r hans\u0131 uzaqged\u0259n n\u0259tic\u0259l\u0259r \u00e7\u0131xarmaq do\u011fru olmaz.<\/p>\n<p>Amma AT\u018fT-in Minsk Qrupunun h\u0259ms\u0259dr \u00f6lk\u0259si Rusiyan\u0131n m\u00fcnaqi\u015f\u0259nin nizamlanmas\u0131n\u0131n aktual probleml\u0259ri v\u0259 vasit\u0259\u00e7ilik s\u0259yl\u0259rinin koordinasiyas\u0131 m\u0259s\u0259l\u0259sini m\u00fczakir\u0259 etm\u0259si 2020-ci ilin m\u00fcnaqi\u015f\u0259nin h\u0259llind\u0259 h\u0259r\u0259k\u0259tli olaca\u011f\u0131n\u0131 dem\u0259y\u0259 \u0259sas verir.<\/p>\n<p>\u018flb\u0259tt\u0259, bu h\u0259r\u0259k\u0259tin daha t\u0259sirli olmas\u0131 \u00fc\u00e7\u00fcn Bak\u0131n\u0131n daha ard\u0131c\u0131l v\u0259 effektli siyasi t\u0259sir mesanizml\u0259rini i\u015f\u0259 salmas\u0131 laz\u0131md\u0131r. T\u0259bii ki. Burada regional, el\u0259c\u0259 d\u0259 beyn\u0259lxalq siyasi v\u0259ziyy\u0259tin d\u0259 t\u0259siri var.<\/p>\n<p>Lakin indiki \u015f\u0259rtl\u0259rd\u0259 Bak\u0131n\u0131n m\u00f6vqeyi siyasi-diplomatik c\u0259h\u0259td\u0259n g\u00fccl\u00fcd\u00fcr. Az\u0259rbaycanda qar\u015f\u0131dak\u0131 be\u015f\u00a0ild\u0259 \u00f6lk\u0259d\u0259 se\u00e7kil\u0259r olmayacaq, fevralda yeni parlament formala\u015facaq v\u0259 h\u00f6kum\u0259tin t\u0259rkibi is\u0259 b\u00f6y\u00fck \u00f6l\u00e7\u00fcd\u0259 g\u0259nc kadrlardan formala\u015f\u0131b. \u00dcst\u0259lik, Q\u0259rb v\u0259 Rusiya aras\u0131nda oynama\u011fa m\u0259cbur olan Erm\u0259nistandan f\u0259rqli olaraq, Bak\u0131 daha g\u00fccl\u00fc v\u0259 sabit siyasi \u0259laq\u0259l\u0259r\u0259 malikdir.<\/p>\n<p>B\u00fct\u00fcn bunlar\u0131\u00a0yana\u015f\u0131\u00a0g\u0259tirdikd\u0259 yeni ba\u015flayan ild\u0259 \u00a0Erm\u0259nistan-Az\u0259rbaycan,\u00a0Da\u011fl\u0131q\u00a0Qaraba\u011f m\u00fcnaqi\u015f\u0259sinin h\u0259lli istiqam\u0259tind\u0259 dan\u0131\u015f\u0131qlarda aktivlik olaca\u011f\u0131 q\u0259na\u0259ti do\u011fur. Erm\u0259nistan\u0131n is\u0259 indi dan\u0131\u015f\u0131qlar prosesini uzatmaq vasit\u0259l\u0259ri \u00e7ox azd\u0131r, \u00fcst\u0259lik daha \u0259vv\u0259l \u201cs\u0131naqdan ke\u00e7irilmi\u015f\u201d bu metodlar g\u0259rginliyi daha da art\u0131ra bil\u0259r. Bunu indi h\u0259r k\u0259s yax\u015f\u0131 anlay\u0131r.<\/p>\n","protected":false},"excerpt":{"rendered":"<p>2020-ci ild\u0259 dan\u0131\u015fq\u0131lar intensivl\u0259\u015f\u0259c\u0259k, m\u00fcharib\u0259 riski artacaq \u00d6t\u0259n g\u00fcn Rusiya X\u0130N-d\u0259 Erm\u0259nistan-Az\u0259rbaycan,\u00a0Da\u011fl\u0131q Qaraba\u011f m\u00fcnaqi\u015f\u0259sinin nizamlanmas\u0131n\u0131n aktual probleml\u0259ri, el\u0259c\u0259 d\u0259, Rusiya, AB\u015e v\u0259 Fransan\u0131n m\u00fcnaqi\u015f\u0259nin nizamlanmas\u0131nda vasit\u0259\u00e7ilik s\u0259yl\u0259rinin koordinasiyas\u0131 m\u00fczakir\u0259 olunub. M\u00fczakir\u0259d\u0259 Rusiya Xarici \u0130\u015fl\u0259r nazirinin m\u00fcavini Andrey Rudenko, AT\u018fT-in Minsk Qrupu h\u0259ms\u0259drl\u0259ri &#8211; \u0130qor Popov (Rusiya), Stefan Viskonti (Fransa ) v\u0259 Endryu \u015eoferi (AB\u015e), el\u0259c\u0259 d\u0259, AT\u018fT-in f\u0259aliyy\u0259td\u0259 olan s\u0259drinin \u015f\u0259xsi k\u00f6m\u0259k\u00e7isi Anjey Kasp\u015fik i\u015ftirak edib. \u018flb\u0259tt\u0259, bunu Rusiyan\u0131n h\u0259ms\u0259dr \u00f6lk\u0259 kimi \u201cilin \u0259vv\u0259li planla\u015fd\u0131rmas\u0131\u201d da adland\u0131ra bil\u0259rl\u0259r. Erm\u0259nistan-Az\u0259rbaycan,\u00a0Da\u011fl\u0131q Qaraba\u011f m\u00fcnaqi\u015f\u0259sinin h\u0259lli dan\u0131\u015f\u0131qlar\u0131 dalana dir\u0259nib v\u0259 bu, r\u0259smi Bak\u0131 t\u0259r\u0259find\u0259n&hellip;<\/p>\n","protected":false},"author":2,"featured_media":123234,"comment_status":"closed","ping_status":"closed","sticky":false,"template":"","format":"standard","meta":{"om_disable_all_campaigns":false,"_monsterinsights_skip_tracking":false,"_monsterinsights_sitenote_active":false,"_monsterinsights_sitenote_note":"","_monsterinsights_sitenote_category":0},"categories":[4],"tags":[],"aioseo_notices":[],"gutentor_comment":0,"rttpg_featured_image_url":{"full":["https:\/\/arantv.az\/wp-content\/uploads\/2020\/01\/download-6.jpg",272,186,false],"landscape":["https:\/\/arantv.az\/wp-content\/uploads\/2020\/01\/download-6.jpg",272,186,false],"portraits":["https:\/\/arantv.az\/wp-content\/uploads\/2020\/01\/download-6.jpg",272,186,false],"thumbnail":["https:\/\/arantv.az\/wp-content\/uploads\/2020\/01\/download-6-150x150.jpg",150,150,true],"medium":["https:\/\/arantv.az\/wp-content\/uploads\/2020\/01\/download-6.jpg",272,186,false],"large":["https:\/\/arantv.az\/wp-content\/uploads\/2020\/01\/download-6.jpg",272,186,false],"1536x1536":["https:\/\/arantv.az\/wp-content\/uploads\/2020\/01\/download-6.jpg",272,186,false],"2048x2048":["https:\/\/arantv.az\/wp-content\/uploads\/2020\/01\/download-6.jpg",272,186,false],"post-thumbnail":["https:\/\/arantv.az\/wp-content\/uploads\/2020\/01\/download-6-240x172.jpg",240,172,true],"advps-thumb-one":["https:\/\/arantv.az\/wp-content\/uploads\/2020\/01\/download-6.jpg",272,186,false]},"rttpg_author":{"display_name":"V\u00fcsal Rafiqo\u011flu","author_link":"https:\/\/arantv.az\/?author=2"},"rttpg_comment":0,"rttpg_category":"<a href=\"https:\/\/arantv.az\/?cat=4\" rel=\"category\">Siyas\u0259t<\/a>","rttpg_excerpt":"2020-ci ild\u0259 dan\u0131\u015fq\u0131lar intensivl\u0259\u015f\u0259c\u0259k, m\u00fcharib\u0259 riski artacaq \u00d6t\u0259n g\u00fcn Rusiya X\u0130N-d\u0259 Erm\u0259nistan-Az\u0259rbaycan,\u00a0Da\u011fl\u0131q Qaraba\u011f m\u00fcnaqi\u015f\u0259sinin nizamlanmas\u0131n\u0131n aktual probleml\u0259ri, el\u0259c\u0259 d\u0259, Rusiya, AB\u015e v\u0259 Fransan\u0131n m\u00fcnaqi\u015f\u0259nin nizamlanmas\u0131nda vasit\u0259\u00e7ilik s\u0259yl\u0259rinin koordinasiyas\u0131 m\u00fczakir\u0259 olunub. M\u00fczakir\u0259d\u0259 Rusiya Xarici \u0130\u015fl\u0259r nazirinin m\u00fcavini Andrey Rudenko, AT\u018fT-in Minsk Qrupu h\u0259ms\u0259drl\u0259ri &#8211; \u0130qor Popov (Rusiya), Stefan Viskonti (Fransa ) v\u0259 Endryu \u015eoferi (AB\u015e), el\u0259c\u0259&hellip;","_links":{"self":[{"href":"https:\/\/arantv.az\/index.php?rest_route=\/wp\/v2\/posts\/123233"}],"collection":[{"href":"https:\/\/arantv.az\/index.php?rest_route=\/wp\/v2\/posts"}],"about":[{"href":"https:\/\/arantv.az\/index.php?rest_route=\/wp\/v2\/types\/post"}],"author":[{"embeddable":true,"href":"https:\/\/arantv.az\/index.php?rest_route=\/wp\/v2\/users\/2"}],"replies":[{"embeddable":true,"href":"https:\/\/arantv.az\/index.php?rest_route=%2Fwp%2Fv2%2Fcomments&post=123233"}],"version-history":[{"count":0,"href":"https:\/\/arantv.az\/index.php?rest_route=\/wp\/v2\/posts\/123233\/revisions"}],"wp:featuredmedia":[{"embeddable":true,"href":"https:\/\/arantv.az\/index.php?rest_route=\/wp\/v2\/media\/123234"}],"wp:attachment":[{"href":"https:\/\/arantv.az\/index.php?rest_route=%2Fwp%2Fv2%2Fmedia&parent=123233"}],"wp:term":[{"taxonomy":"category","embeddable":true,"href":"https:\/\/arantv.az\/index.php?rest_route=%2Fwp%2Fv2%2Fcategories&post=123233"},{"taxonomy":"post_tag","embeddable":true,"href":"https:\/\/arantv.az\/index.php?rest_route=%2Fwp%2Fv2%2Ftags&post=123233"}],"curies":[{"name":"wp","href":"https:\/\/api.w.org\/{rel}","templated":true}]}}