{"id":123241,"date":"2020-01-27T11:46:58","date_gmt":"2020-01-27T08:46:58","guid":{"rendered":"http:\/\/arantv.az\/?p=123241"},"modified":"2020-01-27T11:46:58","modified_gmt":"2020-01-27T08:46:58","slug":"z%c9%99lz%c9%99l%c9%99-zonasindan-az%c9%99rbaycana-g%c9%99tiril%c9%99n-t%c9%99l%c9%99b%c9%99l%c9%99rin-aqib%c9%99ti-nec%c9%99-olacaq-nazir-aciqladi","status":"publish","type":"post","link":"https:\/\/arantv.az\/?p=123241","title":{"rendered":"Z\u0259lz\u0259l\u0259 zonas\u0131ndan Az\u0259rbaycana g\u0259tiril\u0259n t\u0259l\u0259b\u0259l\u0259rin aqib\u0259ti nec\u0259 olacaq? &#8211; Nazir a\u00e7\u0131qlad\u0131"},"content":{"rendered":"<p><strong>T\u00fcrkiy\u0259d\u0259 ba\u015f ver\u0259n z\u0259lz\u0259l\u0259 il\u0259 \u0259laq\u0259dar 102 az\u0259rbaycanl\u0131 t\u0259l\u0259b\u0259 bu \u00f6lk\u0259d\u0259n avtobuslarla Nax\u00e7\u0131van Muxtar Respublikas\u0131na, oradan da x\u00fcsusi aviareysl\u0259 Az\u0259rbaycana g\u0259tirilib.<\/strong><\/p>\n<p><strong>ARANTV.AZ<\/strong>\u00a0\u00a0<a href=\"http:\/\/az.trend.az\/\" target=\"_blank\" rel=\"noopener\">Trend<\/a>-\u0259 istinad\u0259n bildirir ki,\u00a0bunu T\u0259hsil naziri Ceyhun Bayramov bu g\u00fcn ke\u00e7irdiyi m\u0259tbuat konfrans\u0131nda deyib.<\/p>\n<p>T\u00fcrkiy\u0259d\u0259 ba\u015f ver\u0259n z\u0259lz\u0259l\u0259 n\u0259tic\u0259sind\u0259 t\u0259hsil alan t\u0259l\u0259b\u0259l\u0259rimizl\u0259 ba\u011fl\u0131 m\u0259s\u0259l\u0259nin d\u00f6vl\u0259t ba\u015f\u00e7\u0131s\u0131n\u0131n x\u00fcsusi n\u0259zar\u0259tind\u0259 oldu\u011funu dey\u0259n C.Bayramov bildirib ki, haz\u0131rda geri qaytar\u0131lan t\u0259l\u0259bl\u0259r t\u0259tild\u0259dirl\u0259r:<\/p>\n<p>&#8220;Sonrak\u0131 m\u0259rh\u0259l\u0259d\u0259 oradak\u0131 v\u0259ziyy\u0259t nec\u0259 olacaq, t\u0259l\u0259b\u0259l\u0259rin d\u0259rsl\u0259rind\u0259 hans\u0131sa fasil\u0259 yaranacaqm\u0131 v\u0259 sair suallara m\u00fc\u0259yy\u0259n vaxtdan sonra d\u0259qiq cavab veril\u0259c\u0259k. Eyni zamanda, yen\u0259 d\u0259 universitetl\u0259r t\u0259r\u0259find\u0259n t\u0259qdim olunan imkanlar, orada olan \u015f\u0259rait, t\u0259l\u0259b\u0259l\u0259rin ist\u0259yi v\u0259 se\u00e7imi il\u0259 ba\u011fl\u0131 bir s\u0131ra m\u0259qamlar n\u0259z\u0259r\u0259 al\u0131nmaqla n\u00f6vb\u0259ti add\u0131mlar at\u0131lacaq&#8221;.<\/p>\n","protected":false},"excerpt":{"rendered":"<p>T\u00fcrkiy\u0259d\u0259 ba\u015f ver\u0259n z\u0259lz\u0259l\u0259 il\u0259 \u0259laq\u0259dar 102 az\u0259rbaycanl\u0131 t\u0259l\u0259b\u0259 bu \u00f6lk\u0259d\u0259n avtobuslarla Nax\u00e7\u0131van Muxtar Respublikas\u0131na, oradan da x\u00fcsusi aviareysl\u0259 Az\u0259rbaycana g\u0259tirilib. ARANTV.AZ\u00a0\u00a0Trend-\u0259 istinad\u0259n bildirir ki,\u00a0bunu T\u0259hsil naziri Ceyhun Bayramov bu g\u00fcn ke\u00e7irdiyi m\u0259tbuat konfrans\u0131nda deyib. T\u00fcrkiy\u0259d\u0259 ba\u015f ver\u0259n z\u0259lz\u0259l\u0259 n\u0259tic\u0259sind\u0259 t\u0259hsil alan t\u0259l\u0259b\u0259l\u0259rimizl\u0259 ba\u011fl\u0131 m\u0259s\u0259l\u0259nin d\u00f6vl\u0259t ba\u015f\u00e7\u0131s\u0131n\u0131n x\u00fcsusi n\u0259zar\u0259tind\u0259 oldu\u011funu dey\u0259n C.Bayramov bildirib ki, haz\u0131rda geri qaytar\u0131lan t\u0259l\u0259bl\u0259r t\u0259tild\u0259dirl\u0259r: &#8220;Sonrak\u0131 m\u0259rh\u0259l\u0259d\u0259 oradak\u0131 v\u0259ziyy\u0259t nec\u0259 olacaq, t\u0259l\u0259b\u0259l\u0259rin d\u0259rsl\u0259rind\u0259 hans\u0131sa fasil\u0259 yaranacaqm\u0131 v\u0259 sair suallara m\u00fc\u0259yy\u0259n vaxtdan sonra d\u0259qiq cavab veril\u0259c\u0259k. Eyni zamanda, yen\u0259 d\u0259 universitetl\u0259r t\u0259r\u0259find\u0259n t\u0259qdim olunan imkanlar, orada olan&hellip;<\/p>\n","protected":false},"author":2,"featured_media":123242,"comment_status":"closed","ping_status":"closed","sticky":false,"template":"","format":"standard","meta":{"om_disable_all_campaigns":false,"_monsterinsights_skip_tracking":false,"_monsterinsights_sitenote_active":false,"_monsterinsights_sitenote_note":"","_monsterinsights_sitenote_category":0},"categories":[1],"tags":[],"aioseo_notices":[],"gutentor_comment":0,"rttpg_featured_image_url":{"full":["https:\/\/arantv.az\/wp-content\/uploads\/2020\/01\/ceyhun_bayramov_0325.jpg",800,600,false],"landscape":["https:\/\/arantv.az\/wp-content\/uploads\/2020\/01\/ceyhun_bayramov_0325.jpg",800,600,false],"portraits":["https:\/\/arantv.az\/wp-content\/uploads\/2020\/01\/ceyhun_bayramov_0325.jpg",800,600,false],"thumbnail":["https:\/\/arantv.az\/wp-content\/uploads\/2020\/01\/ceyhun_bayramov_0325-150x150.jpg",150,150,true],"medium":["https:\/\/arantv.az\/wp-content\/uploads\/2020\/01\/ceyhun_bayramov_0325-300x225.jpg",300,225,true],"large":["https:\/\/arantv.az\/wp-content\/uploads\/2020\/01\/ceyhun_bayramov_0325.jpg",640,480,false],"1536x1536":["https:\/\/arantv.az\/wp-content\/uploads\/2020\/01\/ceyhun_bayramov_0325.jpg",800,600,false],"2048x2048":["https:\/\/arantv.az\/wp-content\/uploads\/2020\/01\/ceyhun_bayramov_0325.jpg",800,600,false],"post-thumbnail":["https:\/\/arantv.az\/wp-content\/uploads\/2020\/01\/ceyhun_bayramov_0325-240x172.jpg",240,172,true],"advps-thumb-one":["https:\/\/arantv.az\/wp-content\/uploads\/2020\/01\/ceyhun_bayramov_0325.jpg",800,600,false]},"rttpg_author":{"display_name":"V\u00fcsal Rafiqo\u011flu","author_link":"https:\/\/arantv.az\/?author=2"},"rttpg_comment":0,"rttpg_category":"<a href=\"https:\/\/arantv.az\/?cat=1\" rel=\"category\">C\u0259miyy\u0259t<\/a>","rttpg_excerpt":"T\u00fcrkiy\u0259d\u0259 ba\u015f ver\u0259n z\u0259lz\u0259l\u0259 il\u0259 \u0259laq\u0259dar 102 az\u0259rbaycanl\u0131 t\u0259l\u0259b\u0259 bu \u00f6lk\u0259d\u0259n avtobuslarla Nax\u00e7\u0131van Muxtar Respublikas\u0131na, oradan da x\u00fcsusi aviareysl\u0259 Az\u0259rbaycana g\u0259tirilib. ARANTV.AZ\u00a0\u00a0Trend-\u0259 istinad\u0259n bildirir ki,\u00a0bunu T\u0259hsil naziri Ceyhun Bayramov bu g\u00fcn ke\u00e7irdiyi m\u0259tbuat konfrans\u0131nda deyib. T\u00fcrkiy\u0259d\u0259 ba\u015f ver\u0259n z\u0259lz\u0259l\u0259 n\u0259tic\u0259sind\u0259 t\u0259hsil alan t\u0259l\u0259b\u0259l\u0259rimizl\u0259 ba\u011fl\u0131 m\u0259s\u0259l\u0259nin d\u00f6vl\u0259t ba\u015f\u00e7\u0131s\u0131n\u0131n x\u00fcsusi n\u0259zar\u0259tind\u0259 oldu\u011funu dey\u0259n C.Bayramov bildirib ki, haz\u0131rda&hellip;","_links":{"self":[{"href":"https:\/\/arantv.az\/index.php?rest_route=\/wp\/v2\/posts\/123241"}],"collection":[{"href":"https:\/\/arantv.az\/index.php?rest_route=\/wp\/v2\/posts"}],"about":[{"href":"https:\/\/arantv.az\/index.php?rest_route=\/wp\/v2\/types\/post"}],"author":[{"embeddable":true,"href":"https:\/\/arantv.az\/index.php?rest_route=\/wp\/v2\/users\/2"}],"replies":[{"embeddable":true,"href":"https:\/\/arantv.az\/index.php?rest_route=%2Fwp%2Fv2%2Fcomments&post=123241"}],"version-history":[{"count":0,"href":"https:\/\/arantv.az\/index.php?rest_route=\/wp\/v2\/posts\/123241\/revisions"}],"wp:featuredmedia":[{"embeddable":true,"href":"https:\/\/arantv.az\/index.php?rest_route=\/wp\/v2\/media\/123242"}],"wp:attachment":[{"href":"https:\/\/arantv.az\/index.php?rest_route=%2Fwp%2Fv2%2Fmedia&parent=123241"}],"wp:term":[{"taxonomy":"category","embeddable":true,"href":"https:\/\/arantv.az\/index.php?rest_route=%2Fwp%2Fv2%2Fcategories&post=123241"},{"taxonomy":"post_tag","embeddable":true,"href":"https:\/\/arantv.az\/index.php?rest_route=%2Fwp%2Fv2%2Ftags&post=123241"}],"curies":[{"name":"wp","href":"https:\/\/api.w.org\/{rel}","templated":true}]}}