{"id":12327,"date":"2018-09-08T16:08:36","date_gmt":"2018-09-08T13:08:36","guid":{"rendered":"http:\/\/arantv.az\/?p=12327"},"modified":"2018-09-08T16:08:36","modified_gmt":"2018-09-08T13:08:36","slug":"deputat-prezidentin-xorvatiya-s%c9%99f%c9%99ri-qarsiliqli-munasib%c9%99tl%c9%99rd%c9%99-yeni-addim-olacaq","status":"publish","type":"post","link":"https:\/\/arantv.az\/?p=12327","title":{"rendered":"Deputat: &#8220;Prezidentin Xorvatiya s\u0259f\u0259ri qar\u015f\u0131l\u0131ql\u0131 m\u00fcnasib\u0259tl\u0259rd\u0259 yeni add\u0131m olacaq&#8221;"},"content":{"rendered":"<blockquote><p><em><strong>Prezident \u0130lham \u018fliyevin Xorvatiya Respublikas\u0131na s\u0259f\u0259ri qar\u015f\u0131l\u0131ql\u0131 m\u00fcnasib\u0259tl\u0259rd\u0259 yeni add\u0131m olacaq.<\/strong><\/em><\/p><\/blockquote>\n<p><strong>ARANTV.AZ\u00a0<\/strong> bildirir ki, bunu trend-\u0259 Az\u0259rbaycan Prezidenti \u0130lham \u018fliyevin Xorvatiyaya r\u0259smi s\u0259f\u0259rini \u015f\u0259rh ed\u0259rk\u0259n Milli M\u0259clisin deputat\u0131, professor Musa Qas\u0131ml\u0131 deyib.<\/p>\n<p>Bu s\u0259f\u0259rin b\u00f6y\u00fck \u0259h\u0259miyy\u0259t da\u015f\u0131d\u0131\u011f\u0131n\u0131 dey\u0259n M.Qas\u0131ml\u0131 bildirib ki, Az\u0259rbaycan-Xorvatiya m\u00fcnasib\u0259tl\u0259rinin beyn\u0259lxalq h\u00fcquqi \u0259saslar\u0131 yarad\u0131l\u0131b, \u00f6lk\u0259l\u0259r aras\u0131nda siyasi, ticar\u0259t, iqtisadi, elmi-texniki, m\u0259d\u0259ni v\u0259 humanitar sah\u0259l\u0259rd\u0259 geni\u015f \u0259m\u0259kda\u015fl\u0131q var:<\/p>\n<p>&#8220;Xorvatiyan\u0131n yerl\u0259\u015fdiyi \u0259razi d\u00fcnyan\u0131n m\u00fch\u00fcm geosiyasi yerl\u0259rind\u0259n biridir. Az\u0259rbaycan d\u00f6vl\u0259ti Balkan regionunda bir s\u0131ra layih\u0259l\u0259ri h\u0259yata ke\u00e7irir. Fikrimc\u0259, c\u0259nab Prezidentin Xorvatiya Respublikas\u0131na s\u0259f\u0259ri qar\u015f\u0131l\u0131ql\u0131 m\u00fcnasib\u0259tl\u0259rd\u0259 yeni add\u0131m olacaq&#8221;.<\/p>\n<p>Deputat \u0259lav\u0259 edib ki, s\u0259f\u0259r \u00e7\u0259r\u00e7iv\u0259sind\u0259 imzalanm\u0131\u015f s\u0259n\u0259dl\u0259r \u00f6lk\u0259l\u0259r aras\u0131nda ticar\u0259t d\u00f6vriyy\u0259sinin art\u0131r\u0131lmas\u0131na, m\u00fc\u015ft\u0259r\u0259k investisiya layih\u0259l\u0259rinin icras\u0131na imkan yaradacaq: &#8220;Az\u0259rbaycan il\u0259 Xorvatiya aras\u0131nda apar\u0131lm\u0131\u015f dan\u0131\u015f\u0131qlar \u00f6lk\u0259l\u0259r aras\u0131nda \u0259cza\u00e7\u0131l\u0131q, k\u0259nd t\u0259s\u0259rr\u00fcfat\u0131, k\u0259nd t\u0259s\u0259rr\u00fcfat\u0131 m\u0259hsullar\u0131n\u0131n emal\u0131, g\u0259miqay\u0131rma v\u0259 dig\u0259r istiqam\u0259tl\u0259r \u00fczr\u0259 iqtisadi \u0259m\u0259kda\u015fl\u0131q \u0259laq\u0259l\u0259rinin geni\u015fl\u0259nm\u0259sin\u0259 \u015f\u0259rait yaradacaq&#8221;.<\/p>\n","protected":false},"excerpt":{"rendered":"<p>Prezident \u0130lham \u018fliyevin Xorvatiya Respublikas\u0131na s\u0259f\u0259ri qar\u015f\u0131l\u0131ql\u0131 m\u00fcnasib\u0259tl\u0259rd\u0259 yeni add\u0131m olacaq. ARANTV.AZ\u00a0 bildirir ki, bunu trend-\u0259 Az\u0259rbaycan Prezidenti \u0130lham \u018fliyevin Xorvatiyaya r\u0259smi s\u0259f\u0259rini \u015f\u0259rh ed\u0259rk\u0259n Milli M\u0259clisin deputat\u0131, professor Musa Qas\u0131ml\u0131 deyib. Bu s\u0259f\u0259rin b\u00f6y\u00fck \u0259h\u0259miyy\u0259t da\u015f\u0131d\u0131\u011f\u0131n\u0131 dey\u0259n M.Qas\u0131ml\u0131 bildirib ki, Az\u0259rbaycan-Xorvatiya m\u00fcnasib\u0259tl\u0259rinin beyn\u0259lxalq h\u00fcquqi \u0259saslar\u0131 yarad\u0131l\u0131b, \u00f6lk\u0259l\u0259r aras\u0131nda siyasi, ticar\u0259t, iqtisadi, elmi-texniki, m\u0259d\u0259ni v\u0259 humanitar sah\u0259l\u0259rd\u0259 geni\u015f \u0259m\u0259kda\u015fl\u0131q var: &#8220;Xorvatiyan\u0131n yerl\u0259\u015fdiyi \u0259razi d\u00fcnyan\u0131n m\u00fch\u00fcm geosiyasi yerl\u0259rind\u0259n biridir. Az\u0259rbaycan d\u00f6vl\u0259ti Balkan regionunda bir s\u0131ra layih\u0259l\u0259ri h\u0259yata ke\u00e7irir. Fikrimc\u0259, c\u0259nab Prezidentin Xorvatiya Respublikas\u0131na s\u0259f\u0259ri qar\u015f\u0131l\u0131ql\u0131 m\u00fcnasib\u0259tl\u0259rd\u0259 yeni add\u0131m olacaq&#8221;. Deputat \u0259lav\u0259&hellip;<\/p>\n","protected":false},"author":2,"featured_media":12328,"comment_status":"closed","ping_status":"closed","sticky":false,"template":"","format":"standard","meta":{"om_disable_all_campaigns":false,"_monsterinsights_skip_tracking":false,"_monsterinsights_sitenote_active":false,"_monsterinsights_sitenote_note":"","_monsterinsights_sitenote_category":0},"categories":[4],"tags":[],"aioseo_notices":[],"gutentor_comment":0,"rttpg_featured_image_url":{"full":["https:\/\/arantv.az\/wp-content\/uploads\/2018\/09\/musa_qasimli.jpg",800,600,false],"landscape":["https:\/\/arantv.az\/wp-content\/uploads\/2018\/09\/musa_qasimli.jpg",800,600,false],"portraits":["https:\/\/arantv.az\/wp-content\/uploads\/2018\/09\/musa_qasimli.jpg",800,600,false],"thumbnail":["https:\/\/arantv.az\/wp-content\/uploads\/2018\/09\/musa_qasimli-150x150.jpg",150,150,true],"medium":["https:\/\/arantv.az\/wp-content\/uploads\/2018\/09\/musa_qasimli-300x225.jpg",300,225,true],"large":["https:\/\/arantv.az\/wp-content\/uploads\/2018\/09\/musa_qasimli.jpg",640,480,false],"1536x1536":["https:\/\/arantv.az\/wp-content\/uploads\/2018\/09\/musa_qasimli.jpg",800,600,false],"2048x2048":["https:\/\/arantv.az\/wp-content\/uploads\/2018\/09\/musa_qasimli.jpg",800,600,false],"post-thumbnail":["https:\/\/arantv.az\/wp-content\/uploads\/2018\/09\/musa_qasimli-240x172.jpg",240,172,true],"advps-thumb-one":["https:\/\/arantv.az\/wp-content\/uploads\/2018\/09\/musa_qasimli.jpg",800,600,false]},"rttpg_author":{"display_name":"V\u00fcsal Rafiqo\u011flu","author_link":"https:\/\/arantv.az\/?author=2"},"rttpg_comment":0,"rttpg_category":"<a href=\"https:\/\/arantv.az\/?cat=4\" rel=\"category\">Siyas\u0259t<\/a>","rttpg_excerpt":"Prezident \u0130lham \u018fliyevin Xorvatiya Respublikas\u0131na s\u0259f\u0259ri qar\u015f\u0131l\u0131ql\u0131 m\u00fcnasib\u0259tl\u0259rd\u0259 yeni add\u0131m olacaq. ARANTV.AZ\u00a0 bildirir ki, bunu trend-\u0259 Az\u0259rbaycan Prezidenti \u0130lham \u018fliyevin Xorvatiyaya r\u0259smi s\u0259f\u0259rini \u015f\u0259rh ed\u0259rk\u0259n Milli M\u0259clisin deputat\u0131, professor Musa Qas\u0131ml\u0131 deyib. Bu s\u0259f\u0259rin b\u00f6y\u00fck \u0259h\u0259miyy\u0259t da\u015f\u0131d\u0131\u011f\u0131n\u0131 dey\u0259n M.Qas\u0131ml\u0131 bildirib ki, Az\u0259rbaycan-Xorvatiya m\u00fcnasib\u0259tl\u0259rinin beyn\u0259lxalq h\u00fcquqi \u0259saslar\u0131 yarad\u0131l\u0131b, \u00f6lk\u0259l\u0259r aras\u0131nda siyasi, ticar\u0259t, iqtisadi, elmi-texniki, m\u0259d\u0259ni v\u0259&hellip;","_links":{"self":[{"href":"https:\/\/arantv.az\/index.php?rest_route=\/wp\/v2\/posts\/12327"}],"collection":[{"href":"https:\/\/arantv.az\/index.php?rest_route=\/wp\/v2\/posts"}],"about":[{"href":"https:\/\/arantv.az\/index.php?rest_route=\/wp\/v2\/types\/post"}],"author":[{"embeddable":true,"href":"https:\/\/arantv.az\/index.php?rest_route=\/wp\/v2\/users\/2"}],"replies":[{"embeddable":true,"href":"https:\/\/arantv.az\/index.php?rest_route=%2Fwp%2Fv2%2Fcomments&post=12327"}],"version-history":[{"count":0,"href":"https:\/\/arantv.az\/index.php?rest_route=\/wp\/v2\/posts\/12327\/revisions"}],"wp:featuredmedia":[{"embeddable":true,"href":"https:\/\/arantv.az\/index.php?rest_route=\/wp\/v2\/media\/12328"}],"wp:attachment":[{"href":"https:\/\/arantv.az\/index.php?rest_route=%2Fwp%2Fv2%2Fmedia&parent=12327"}],"wp:term":[{"taxonomy":"category","embeddable":true,"href":"https:\/\/arantv.az\/index.php?rest_route=%2Fwp%2Fv2%2Fcategories&post=12327"},{"taxonomy":"post_tag","embeddable":true,"href":"https:\/\/arantv.az\/index.php?rest_route=%2Fwp%2Fv2%2Ftags&post=12327"}],"curies":[{"name":"wp","href":"https:\/\/api.w.org\/{rel}","templated":true}]}}