{"id":123273,"date":"2020-01-27T12:02:00","date_gmt":"2020-01-27T09:02:00","guid":{"rendered":"http:\/\/arantv.az\/?p=123273"},"modified":"2020-01-27T12:02:00","modified_gmt":"2020-01-27T09:02:00","slug":"z%c9%99lz%c9%99l%c9%99-zamani-yaranan-panika-kameralarda-video","status":"publish","type":"post","link":"https:\/\/arantv.az\/?p=123273","title":{"rendered":"Z\u0259lz\u0259l\u0259 zaman\u0131 yaranan panika kameralarda &#8211; V\u0130DEO"},"content":{"rendered":"<p>T\u00fcrkiy\u0259nin Elaz\u0131\u011f vilay\u0259tind\u0259 ba\u015f ver\u0259n d\u0259h\u015f\u0259tli z\u0259lz\u0259l\u0259 zaman\u0131 ya\u015fanan t\u0259la\u015f k\u00fc\u00e7\u0259y\u0259 qura\u015fd\u0131r\u0131lm\u0131\u015f m\u00fc\u015fahid\u0259 kameralar\u0131 t\u0259r\u0259find\u0259n qeyd\u0259 al\u0131n\u0131b.<\/p>\n<p>Bu bar\u0259d\u0259 \u201cHaberGlobal\u201d kadrlar yay\u0131b.<\/p>\n<div id=\"AdviadNativeVideo0\" class=\"AdviadNativeVideo\"><\/div>\n<div><iframe loading=\"lazy\" src=\"https:\/\/player.baku.tv\/embed\/13481\" width=\"560\" height=\"315\" frameborder=\"0\" allowfullscreen=\"allowfullscreen\" data-mce-fragment=\"1\"><\/iframe><\/div>\n<p>Videoda z\u0259lz\u0259l\u0259 an\u0131nda insanlar\u0131n qorxu i\u00e7ind\u0259 ora-bura vurnuxduqlar\u0131, h\u0259tta birinin h\u0259y\u0259can s\u0259b\u0259bind\u0259n hu\u015funu itirdiyi g\u00f6r\u00fcn\u00fcr.<\/p>\n<p>Qeyd ed\u0259k ki, son m\u0259lumatlara g\u00f6r\u0259, Elaz\u0131\u011f vilay\u0259tinin Sivric\u0259 rayonunda ba\u015f ver\u0259n 6,8 bal g\u00fcc\u00fcnd\u0259ki z\u0259lz\u0259l\u0259d\u0259 \u00f6l\u0259nl\u0259rin say\u0131 39 n\u0259f\u0259r\u0259 y\u00fcks\u0259lib.<\/p>\n","protected":false},"excerpt":{"rendered":"<p>T\u00fcrkiy\u0259nin Elaz\u0131\u011f vilay\u0259tind\u0259 ba\u015f ver\u0259n d\u0259h\u015f\u0259tli z\u0259lz\u0259l\u0259 zaman\u0131 ya\u015fanan t\u0259la\u015f k\u00fc\u00e7\u0259y\u0259 qura\u015fd\u0131r\u0131lm\u0131\u015f m\u00fc\u015fahid\u0259 kameralar\u0131 t\u0259r\u0259find\u0259n qeyd\u0259 al\u0131n\u0131b. Bu bar\u0259d\u0259 \u201cHaberGlobal\u201d kadrlar yay\u0131b. Videoda z\u0259lz\u0259l\u0259 an\u0131nda insanlar\u0131n qorxu i\u00e7ind\u0259 ora-bura vurnuxduqlar\u0131, h\u0259tta birinin h\u0259y\u0259can s\u0259b\u0259bind\u0259n hu\u015funu itirdiyi g\u00f6r\u00fcn\u00fcr. Qeyd ed\u0259k ki, son m\u0259lumatlara g\u00f6r\u0259, Elaz\u0131\u011f vilay\u0259tinin Sivric\u0259 rayonunda ba\u015f ver\u0259n 6,8 bal g\u00fcc\u00fcnd\u0259ki z\u0259lz\u0259l\u0259d\u0259 \u00f6l\u0259nl\u0259rin say\u0131 39 n\u0259f\u0259r\u0259 y\u00fcks\u0259lib.<\/p>\n","protected":false},"author":2,"featured_media":123274,"comment_status":"closed","ping_status":"closed","sticky":false,"template":"","format":"standard","meta":{"om_disable_all_campaigns":false,"_monsterinsights_skip_tracking":false,"_monsterinsights_sitenote_active":false,"_monsterinsights_sitenote_note":"","_monsterinsights_sitenote_category":0},"categories":[7],"tags":[],"aioseo_notices":[],"gutentor_comment":0,"rttpg_featured_image_url":{"full":["https:\/\/arantv.az\/wp-content\/uploads\/2020\/01\/83260934_2474578532794816_8034210349823557632_n.jpg",620,349,false],"landscape":["https:\/\/arantv.az\/wp-content\/uploads\/2020\/01\/83260934_2474578532794816_8034210349823557632_n.jpg",620,349,false],"portraits":["https:\/\/arantv.az\/wp-content\/uploads\/2020\/01\/83260934_2474578532794816_8034210349823557632_n.jpg",620,349,false],"thumbnail":["https:\/\/arantv.az\/wp-content\/uploads\/2020\/01\/83260934_2474578532794816_8034210349823557632_n-150x150.jpg",150,150,true],"medium":["https:\/\/arantv.az\/wp-content\/uploads\/2020\/01\/83260934_2474578532794816_8034210349823557632_n-300x169.jpg",300,169,true],"large":["https:\/\/arantv.az\/wp-content\/uploads\/2020\/01\/83260934_2474578532794816_8034210349823557632_n.jpg",620,349,false],"1536x1536":["https:\/\/arantv.az\/wp-content\/uploads\/2020\/01\/83260934_2474578532794816_8034210349823557632_n.jpg",620,349,false],"2048x2048":["https:\/\/arantv.az\/wp-content\/uploads\/2020\/01\/83260934_2474578532794816_8034210349823557632_n.jpg",620,349,false],"post-thumbnail":["https:\/\/arantv.az\/wp-content\/uploads\/2020\/01\/83260934_2474578532794816_8034210349823557632_n-240x172.jpg",240,172,true],"advps-thumb-one":["https:\/\/arantv.az\/wp-content\/uploads\/2020\/01\/83260934_2474578532794816_8034210349823557632_n.jpg",620,349,false]},"rttpg_author":{"display_name":"V\u00fcsal Rafiqo\u011flu","author_link":"https:\/\/arantv.az\/?author=2"},"rttpg_comment":0,"rttpg_category":"<a href=\"https:\/\/arantv.az\/?cat=7\" rel=\"category\">D\u00fcnya<\/a>","rttpg_excerpt":"T\u00fcrkiy\u0259nin Elaz\u0131\u011f vilay\u0259tind\u0259 ba\u015f ver\u0259n d\u0259h\u015f\u0259tli z\u0259lz\u0259l\u0259 zaman\u0131 ya\u015fanan t\u0259la\u015f k\u00fc\u00e7\u0259y\u0259 qura\u015fd\u0131r\u0131lm\u0131\u015f m\u00fc\u015fahid\u0259 kameralar\u0131 t\u0259r\u0259find\u0259n qeyd\u0259 al\u0131n\u0131b. Bu bar\u0259d\u0259 \u201cHaberGlobal\u201d kadrlar yay\u0131b. Videoda z\u0259lz\u0259l\u0259 an\u0131nda insanlar\u0131n qorxu i\u00e7ind\u0259 ora-bura vurnuxduqlar\u0131, h\u0259tta birinin h\u0259y\u0259can s\u0259b\u0259bind\u0259n hu\u015funu itirdiyi g\u00f6r\u00fcn\u00fcr. Qeyd ed\u0259k ki, son m\u0259lumatlara g\u00f6r\u0259, Elaz\u0131\u011f vilay\u0259tinin Sivric\u0259 rayonunda ba\u015f ver\u0259n 6,8 bal g\u00fcc\u00fcnd\u0259ki z\u0259lz\u0259l\u0259d\u0259 \u00f6l\u0259nl\u0259rin say\u0131&hellip;","_links":{"self":[{"href":"https:\/\/arantv.az\/index.php?rest_route=\/wp\/v2\/posts\/123273"}],"collection":[{"href":"https:\/\/arantv.az\/index.php?rest_route=\/wp\/v2\/posts"}],"about":[{"href":"https:\/\/arantv.az\/index.php?rest_route=\/wp\/v2\/types\/post"}],"author":[{"embeddable":true,"href":"https:\/\/arantv.az\/index.php?rest_route=\/wp\/v2\/users\/2"}],"replies":[{"embeddable":true,"href":"https:\/\/arantv.az\/index.php?rest_route=%2Fwp%2Fv2%2Fcomments&post=123273"}],"version-history":[{"count":0,"href":"https:\/\/arantv.az\/index.php?rest_route=\/wp\/v2\/posts\/123273\/revisions"}],"wp:featuredmedia":[{"embeddable":true,"href":"https:\/\/arantv.az\/index.php?rest_route=\/wp\/v2\/media\/123274"}],"wp:attachment":[{"href":"https:\/\/arantv.az\/index.php?rest_route=%2Fwp%2Fv2%2Fmedia&parent=123273"}],"wp:term":[{"taxonomy":"category","embeddable":true,"href":"https:\/\/arantv.az\/index.php?rest_route=%2Fwp%2Fv2%2Fcategories&post=123273"},{"taxonomy":"post_tag","embeddable":true,"href":"https:\/\/arantv.az\/index.php?rest_route=%2Fwp%2Fv2%2Ftags&post=123273"}],"curies":[{"name":"wp","href":"https:\/\/api.w.org\/{rel}","templated":true}]}}