{"id":123277,"date":"2020-01-27T12:02:41","date_gmt":"2020-01-27T09:02:41","guid":{"rendered":"http:\/\/arantv.az\/?p=123277"},"modified":"2020-01-27T12:02:41","modified_gmt":"2020-01-27T09:02:41","slug":"h%c9%99y%c9%99can-t%c9%99bili-az%c9%99rbaycanda-bosanmalarin-%c9%99sas-s%c9%99b%c9%99bi-sosial-s%c9%99b%c9%99k%c9%99l%c9%99rdir","status":"publish","type":"post","link":"https:\/\/arantv.az\/?p=123277","title":{"rendered":"H\u0259y\u0259can t\u0259bili: Az\u0259rbaycanda bo\u015fanmalar\u0131n \u0259sas s\u0259b\u0259bi sosial \u015f\u0259b\u0259k\u0259l\u0259rdir"},"content":{"rendered":"<p>\u0130st\u0259r iqtisadi, ist\u0259r sosial probleml\u0259r, ist\u0259rs\u0259 d\u0259 sosial \u015f\u0259b\u0259k\u0259l\u0259rin birba\u015fa m\u00fcdaxil\u0259si n\u0259tic\u0259sind\u0259 ail\u0259l\u0259r da\u011f\u0131l\u0131r.<\/p>\n<p>Bunu\u00a0Oxu.Az-a a\u00e7\u0131qlamas\u0131nda psixoloq Ayt\u0259n \u018fl\u0259kb\u0259rova 2019-cu il \u00fczr\u0259 bo\u015fanmalar\u0131n say\u0131n\u0131n artmas\u0131n\u0131 \u015f\u0259rh ed\u0259rk\u0259n deyib.<\/p>\n<p>O bildirib ki, n\u0259 q\u0259d\u0259r ail\u0259 sosial \u015f\u0259b\u0259k\u0259l\u0259r \u00fcz\u00fcnd\u0259n bo\u015fanmaq h\u0259ddin\u0259 \u00e7at\u0131r v\u0259 psixoloqlara m\u00fcraci\u0259t edir.<\/p>\n<p>\u201c\u015e\u0259xs\u0259n m\u0259n \u00f6z\u00fcm 29 bel\u0259 ail\u0259ni yenid\u0259n b\u0259rpa etmi\u015f\u0259m\u201d, &#8211; dey\u0259 A.\u018fl\u0259kb\u0259rova s\u00f6yl\u0259yib.<\/p>\n<p>Psixoloq hesab edir ki, i\u015fsizliyin bo\u015fanmaq \u00fc\u00e7\u00fcn s\u0259b\u0259b g\u0259tirilm\u0259si d\u00fczg\u00fcn deyil:<\/p>\n<p>\u201c\u0130nsan i\u015fl\u0259m\u0259k ist\u0259yirs\u0259, hardasa i\u015f tapa bil\u0259r. Vacib deyil ki, \u00f6z sah\u0259si il\u0259 ba\u011fl\u0131 i\u015f olsun. Buna g\u00f6r\u0259 d\u0259\u00a0i\u015fin olmamas\u0131n\u0131 b\u0259han\u0259 ed\u0259r\u0259k ayr\u0131lmaq q\u0259rar\u0131 verm\u0259k yanl\u0131\u015fd\u0131r. Yax\u015f\u0131, i\u015fsizlik ucbat\u0131ndan ail\u0259 da\u011f\u0131landa aliment ist\u0259yirl\u0259rmi? B\u0259li.<\/p>\n<p>Ata da alimenti verm\u0259y\u0259nd\u0259 m\u0259hk\u0259m\u0259y\u0259 verilir. Sabah bu ail\u0259d\u0259 b\u00f6y\u00fcy\u0259n \u00f6vlad d\u00f6vl\u0259t m\u0259muru olmaq ist\u0259y\u0259nd\u0259 onun qar\u015f\u0131s\u0131na bu fakt\u0131 \u00e7\u0131xar\u0131rlar ki, atan cinay\u0259t m\u0259suliyy\u0259tin\u0259 c\u0259lb edilib\u201d.<\/p>\n<p>Qeyd ed\u0259k ki, D\u00f6vl\u0259t Statistika Komit\u0259sinin m\u0259lumat\u0131na g\u00f6r\u0259, Az\u0259rbaycanda 2019-cu ild\u0259 bo\u015fanmalar\u0131n say\u0131nda art\u0131m olub. \u00d6t\u0259n il \u00f6lk\u0259d\u0259 15 min 635 bo\u015fanma qeyd\u0259 al\u0131n\u0131b. Bu is\u0259 2018-ci ill\u0259 m\u00fcqayis\u0259d\u0259 \u00e7oxdur.<\/p>\n<p>2018-ci ild\u0259 Az\u0259rbaycanda 13 min 655 bo\u015fanma olub.<\/p>\n","protected":false},"excerpt":{"rendered":"<p>\u0130st\u0259r iqtisadi, ist\u0259r sosial probleml\u0259r, ist\u0259rs\u0259 d\u0259 sosial \u015f\u0259b\u0259k\u0259l\u0259rin birba\u015fa m\u00fcdaxil\u0259si n\u0259tic\u0259sind\u0259 ail\u0259l\u0259r da\u011f\u0131l\u0131r. Bunu\u00a0Oxu.Az-a a\u00e7\u0131qlamas\u0131nda psixoloq Ayt\u0259n \u018fl\u0259kb\u0259rova 2019-cu il \u00fczr\u0259 bo\u015fanmalar\u0131n say\u0131n\u0131n artmas\u0131n\u0131 \u015f\u0259rh ed\u0259rk\u0259n deyib. O bildirib ki, n\u0259 q\u0259d\u0259r ail\u0259 sosial \u015f\u0259b\u0259k\u0259l\u0259r \u00fcz\u00fcnd\u0259n bo\u015fanmaq h\u0259ddin\u0259 \u00e7at\u0131r v\u0259 psixoloqlara m\u00fcraci\u0259t edir. \u201c\u015e\u0259xs\u0259n m\u0259n \u00f6z\u00fcm 29 bel\u0259 ail\u0259ni yenid\u0259n b\u0259rpa etmi\u015f\u0259m\u201d, &#8211; dey\u0259 A.\u018fl\u0259kb\u0259rova s\u00f6yl\u0259yib. Psixoloq hesab edir ki, i\u015fsizliyin bo\u015fanmaq \u00fc\u00e7\u00fcn s\u0259b\u0259b g\u0259tirilm\u0259si d\u00fczg\u00fcn deyil: \u201c\u0130nsan i\u015fl\u0259m\u0259k ist\u0259yirs\u0259, hardasa i\u015f tapa bil\u0259r. Vacib deyil ki, \u00f6z sah\u0259si il\u0259 ba\u011fl\u0131 i\u015f olsun. Buna g\u00f6r\u0259 d\u0259\u00a0i\u015fin olmamas\u0131n\u0131 b\u0259han\u0259 ed\u0259r\u0259k&hellip;<\/p>\n","protected":false},"author":2,"featured_media":123278,"comment_status":"closed","ping_status":"closed","sticky":false,"template":"","format":"standard","meta":{"om_disable_all_campaigns":false,"_monsterinsights_skip_tracking":false,"_monsterinsights_sitenote_active":false,"_monsterinsights_sitenote_note":"","_monsterinsights_sitenote_category":0},"categories":[1],"tags":[],"aioseo_notices":[],"gutentor_comment":0,"rttpg_featured_image_url":{"full":["https:\/\/arantv.az\/wp-content\/uploads\/2020\/01\/415608035.jpg",620,335,false],"landscape":["https:\/\/arantv.az\/wp-content\/uploads\/2020\/01\/415608035.jpg",620,335,false],"portraits":["https:\/\/arantv.az\/wp-content\/uploads\/2020\/01\/415608035.jpg",620,335,false],"thumbnail":["https:\/\/arantv.az\/wp-content\/uploads\/2020\/01\/415608035-150x150.jpg",150,150,true],"medium":["https:\/\/arantv.az\/wp-content\/uploads\/2020\/01\/415608035-300x162.jpg",300,162,true],"large":["https:\/\/arantv.az\/wp-content\/uploads\/2020\/01\/415608035.jpg",620,335,false],"1536x1536":["https:\/\/arantv.az\/wp-content\/uploads\/2020\/01\/415608035.jpg",620,335,false],"2048x2048":["https:\/\/arantv.az\/wp-content\/uploads\/2020\/01\/415608035.jpg",620,335,false],"post-thumbnail":["https:\/\/arantv.az\/wp-content\/uploads\/2020\/01\/415608035-240x172.jpg",240,172,true],"advps-thumb-one":["https:\/\/arantv.az\/wp-content\/uploads\/2020\/01\/415608035.jpg",620,335,false]},"rttpg_author":{"display_name":"V\u00fcsal Rafiqo\u011flu","author_link":"https:\/\/arantv.az\/?author=2"},"rttpg_comment":0,"rttpg_category":"<a href=\"https:\/\/arantv.az\/?cat=1\" rel=\"category\">C\u0259miyy\u0259t<\/a>","rttpg_excerpt":"\u0130st\u0259r iqtisadi, ist\u0259r sosial probleml\u0259r, ist\u0259rs\u0259 d\u0259 sosial \u015f\u0259b\u0259k\u0259l\u0259rin birba\u015fa m\u00fcdaxil\u0259si n\u0259tic\u0259sind\u0259 ail\u0259l\u0259r da\u011f\u0131l\u0131r. Bunu\u00a0Oxu.Az-a a\u00e7\u0131qlamas\u0131nda psixoloq Ayt\u0259n \u018fl\u0259kb\u0259rova 2019-cu il \u00fczr\u0259 bo\u015fanmalar\u0131n say\u0131n\u0131n artmas\u0131n\u0131 \u015f\u0259rh ed\u0259rk\u0259n deyib. O bildirib ki, n\u0259 q\u0259d\u0259r ail\u0259 sosial \u015f\u0259b\u0259k\u0259l\u0259r \u00fcz\u00fcnd\u0259n bo\u015fanmaq h\u0259ddin\u0259 \u00e7at\u0131r v\u0259 psixoloqlara m\u00fcraci\u0259t edir. \u201c\u015e\u0259xs\u0259n m\u0259n \u00f6z\u00fcm 29 bel\u0259 ail\u0259ni yenid\u0259n b\u0259rpa etmi\u015f\u0259m\u201d, &#8211; dey\u0259&hellip;","_links":{"self":[{"href":"https:\/\/arantv.az\/index.php?rest_route=\/wp\/v2\/posts\/123277"}],"collection":[{"href":"https:\/\/arantv.az\/index.php?rest_route=\/wp\/v2\/posts"}],"about":[{"href":"https:\/\/arantv.az\/index.php?rest_route=\/wp\/v2\/types\/post"}],"author":[{"embeddable":true,"href":"https:\/\/arantv.az\/index.php?rest_route=\/wp\/v2\/users\/2"}],"replies":[{"embeddable":true,"href":"https:\/\/arantv.az\/index.php?rest_route=%2Fwp%2Fv2%2Fcomments&post=123277"}],"version-history":[{"count":0,"href":"https:\/\/arantv.az\/index.php?rest_route=\/wp\/v2\/posts\/123277\/revisions"}],"wp:featuredmedia":[{"embeddable":true,"href":"https:\/\/arantv.az\/index.php?rest_route=\/wp\/v2\/media\/123278"}],"wp:attachment":[{"href":"https:\/\/arantv.az\/index.php?rest_route=%2Fwp%2Fv2%2Fmedia&parent=123277"}],"wp:term":[{"taxonomy":"category","embeddable":true,"href":"https:\/\/arantv.az\/index.php?rest_route=%2Fwp%2Fv2%2Fcategories&post=123277"},{"taxonomy":"post_tag","embeddable":true,"href":"https:\/\/arantv.az\/index.php?rest_route=%2Fwp%2Fv2%2Ftags&post=123277"}],"curies":[{"name":"wp","href":"https:\/\/api.w.org\/{rel}","templated":true}]}}