{"id":123281,"date":"2020-01-27T13:36:03","date_gmt":"2020-01-27T10:36:03","guid":{"rendered":"http:\/\/arantv.az\/?p=123281"},"modified":"2020-01-27T13:36:03","modified_gmt":"2020-01-27T10:36:03","slug":"m%c9%99leyk%c9%99-abbaszad%c9%99-yuks%c9%99lis-musabiq%c9%99sin%c9%99-qatilmaq-ist%c9%99y%c9%99n-s%c9%99xsl%c9%99r%c9%99-muraci%c9%99t-etdi-video","status":"publish","type":"post","link":"https:\/\/arantv.az\/?p=123281","title":{"rendered":"M\u0259leyk\u0259 Abbaszad\u0259 \u201cY\u00fcks\u0259li\u015f\u201d m\u00fcsabiq\u0259sin\u0259 qat\u0131lmaq ist\u0259y\u0259n \u015f\u0259xsl\u0259r\u0259 m\u00fcraci\u0259t etdi &#8211; V\u0130DEO"},"content":{"rendered":"<article class=\"news\">\n<div class=\"news-inner\">\n<p>Az\u0259rbaycan Respublikas\u0131 Prezidentinin s\u0259r\u0259ncam\u0131 il\u0259 t\u0259sis edilmi\u015f \u201cY\u00fcks\u0259li\u015f\u201d m\u00fcsabiq\u0259sinin qeydiyyat m\u0259rh\u0259l\u0259si fevral\u0131n 2-n\u0259 kimi davam edir.<\/p>\n<p>\u201cY\u00fcks\u0259li\u015f\u201d m\u00fcsabiq\u0259sinin T\u0259\u015fkilat Komit\u0259sinin \u00fczv\u00fc D\u00f6vl\u0259t \u0130mtahan M\u0259rk\u0259zinin Direktorlar \u015euras\u0131n\u0131n s\u0259dri M\u0259leyk\u0259 Abbaszad\u0259 liderlik bacar\u0131\u011f\u0131 il\u0259 se\u00e7il\u0259n d\u00f6vl\u0259t qulluq\u00e7ular\u0131na d\u0259v\u0259t \u00fcnvanlay\u0131b:<\/p>\n<div id=\"AdviadNativeVideo0\" class=\"AdviadNativeVideo\"><\/div>\n<p>\u201cD\u00f6vl\u0259t qullu\u011fu \u00fczr\u0259 imtahanlarda qazand\u0131\u011f\u0131n\u0131z t\u0259cr\u00fcb\u0259 \u201cY\u00fcks\u0259li\u015f\u201d m\u00fcsabiq\u0259sind\u0259 d\u0259 siz\u0259 faydal\u0131 ola bil\u0259r\u201d.<\/p>\n<p>Daha \u0259trafl\u0131:\u00a0<a href=\"https:\/\/yukselish.az\/\" target=\"_blank\" rel=\"noopener\">https:\/\/yukselish.az\/<\/a><\/p>\n<p><a href=\"https:\/\/oxu.az\/society\/358831#Y%C3%BCks%C9%99li%C5%9F2020%20#Y%C3%BCks%C9%99li%C5%9FM%C3%BCsabiq%C9%99si%20#Y%C3%BCks%C9%99li%C5%9FSizinl%C9%99Ba%C5%9Flas%C4%B1n%20#%C3%96lk%C9%99ninG%C9%99l%C9%99c%C9%99yiniQur\" target=\"_blank\" rel=\"noopener\">#Y\u00fcks\u0259li\u015f2020 #Y\u00fcks\u0259li\u015fM\u00fcsabiq\u0259si #Y\u00fcks\u0259li\u015fSizinl\u0259Ba\u015flas\u0131n #\u00d6lk\u0259ninG\u0259l\u0259c\u0259yiniQur<\/a><\/p>\n<div><iframe loading=\"lazy\" src=\"https:\/\/player.baku.tv\/embed\/13496\" width=\"560\" height=\"315\" frameborder=\"0\" allowfullscreen=\"allowfullscreen\" data-mce-fragment=\"1\"><\/iframe><\/div>\n<\/div>\n<\/article>\n<h2 class=\"news-share-title\"><\/h2>\n","protected":false},"excerpt":{"rendered":"<p>Az\u0259rbaycan Respublikas\u0131 Prezidentinin s\u0259r\u0259ncam\u0131 il\u0259 t\u0259sis edilmi\u015f \u201cY\u00fcks\u0259li\u015f\u201d m\u00fcsabiq\u0259sinin qeydiyyat m\u0259rh\u0259l\u0259si fevral\u0131n 2-n\u0259 kimi davam edir. \u201cY\u00fcks\u0259li\u015f\u201d m\u00fcsabiq\u0259sinin T\u0259\u015fkilat Komit\u0259sinin \u00fczv\u00fc D\u00f6vl\u0259t \u0130mtahan M\u0259rk\u0259zinin Direktorlar \u015euras\u0131n\u0131n s\u0259dri M\u0259leyk\u0259 Abbaszad\u0259 liderlik bacar\u0131\u011f\u0131 il\u0259 se\u00e7il\u0259n d\u00f6vl\u0259t qulluq\u00e7ular\u0131na d\u0259v\u0259t \u00fcnvanlay\u0131b: \u201cD\u00f6vl\u0259t qullu\u011fu \u00fczr\u0259 imtahanlarda qazand\u0131\u011f\u0131n\u0131z t\u0259cr\u00fcb\u0259 \u201cY\u00fcks\u0259li\u015f\u201d m\u00fcsabiq\u0259sind\u0259 d\u0259 siz\u0259 faydal\u0131 ola bil\u0259r\u201d. Daha \u0259trafl\u0131:\u00a0https:\/\/yukselish.az\/ #Y\u00fcks\u0259li\u015f2020 #Y\u00fcks\u0259li\u015fM\u00fcsabiq\u0259si #Y\u00fcks\u0259li\u015fSizinl\u0259Ba\u015flas\u0131n #\u00d6lk\u0259ninG\u0259l\u0259c\u0259yiniQur<\/p>\n","protected":false},"author":2,"featured_media":123282,"comment_status":"closed","ping_status":"closed","sticky":false,"template":"","format":"standard","meta":{"om_disable_all_campaigns":false,"_monsterinsights_skip_tracking":false,"_monsterinsights_sitenote_active":false,"_monsterinsights_sitenote_note":"","_monsterinsights_sitenote_category":0},"categories":[1],"tags":[],"aioseo_notices":[],"gutentor_comment":0,"rttpg_featured_image_url":{"full":["https:\/\/arantv.az\/wp-content\/uploads\/2020\/01\/dim.jpg",620,413,false],"landscape":["https:\/\/arantv.az\/wp-content\/uploads\/2020\/01\/dim.jpg",620,413,false],"portraits":["https:\/\/arantv.az\/wp-content\/uploads\/2020\/01\/dim.jpg",620,413,false],"thumbnail":["https:\/\/arantv.az\/wp-content\/uploads\/2020\/01\/dim-150x150.jpg",150,150,true],"medium":["https:\/\/arantv.az\/wp-content\/uploads\/2020\/01\/dim-300x200.jpg",300,200,true],"large":["https:\/\/arantv.az\/wp-content\/uploads\/2020\/01\/dim.jpg",620,413,false],"1536x1536":["https:\/\/arantv.az\/wp-content\/uploads\/2020\/01\/dim.jpg",620,413,false],"2048x2048":["https:\/\/arantv.az\/wp-content\/uploads\/2020\/01\/dim.jpg",620,413,false],"post-thumbnail":["https:\/\/arantv.az\/wp-content\/uploads\/2020\/01\/dim-240x172.jpg",240,172,true],"advps-thumb-one":["https:\/\/arantv.az\/wp-content\/uploads\/2020\/01\/dim.jpg",620,413,false]},"rttpg_author":{"display_name":"V\u00fcsal Rafiqo\u011flu","author_link":"https:\/\/arantv.az\/?author=2"},"rttpg_comment":0,"rttpg_category":"<a href=\"https:\/\/arantv.az\/?cat=1\" rel=\"category\">C\u0259miyy\u0259t<\/a>","rttpg_excerpt":"Az\u0259rbaycan Respublikas\u0131 Prezidentinin s\u0259r\u0259ncam\u0131 il\u0259 t\u0259sis edilmi\u015f \u201cY\u00fcks\u0259li\u015f\u201d m\u00fcsabiq\u0259sinin qeydiyyat m\u0259rh\u0259l\u0259si fevral\u0131n 2-n\u0259 kimi davam edir. \u201cY\u00fcks\u0259li\u015f\u201d m\u00fcsabiq\u0259sinin T\u0259\u015fkilat Komit\u0259sinin \u00fczv\u00fc D\u00f6vl\u0259t \u0130mtahan M\u0259rk\u0259zinin Direktorlar \u015euras\u0131n\u0131n s\u0259dri M\u0259leyk\u0259 Abbaszad\u0259 liderlik bacar\u0131\u011f\u0131 il\u0259 se\u00e7il\u0259n d\u00f6vl\u0259t qulluq\u00e7ular\u0131na d\u0259v\u0259t \u00fcnvanlay\u0131b: \u201cD\u00f6vl\u0259t qullu\u011fu \u00fczr\u0259 imtahanlarda qazand\u0131\u011f\u0131n\u0131z t\u0259cr\u00fcb\u0259 \u201cY\u00fcks\u0259li\u015f\u201d m\u00fcsabiq\u0259sind\u0259 d\u0259 siz\u0259 faydal\u0131 ola bil\u0259r\u201d. Daha \u0259trafl\u0131:\u00a0https:\/\/yukselish.az\/ #Y\u00fcks\u0259li\u015f2020 #Y\u00fcks\u0259li\u015fM\u00fcsabiq\u0259si #Y\u00fcks\u0259li\u015fSizinl\u0259Ba\u015flas\u0131n&hellip;","_links":{"self":[{"href":"https:\/\/arantv.az\/index.php?rest_route=\/wp\/v2\/posts\/123281"}],"collection":[{"href":"https:\/\/arantv.az\/index.php?rest_route=\/wp\/v2\/posts"}],"about":[{"href":"https:\/\/arantv.az\/index.php?rest_route=\/wp\/v2\/types\/post"}],"author":[{"embeddable":true,"href":"https:\/\/arantv.az\/index.php?rest_route=\/wp\/v2\/users\/2"}],"replies":[{"embeddable":true,"href":"https:\/\/arantv.az\/index.php?rest_route=%2Fwp%2Fv2%2Fcomments&post=123281"}],"version-history":[{"count":0,"href":"https:\/\/arantv.az\/index.php?rest_route=\/wp\/v2\/posts\/123281\/revisions"}],"wp:featuredmedia":[{"embeddable":true,"href":"https:\/\/arantv.az\/index.php?rest_route=\/wp\/v2\/media\/123282"}],"wp:attachment":[{"href":"https:\/\/arantv.az\/index.php?rest_route=%2Fwp%2Fv2%2Fmedia&parent=123281"}],"wp:term":[{"taxonomy":"category","embeddable":true,"href":"https:\/\/arantv.az\/index.php?rest_route=%2Fwp%2Fv2%2Fcategories&post=123281"},{"taxonomy":"post_tag","embeddable":true,"href":"https:\/\/arantv.az\/index.php?rest_route=%2Fwp%2Fv2%2Ftags&post=123281"}],"curies":[{"name":"wp","href":"https:\/\/api.w.org\/{rel}","templated":true}]}}