{"id":123289,"date":"2020-01-27T13:37:11","date_gmt":"2020-01-27T10:37:11","guid":{"rendered":"http:\/\/arantv.az\/?p=123289"},"modified":"2020-01-27T13:37:11","modified_gmt":"2020-01-27T10:37:11","slug":"abs-v%c9%99t%c9%99ndaslarinin-cind%c9%99n-t%c9%99xliy%c9%99-imkanlari-m%c9%99hduddur","status":"publish","type":"post","link":"https:\/\/arantv.az\/?p=123289","title":{"rendered":"AB\u015e v\u0259t\u0259nda\u015flar\u0131n\u0131n \u00c7ind\u0259n t\u0259xliy\u0259 imkanlar\u0131 m\u0259hduddur"},"content":{"rendered":"<p>\u00c7ind\u0259 koronavirus\u00a02019-nCoV-nin yay\u0131lmas\u0131 il\u0259 \u0259laq\u0259dar AB\u015e hakimiyy\u0259t orqanlar\u0131n\u0131n v\u0259t\u0259nda\u015flar\u0131n\u0131 Uxandan t\u0259xliy\u0259 etm\u0259k imkanlar\u0131 m\u0259hduddur.<\/p>\n<p>TASS-\u0131n m\u0259lumat\u0131na g\u00f6r\u0259, bu bar\u0259d\u0259 AB\u015e D\u00f6vl\u0259t Departamentinin b\u0259yanat\u0131nda deyilir.<\/p>\n<p>Agentlik vur\u011fulay\u0131b ki, t\u0259xliy\u0259d\u0259 virusa yoluxma risqi daha y\u00fcks\u0259k olanlara \u00fcst\u00fcnl\u00fck veril\u0259c\u0259k. AB\u015e-\u0131n Uxandak\u0131 Ba\u015f Konsullu\u011funun diplomatlar\u0131 yanvar\u0131n 28-d\u0259 San-Fransiskoya u\u00e7acaq. Diplomatik n\u00fcmay\u0259nd\u0259liyin i\u015f\u00e7il\u0259ri il\u0259 yana\u015f\u0131, D\u00f6vl\u0259t Departamenti \u00c7ind\u0259n m\u0259hdud sayda h\u0259mv\u0259t\u0259nini t\u0259xliy\u0259\u00a0etm\u0259y\u0259 haz\u0131rd\u0131r. \u00c7in h\u00f6kum\u0259ti Birl\u0259\u015fmi\u015f \u015etatlar\u0131n i\u015f\u00e7il\u0259rini t\u0259xliy\u0259 etm\u0259y\u0259 k\u00f6m\u0259k etm\u0259y\u0259 haz\u0131r oldu\u011funu a\u00e7\u0131qlay\u0131b.<\/p>\n<div id=\"AdviadNativeVideo0\" class=\"AdviadNativeVideo\"><\/div>\n<p>Bundan \u0259vv\u0259l \u00dcmumd\u00fcnya S\u0259hiyy\u0259 T\u0259\u015fkilat\u0131n\u0131n ba\u015f direktoru Tedros Adan Gebreisus virusun yay\u0131lmas\u0131 il\u0259 \u0259laq\u0259dar olaraq h\u0259mkarlar\u0131yla birlikd\u0259 Pekin\u0259 u\u00e7du\u011funu demi\u015fdi. Onlar \u201chadis\u0259l\u0259rin inki\u015faf\u0131n\u0131 ba\u015fa d\u00fc\u015fm\u0259k\u201d, h\u0259m\u00e7inin infeksiya il\u0259 daha da ciddi m\u00fcbariz\u0259 \u00fc\u00e7\u00fcn \u00c7in il\u0259 t\u0259r\u0259fda\u015fl\u0131\u011f\u0131 g\u00fccl\u0259ndirm\u0259k niyy\u0259tind\u0259dirl\u0259r.<\/p>\n<p>Xat\u0131rladaq ki, son m\u0259lumatlara g\u00f6r\u0259 \u00c7ind\u0259 koronavirusundan \u00f6l\u0259nl\u0259rin say\u0131 son bir g\u00fcnd\u0259 1\/3 q\u0259d\u0259r artaraq 80 n\u0259f\u0259r\u0259 \u00e7at\u0131b.<\/p>\n<p>D\u0259h\u015f\u0259tli virusla ba\u011fl\u0131 ilk hadis\u0259 \u00c7inin Uxan \u015f\u0259h\u0259rind\u0259 qeyd\u0259 al\u0131n\u0131b. \u0130nfeksiyan\u0131n yay\u0131lma risqi il\u0259 \u0259laq\u0259dar h\u00f6kum\u0259t s\u00f6z\u00fcged\u0259n ya\u015fay\u0131\u015f m\u0259nt\u0259q\u0259sin\u0259 giri\u015f-\u00e7\u0131x\u0131\u015f\u0131 ba\u011flay\u0131b, sonra analoji t\u0259dbirl\u0259r daha 20 \u0259yal\u0259td\u0259 v\u0259 \u015f\u0259h\u0259rl\u0259rd\u0259 g\u00f6r\u00fcl\u00fcb.<\/p>\n","protected":false},"excerpt":{"rendered":"<p>\u00c7ind\u0259 koronavirus\u00a02019-nCoV-nin yay\u0131lmas\u0131 il\u0259 \u0259laq\u0259dar AB\u015e hakimiyy\u0259t orqanlar\u0131n\u0131n v\u0259t\u0259nda\u015flar\u0131n\u0131 Uxandan t\u0259xliy\u0259 etm\u0259k imkanlar\u0131 m\u0259hduddur. TASS-\u0131n m\u0259lumat\u0131na g\u00f6r\u0259, bu bar\u0259d\u0259 AB\u015e D\u00f6vl\u0259t Departamentinin b\u0259yanat\u0131nda deyilir. Agentlik vur\u011fulay\u0131b ki, t\u0259xliy\u0259d\u0259 virusa yoluxma risqi daha y\u00fcks\u0259k olanlara \u00fcst\u00fcnl\u00fck veril\u0259c\u0259k. AB\u015e-\u0131n Uxandak\u0131 Ba\u015f Konsullu\u011funun diplomatlar\u0131 yanvar\u0131n 28-d\u0259 San-Fransiskoya u\u00e7acaq. Diplomatik n\u00fcmay\u0259nd\u0259liyin i\u015f\u00e7il\u0259ri il\u0259 yana\u015f\u0131, D\u00f6vl\u0259t Departamenti \u00c7ind\u0259n m\u0259hdud sayda h\u0259mv\u0259t\u0259nini t\u0259xliy\u0259\u00a0etm\u0259y\u0259 haz\u0131rd\u0131r. \u00c7in h\u00f6kum\u0259ti Birl\u0259\u015fmi\u015f \u015etatlar\u0131n i\u015f\u00e7il\u0259rini t\u0259xliy\u0259 etm\u0259y\u0259 k\u00f6m\u0259k etm\u0259y\u0259 haz\u0131r oldu\u011funu a\u00e7\u0131qlay\u0131b. Bundan \u0259vv\u0259l \u00dcmumd\u00fcnya S\u0259hiyy\u0259 T\u0259\u015fkilat\u0131n\u0131n ba\u015f direktoru Tedros Adan Gebreisus virusun yay\u0131lmas\u0131 il\u0259 \u0259laq\u0259dar olaraq h\u0259mkarlar\u0131yla birlikd\u0259 Pekin\u0259 u\u00e7du\u011funu demi\u015fdi.&hellip;<\/p>\n","protected":false},"author":2,"featured_media":123290,"comment_status":"closed","ping_status":"closed","sticky":false,"template":"","format":"standard","meta":{"om_disable_all_campaigns":false,"_monsterinsights_skip_tracking":false,"_monsterinsights_sitenote_active":false,"_monsterinsights_sitenote_note":"","_monsterinsights_sitenote_category":0},"categories":[7],"tags":[],"aioseo_notices":[],"gutentor_comment":0,"rttpg_featured_image_url":{"full":["https:\/\/arantv.az\/wp-content\/uploads\/2020\/01\/koronavirus-china-karantin2-e1579965664367.jpg",620,348,false],"landscape":["https:\/\/arantv.az\/wp-content\/uploads\/2020\/01\/koronavirus-china-karantin2-e1579965664367.jpg",620,348,false],"portraits":["https:\/\/arantv.az\/wp-content\/uploads\/2020\/01\/koronavirus-china-karantin2-e1579965664367.jpg",620,348,false],"thumbnail":["https:\/\/arantv.az\/wp-content\/uploads\/2020\/01\/koronavirus-china-karantin2-e1579965664367-150x150.jpg",150,150,true],"medium":["https:\/\/arantv.az\/wp-content\/uploads\/2020\/01\/koronavirus-china-karantin2-e1579965664367-300x168.jpg",300,168,true],"large":["https:\/\/arantv.az\/wp-content\/uploads\/2020\/01\/koronavirus-china-karantin2-e1579965664367.jpg",620,348,false],"1536x1536":["https:\/\/arantv.az\/wp-content\/uploads\/2020\/01\/koronavirus-china-karantin2-e1579965664367.jpg",620,348,false],"2048x2048":["https:\/\/arantv.az\/wp-content\/uploads\/2020\/01\/koronavirus-china-karantin2-e1579965664367.jpg",620,348,false],"post-thumbnail":["https:\/\/arantv.az\/wp-content\/uploads\/2020\/01\/koronavirus-china-karantin2-e1579965664367-240x172.jpg",240,172,true],"advps-thumb-one":["https:\/\/arantv.az\/wp-content\/uploads\/2020\/01\/koronavirus-china-karantin2-e1579965664367.jpg",620,348,false]},"rttpg_author":{"display_name":"V\u00fcsal Rafiqo\u011flu","author_link":"https:\/\/arantv.az\/?author=2"},"rttpg_comment":0,"rttpg_category":"<a href=\"https:\/\/arantv.az\/?cat=7\" rel=\"category\">D\u00fcnya<\/a>","rttpg_excerpt":"\u00c7ind\u0259 koronavirus\u00a02019-nCoV-nin yay\u0131lmas\u0131 il\u0259 \u0259laq\u0259dar AB\u015e hakimiyy\u0259t orqanlar\u0131n\u0131n v\u0259t\u0259nda\u015flar\u0131n\u0131 Uxandan t\u0259xliy\u0259 etm\u0259k imkanlar\u0131 m\u0259hduddur. TASS-\u0131n m\u0259lumat\u0131na g\u00f6r\u0259, bu bar\u0259d\u0259 AB\u015e D\u00f6vl\u0259t Departamentinin b\u0259yanat\u0131nda deyilir. Agentlik vur\u011fulay\u0131b ki, t\u0259xliy\u0259d\u0259 virusa yoluxma risqi daha y\u00fcks\u0259k olanlara \u00fcst\u00fcnl\u00fck veril\u0259c\u0259k. AB\u015e-\u0131n Uxandak\u0131 Ba\u015f Konsullu\u011funun diplomatlar\u0131 yanvar\u0131n 28-d\u0259 San-Fransiskoya u\u00e7acaq. Diplomatik n\u00fcmay\u0259nd\u0259liyin i\u015f\u00e7il\u0259ri il\u0259 yana\u015f\u0131, D\u00f6vl\u0259t Departamenti \u00c7ind\u0259n m\u0259hdud sayda&hellip;","_links":{"self":[{"href":"https:\/\/arantv.az\/index.php?rest_route=\/wp\/v2\/posts\/123289"}],"collection":[{"href":"https:\/\/arantv.az\/index.php?rest_route=\/wp\/v2\/posts"}],"about":[{"href":"https:\/\/arantv.az\/index.php?rest_route=\/wp\/v2\/types\/post"}],"author":[{"embeddable":true,"href":"https:\/\/arantv.az\/index.php?rest_route=\/wp\/v2\/users\/2"}],"replies":[{"embeddable":true,"href":"https:\/\/arantv.az\/index.php?rest_route=%2Fwp%2Fv2%2Fcomments&post=123289"}],"version-history":[{"count":0,"href":"https:\/\/arantv.az\/index.php?rest_route=\/wp\/v2\/posts\/123289\/revisions"}],"wp:featuredmedia":[{"embeddable":true,"href":"https:\/\/arantv.az\/index.php?rest_route=\/wp\/v2\/media\/123290"}],"wp:attachment":[{"href":"https:\/\/arantv.az\/index.php?rest_route=%2Fwp%2Fv2%2Fmedia&parent=123289"}],"wp:term":[{"taxonomy":"category","embeddable":true,"href":"https:\/\/arantv.az\/index.php?rest_route=%2Fwp%2Fv2%2Fcategories&post=123289"},{"taxonomy":"post_tag","embeddable":true,"href":"https:\/\/arantv.az\/index.php?rest_route=%2Fwp%2Fv2%2Ftags&post=123289"}],"curies":[{"name":"wp","href":"https:\/\/api.w.org\/{rel}","templated":true}]}}