{"id":123305,"date":"2020-01-27T13:40:45","date_gmt":"2020-01-27T10:40:45","guid":{"rendered":"http:\/\/arantv.az\/?p=123305"},"modified":"2020-01-27T13:40:45","modified_gmt":"2020-01-27T10:40:45","slug":"yeni-m%c9%99kt%c9%99bli-formalarinin-qiym%c9%99ti-yuks%c9%99k-olacaq","status":"publish","type":"post","link":"https:\/\/arantv.az\/?p=123305","title":{"rendered":"Yeni m\u0259kt\u0259bli formalar\u0131n\u0131n qiym\u0259ti y\u00fcks\u0259k olacaq?"},"content":{"rendered":"<p>T\u00f6vsiy\u0259 edilir ki, yeni m\u0259kt\u0259bli formalar\u0131n\u0131n qiym\u0259ti y\u00fcks\u0259k olmas\u0131n.<\/p>\n<p><strong>ARANTV.AZ\u00a0\u00a0<\/strong>x\u0259b\u0259r verir ki, bunu\u00a0T\u0259hsil naziri Ceyhun Bayramovun\u00a02019-cu ilin yekunlar\u0131na v\u0259 2020-ci ilin h\u0259d\u0259fl\u0259rin\u0259 h\u0259sr edilmi\u015f m\u0259tbuat konfrans\u0131nda deyib.<\/p>\n<p>O bildirib ki, bir s\u0131ra istehsal\u00e7\u0131lar qiym\u0259tl\u0259rin y\u00fcks\u0259k olmamas\u0131na riay\u0259t edir:<\/p>\n<div id=\"AdviadNativeVideo0\" class=\"AdviadNativeVideo\"><\/div>\n<p>\u201cBizd\u0259 olan m\u0259lumata g\u00f6r\u0259, istehsal\u00e7\u0131lar\u0131n \u00f6zl\u0259ri\u00a0d\u0259 qiym\u0259tl\u0259rin y\u00fcks\u0259k olmas\u0131nda maraql\u0131 deyil. \u00c7\u00fcnki qiym\u0259t m\u00fcnasib olarsa, formalar da sat\u0131lar. M\u0259kt\u0259bli formalar\u0131n\u0131n qiym\u0259tl\u0259ri T\u0259hsil Nazirliyi t\u0259r\u0259find\u0259n r\u0259nziml\u0259nmir.<\/p>\n<p>Qanunvericiliy\u0259 \u0259sas\u0259n, m\u0259kt\u0259bli formas\u0131 v\u0259 yaxud m\u0259kt\u0259blil\u0259rl\u0259 ba\u011fl\u0131 h\u0259r hans\u0131 l\u0259vazimatlar\u0131n qiym\u0259tl\u0259rinin d\u00f6vl\u0259t t\u0259r\u0259find\u0259n t\u0259nziml\u0259nm\u0259si n\u0259z\u0259rd\u0259 tutulmay\u0131b. Onlar t\u0259l\u0259b-t\u0259klif \u0259sas\u0131nda t\u0259yin edilir.<\/p>\n<p>Bu bar\u0259d\u0259 h\u0259r hans\u0131 bir r\u0259q\u0259min s\u0259sl\u0259ndirilm\u0259si Nazirliyin s\u0259lahiyy\u0259tl\u0259ri xaricind\u0259dir. Amma qiym\u0259tl\u0259r keyfiyy\u0259t v\u0259 formadan as\u0131l\u0131 olaraq, istehsal\u00e7\u0131lardan as\u0131l\u0131d\u0131r\u201d.Oxu.Az<\/p>\n","protected":false},"excerpt":{"rendered":"<p>T\u00f6vsiy\u0259 edilir ki, yeni m\u0259kt\u0259bli formalar\u0131n\u0131n qiym\u0259ti y\u00fcks\u0259k olmas\u0131n. ARANTV.AZ\u00a0\u00a0x\u0259b\u0259r verir ki, bunu\u00a0T\u0259hsil naziri Ceyhun Bayramovun\u00a02019-cu ilin yekunlar\u0131na v\u0259 2020-ci ilin h\u0259d\u0259fl\u0259rin\u0259 h\u0259sr edilmi\u015f m\u0259tbuat konfrans\u0131nda deyib. O bildirib ki, bir s\u0131ra istehsal\u00e7\u0131lar qiym\u0259tl\u0259rin y\u00fcks\u0259k olmamas\u0131na riay\u0259t edir: \u201cBizd\u0259 olan m\u0259lumata g\u00f6r\u0259, istehsal\u00e7\u0131lar\u0131n \u00f6zl\u0259ri\u00a0d\u0259 qiym\u0259tl\u0259rin y\u00fcks\u0259k olmas\u0131nda maraql\u0131 deyil. \u00c7\u00fcnki qiym\u0259t m\u00fcnasib olarsa, formalar da sat\u0131lar. M\u0259kt\u0259bli formalar\u0131n\u0131n qiym\u0259tl\u0259ri T\u0259hsil Nazirliyi t\u0259r\u0259find\u0259n r\u0259nziml\u0259nmir. Qanunvericiliy\u0259 \u0259sas\u0259n, m\u0259kt\u0259bli formas\u0131 v\u0259 yaxud m\u0259kt\u0259blil\u0259rl\u0259 ba\u011fl\u0131 h\u0259r hans\u0131 l\u0259vazimatlar\u0131n qiym\u0259tl\u0259rinin d\u00f6vl\u0259t t\u0259r\u0259find\u0259n t\u0259nziml\u0259nm\u0259si n\u0259z\u0259rd\u0259 tutulmay\u0131b. Onlar t\u0259l\u0259b-t\u0259klif \u0259sas\u0131nda t\u0259yin edilir. Bu bar\u0259d\u0259 h\u0259r hans\u0131 bir&hellip;<\/p>\n","protected":false},"author":2,"featured_media":123306,"comment_status":"closed","ping_status":"closed","sticky":false,"template":"","format":"standard","meta":{"om_disable_all_campaigns":false,"_monsterinsights_skip_tracking":false,"_monsterinsights_sitenote_active":false,"_monsterinsights_sitenote_note":"","_monsterinsights_sitenote_category":0},"categories":[1],"tags":[],"aioseo_notices":[],"gutentor_comment":0,"rttpg_featured_image_url":{"full":["https:\/\/arantv.az\/wp-content\/uploads\/2020\/01\/8e455450-00bd-4705-b0b1-53269a5f04c0_640.jpg",620,393,false],"landscape":["https:\/\/arantv.az\/wp-content\/uploads\/2020\/01\/8e455450-00bd-4705-b0b1-53269a5f04c0_640.jpg",620,393,false],"portraits":["https:\/\/arantv.az\/wp-content\/uploads\/2020\/01\/8e455450-00bd-4705-b0b1-53269a5f04c0_640.jpg",620,393,false],"thumbnail":["https:\/\/arantv.az\/wp-content\/uploads\/2020\/01\/8e455450-00bd-4705-b0b1-53269a5f04c0_640-150x150.jpg",150,150,true],"medium":["https:\/\/arantv.az\/wp-content\/uploads\/2020\/01\/8e455450-00bd-4705-b0b1-53269a5f04c0_640-300x190.jpg",300,190,true],"large":["https:\/\/arantv.az\/wp-content\/uploads\/2020\/01\/8e455450-00bd-4705-b0b1-53269a5f04c0_640.jpg",620,393,false],"1536x1536":["https:\/\/arantv.az\/wp-content\/uploads\/2020\/01\/8e455450-00bd-4705-b0b1-53269a5f04c0_640.jpg",620,393,false],"2048x2048":["https:\/\/arantv.az\/wp-content\/uploads\/2020\/01\/8e455450-00bd-4705-b0b1-53269a5f04c0_640.jpg",620,393,false],"post-thumbnail":["https:\/\/arantv.az\/wp-content\/uploads\/2020\/01\/8e455450-00bd-4705-b0b1-53269a5f04c0_640-240x172.jpg",240,172,true],"advps-thumb-one":["https:\/\/arantv.az\/wp-content\/uploads\/2020\/01\/8e455450-00bd-4705-b0b1-53269a5f04c0_640.jpg",620,393,false]},"rttpg_author":{"display_name":"V\u00fcsal Rafiqo\u011flu","author_link":"https:\/\/arantv.az\/?author=2"},"rttpg_comment":0,"rttpg_category":"<a href=\"https:\/\/arantv.az\/?cat=1\" rel=\"category\">C\u0259miyy\u0259t<\/a>","rttpg_excerpt":"T\u00f6vsiy\u0259 edilir ki, yeni m\u0259kt\u0259bli formalar\u0131n\u0131n qiym\u0259ti y\u00fcks\u0259k olmas\u0131n. ARANTV.AZ\u00a0\u00a0x\u0259b\u0259r verir ki, bunu\u00a0T\u0259hsil naziri Ceyhun Bayramovun\u00a02019-cu ilin yekunlar\u0131na v\u0259 2020-ci ilin h\u0259d\u0259fl\u0259rin\u0259 h\u0259sr edilmi\u015f m\u0259tbuat konfrans\u0131nda deyib. O bildirib ki, bir s\u0131ra istehsal\u00e7\u0131lar qiym\u0259tl\u0259rin y\u00fcks\u0259k olmamas\u0131na riay\u0259t edir: \u201cBizd\u0259 olan m\u0259lumata g\u00f6r\u0259, istehsal\u00e7\u0131lar\u0131n \u00f6zl\u0259ri\u00a0d\u0259 qiym\u0259tl\u0259rin y\u00fcks\u0259k olmas\u0131nda maraql\u0131 deyil. \u00c7\u00fcnki qiym\u0259t m\u00fcnasib olarsa, formalar da&hellip;","_links":{"self":[{"href":"https:\/\/arantv.az\/index.php?rest_route=\/wp\/v2\/posts\/123305"}],"collection":[{"href":"https:\/\/arantv.az\/index.php?rest_route=\/wp\/v2\/posts"}],"about":[{"href":"https:\/\/arantv.az\/index.php?rest_route=\/wp\/v2\/types\/post"}],"author":[{"embeddable":true,"href":"https:\/\/arantv.az\/index.php?rest_route=\/wp\/v2\/users\/2"}],"replies":[{"embeddable":true,"href":"https:\/\/arantv.az\/index.php?rest_route=%2Fwp%2Fv2%2Fcomments&post=123305"}],"version-history":[{"count":0,"href":"https:\/\/arantv.az\/index.php?rest_route=\/wp\/v2\/posts\/123305\/revisions"}],"wp:featuredmedia":[{"embeddable":true,"href":"https:\/\/arantv.az\/index.php?rest_route=\/wp\/v2\/media\/123306"}],"wp:attachment":[{"href":"https:\/\/arantv.az\/index.php?rest_route=%2Fwp%2Fv2%2Fmedia&parent=123305"}],"wp:term":[{"taxonomy":"category","embeddable":true,"href":"https:\/\/arantv.az\/index.php?rest_route=%2Fwp%2Fv2%2Fcategories&post=123305"},{"taxonomy":"post_tag","embeddable":true,"href":"https:\/\/arantv.az\/index.php?rest_route=%2Fwp%2Fv2%2Ftags&post=123305"}],"curies":[{"name":"wp","href":"https:\/\/api.w.org\/{rel}","templated":true}]}}