{"id":123493,"date":"2020-01-28T08:06:55","date_gmt":"2020-01-28T05:06:55","guid":{"rendered":"http:\/\/arantv.az\/?p=123493"},"modified":"2020-01-28T08:06:55","modified_gmt":"2020-01-28T05:06:55","slug":"sabirabadda-20-yasli-qadin-ozunu-asib","status":"publish","type":"post","link":"https:\/\/arantv.az\/?p=123493","title":{"rendered":"Sabirabadda 20 ya\u015fl\u0131 qad\u0131n \u00f6z\u00fcn\u00fc as\u0131b"},"content":{"rendered":"<p><strong>Sabirabadda g\u0259nc qad\u0131n \u00f6z\u00fcn\u00fc asaraq intihar edib.<\/strong><\/p>\n<p><strong>ARANTV.AZ<\/strong> \u201cAPA\u201dya istinad\u0259n x\u0259b\u0259r verir ki, ax\u015fam saatlar\u0131nda Sabirabad rayonunun Qara\u011fac k\u0259nd sakini, 2000-ci il t\u0259v\u0259ll\u00fcdl\u00fc G\u00fcn\u0259\u015fova Adil\u0259 A\u011fas\u0259f q\u0131z\u0131 ail\u0259 m\u00fcnaqi\u015f\u0259si z\u0259minind\u0259 \u00f6z\u00fcn\u00fc ata evind\u0259 as\u0131b.<\/p>\n<p>Yenic\u0259 ail\u0259 h\u0259yat\u0131 quran 20 ya\u015fl\u0131 qad\u0131nla h\u0259yat yolda\u015f\u0131n\u0131n valideyinl\u0259ri aras\u0131nda m\u00fcnaqi\u015f\u0259 yaran\u0131b. Bundan sonra ata evin\u0259 qay\u0131dan g\u0259nc qad\u0131n h\u0259min ya\u015fay\u0131\u015f evind\u0259 istifad\u0259 olunmayan otaqda ax\u015fam saatlar\u0131nda \u00f6z\u00fcn\u0259 q\u0259sd edib.<\/p>\n<p>Haz\u0131rda qad\u0131n\u0131n meyiti m\u00fcayin\u0259 olunmas\u0131 \u00fc\u00e7\u00fcn m\u0259hk\u0259m\u0259 tibb ekspertizas\u0131na t\u0259hvil verilib.<\/p>\n<p>Faktla ba\u011fl\u0131 Sabirabad rayon Prokurorlu\u011funda cinay\u0259t i\u015fi ba\u015flan\u0131l\u0131b, ara\u015fd\u0131rma apar\u0131l\u0131r.<\/p>\n","protected":false},"excerpt":{"rendered":"<p>Sabirabadda g\u0259nc qad\u0131n \u00f6z\u00fcn\u00fc asaraq intihar edib. ARANTV.AZ \u201cAPA\u201dya istinad\u0259n x\u0259b\u0259r verir ki, ax\u015fam saatlar\u0131nda Sabirabad rayonunun Qara\u011fac k\u0259nd sakini, 2000-ci il t\u0259v\u0259ll\u00fcdl\u00fc G\u00fcn\u0259\u015fova Adil\u0259 A\u011fas\u0259f q\u0131z\u0131 ail\u0259 m\u00fcnaqi\u015f\u0259si z\u0259minind\u0259 \u00f6z\u00fcn\u00fc ata evind\u0259 as\u0131b. Yenic\u0259 ail\u0259 h\u0259yat\u0131 quran 20 ya\u015fl\u0131 qad\u0131nla h\u0259yat yolda\u015f\u0131n\u0131n valideyinl\u0259ri aras\u0131nda m\u00fcnaqi\u015f\u0259 yaran\u0131b. Bundan sonra ata evin\u0259 qay\u0131dan g\u0259nc qad\u0131n h\u0259min ya\u015fay\u0131\u015f evind\u0259 istifad\u0259 olunmayan otaqda ax\u015fam saatlar\u0131nda \u00f6z\u00fcn\u0259 q\u0259sd edib. Haz\u0131rda qad\u0131n\u0131n meyiti m\u00fcayin\u0259 olunmas\u0131 \u00fc\u00e7\u00fcn m\u0259hk\u0259m\u0259 tibb ekspertizas\u0131na t\u0259hvil verilib. Faktla ba\u011fl\u0131 Sabirabad rayon Prokurorlu\u011funda cinay\u0259t i\u015fi ba\u015flan\u0131l\u0131b, ara\u015fd\u0131rma apar\u0131l\u0131r.<\/p>\n","protected":false},"author":2,"featured_media":123494,"comment_status":"closed","ping_status":"closed","sticky":false,"template":"","format":"standard","meta":{"om_disable_all_campaigns":false,"_monsterinsights_skip_tracking":false,"_monsterinsights_sitenote_active":false,"_monsterinsights_sitenote_note":"","_monsterinsights_sitenote_category":0},"categories":[5],"tags":[],"aioseo_notices":[],"gutentor_comment":0,"rttpg_featured_image_url":{"full":["https:\/\/arantv.az\/wp-content\/uploads\/2020\/01\/192139_dpj8hcan5i.jpg",1000,625,false],"landscape":["https:\/\/arantv.az\/wp-content\/uploads\/2020\/01\/192139_dpj8hcan5i.jpg",1000,625,false],"portraits":["https:\/\/arantv.az\/wp-content\/uploads\/2020\/01\/192139_dpj8hcan5i.jpg",1000,625,false],"thumbnail":["https:\/\/arantv.az\/wp-content\/uploads\/2020\/01\/192139_dpj8hcan5i-150x150.jpg",150,150,true],"medium":["https:\/\/arantv.az\/wp-content\/uploads\/2020\/01\/192139_dpj8hcan5i-300x188.jpg",300,188,true],"large":["https:\/\/arantv.az\/wp-content\/uploads\/2020\/01\/192139_dpj8hcan5i.jpg",640,400,false],"1536x1536":["https:\/\/arantv.az\/wp-content\/uploads\/2020\/01\/192139_dpj8hcan5i.jpg",1000,625,false],"2048x2048":["https:\/\/arantv.az\/wp-content\/uploads\/2020\/01\/192139_dpj8hcan5i.jpg",1000,625,false],"post-thumbnail":["https:\/\/arantv.az\/wp-content\/uploads\/2020\/01\/192139_dpj8hcan5i-240x172.jpg",240,172,true],"advps-thumb-one":["https:\/\/arantv.az\/wp-content\/uploads\/2020\/01\/192139_dpj8hcan5i-1000x620.jpg",1000,620,true]},"rttpg_author":{"display_name":"V\u00fcsal Rafiqo\u011flu","author_link":"https:\/\/arantv.az\/?author=2"},"rttpg_comment":0,"rttpg_category":"<a href=\"https:\/\/arantv.az\/?cat=5\" rel=\"category\">Hadis\u0259<\/a>","rttpg_excerpt":"Sabirabadda g\u0259nc qad\u0131n \u00f6z\u00fcn\u00fc asaraq intihar edib. ARANTV.AZ \u201cAPA\u201dya istinad\u0259n x\u0259b\u0259r verir ki, ax\u015fam saatlar\u0131nda Sabirabad rayonunun Qara\u011fac k\u0259nd sakini, 2000-ci il t\u0259v\u0259ll\u00fcdl\u00fc G\u00fcn\u0259\u015fova Adil\u0259 A\u011fas\u0259f q\u0131z\u0131 ail\u0259 m\u00fcnaqi\u015f\u0259si z\u0259minind\u0259 \u00f6z\u00fcn\u00fc ata evind\u0259 as\u0131b. Yenic\u0259 ail\u0259 h\u0259yat\u0131 quran 20 ya\u015fl\u0131 qad\u0131nla h\u0259yat yolda\u015f\u0131n\u0131n valideyinl\u0259ri aras\u0131nda m\u00fcnaqi\u015f\u0259 yaran\u0131b. Bundan sonra ata evin\u0259 qay\u0131dan g\u0259nc qad\u0131n h\u0259min&hellip;","_links":{"self":[{"href":"https:\/\/arantv.az\/index.php?rest_route=\/wp\/v2\/posts\/123493"}],"collection":[{"href":"https:\/\/arantv.az\/index.php?rest_route=\/wp\/v2\/posts"}],"about":[{"href":"https:\/\/arantv.az\/index.php?rest_route=\/wp\/v2\/types\/post"}],"author":[{"embeddable":true,"href":"https:\/\/arantv.az\/index.php?rest_route=\/wp\/v2\/users\/2"}],"replies":[{"embeddable":true,"href":"https:\/\/arantv.az\/index.php?rest_route=%2Fwp%2Fv2%2Fcomments&post=123493"}],"version-history":[{"count":0,"href":"https:\/\/arantv.az\/index.php?rest_route=\/wp\/v2\/posts\/123493\/revisions"}],"wp:featuredmedia":[{"embeddable":true,"href":"https:\/\/arantv.az\/index.php?rest_route=\/wp\/v2\/media\/123494"}],"wp:attachment":[{"href":"https:\/\/arantv.az\/index.php?rest_route=%2Fwp%2Fv2%2Fmedia&parent=123493"}],"wp:term":[{"taxonomy":"category","embeddable":true,"href":"https:\/\/arantv.az\/index.php?rest_route=%2Fwp%2Fv2%2Fcategories&post=123493"},{"taxonomy":"post_tag","embeddable":true,"href":"https:\/\/arantv.az\/index.php?rest_route=%2Fwp%2Fv2%2Ftags&post=123493"}],"curies":[{"name":"wp","href":"https:\/\/api.w.org\/{rel}","templated":true}]}}