{"id":123592,"date":"2020-01-28T09:43:50","date_gmt":"2020-01-28T06:43:50","guid":{"rendered":"http:\/\/arantv.az\/?p=123592"},"modified":"2020-01-28T09:43:50","modified_gmt":"2020-01-28T06:43:50","slug":"rovn%c9%99q-abdullayev-az%c9%99rbaycan-millisini-t%c9%99nqid-etdi-z%c9%99ifl%c9%99rin-qrupundan-cixa-bilm%c9%99dik","status":"publish","type":"post","link":"https:\/\/arantv.az\/?p=123592","title":{"rendered":"R\u00f6vn\u0259q Abdullayev Az\u0259rbaycan millisini t\u0259nqid etdi: \u201cZ\u0259ifl\u0259rin qrupundan \u00e7\u0131xa bilm\u0259dik\u201d"},"content":{"rendered":"<p>2016-c\u0131 ild\u0259 17 ya\u015fl\u0131lar\u0131n Avropa \u00e7empionat\u0131 ke\u00e7irildi, a\u00e7\u0131l\u0131\u015f oyununu rekord sayda azarke\u015f izl\u0259di. Turnir UEFA t\u0259r\u0259find\u0259n y\u00fcks\u0259k qiym\u0259tl\u0259ndirildi.<\/p>\n<p><b>ARANTV.AZ\u00a0<\/b> x\u0259b\u0259r verir ki, bu s\u00f6zl\u0259ri AFFA prezidenti R\u00f6vn\u0259q Abdullayev deyib.<\/p>\n<p>Bu g\u00fcn ke\u00e7iril\u0259n AFFA-n\u0131n n\u00f6vb\u0259ti konfrans\u0131nda \u00e7\u0131x\u0131\u015f ed\u0259n R. Abdullayev 2016-c\u0131 ild\u0259n sonrak\u0131 d\u00f6vr \u0259rzind\u0259 AFFA-n\u0131n f\u0259aliyy\u0259ti bar\u0259sind\u0259 m\u0259lumat verib.<\/p>\n<div id=\"AdviadNativeVideo0\" class=\"AdviadNativeVideo\"><\/div>\n<p>R.Abdullayev m\u00f6t\u0259b\u0259r futbol t\u0259dbirl\u0259rinin t\u0259\u015fkilin\u0259 d\u0259st\u0259yini \u0259sirg\u0259m\u0259y\u0259n \u00f6lk\u0259 ba\u015f\u00e7\u0131s\u0131 \u0130lham \u018fliyev\u0259 t\u0259\u015f\u0259kk\u00fcr\u00fcn\u00fc bildirib:<\/p>\n<p>\u201cAvropa Liqas\u0131n\u0131n final\u0131 zaman\u0131 Bak\u0131ya 38 min azarke\u015f g\u0259lmi\u015fdi. Bu, rekord g\u00f6st\u0259ricidir. Bu turnir d\u0259 y\u00fcks\u0259k s\u0259viyy\u0259d\u0259 t\u0259\u015fkil olundu. UEFA t\u0259r\u0259find\u0259n son 10 ilin \u0259n y\u00fcks\u0259k s\u0259viyy\u0259d\u0259 t\u0259\u015fkil olunan yar\u0131\u015f\u0131 hesab olundu.<\/p>\n<p>\u00d6t\u0259n d\u00f6vr \u0259rzind\u0259 m\u00fcxt\u0259lif m\u0259\u015fq meydanlar\u0131 istifad\u0259y\u0259 verildi. N\u00f6vb\u0259ti d\u00f6rd il \u00fc\u00e7\u00fcn d\u0259 infrastruktur layih\u0259l\u0259r planla\u015fd\u0131r\u0131l\u0131r. \u015eamax\u0131dak\u0131 stadionun tikintisin\u0259 mart ay\u0131ndan start veril\u0259c\u0259k. Sumqay\u0131tdak\u0131 stadionun yenid\u0259nqurmas\u0131 olacaq. K\u00fctl\u0259vi futbolun inki\u015faf\u0131nda b\u00f6y\u00fck i\u015fl\u0259r g\u00f6r\u00fcl\u00fcb\u201d.<\/p>\n<p>AFFA prezidenti milli komandan\u0131n \u00e7\u0131x\u0131\u015f\u0131na da toxunub:<\/p>\n<p>\u201cAzarke\u015fl\u0259ri, futbol ictimaiyy\u0259tini narahat ed\u0259n m\u0259s\u0259l\u0259 millinin bu d\u00f6vrd\u0259 yax\u015f\u0131 \u00e7\u0131x\u0131\u015f etm\u0259m\u0259si oldu. Mill\u0259tl\u0259r Liqas\u0131nda qrupdan \u00e7\u0131xa bilm\u0259dik. Halbuki bu, b\u00f6y\u00fck \u015fans idi ki, Bak\u0131dak\u0131 final m\u0259rh\u0259l\u0259sind\u0259 i\u015ftirak ed\u0259k. Z\u0259ifl\u0259rin qrupundan \u00e7\u0131xa bilm\u0259dik.<\/p>\n<p>AVRO-2020-nin se\u00e7m\u0259 m\u0259rh\u0259l\u0259sind\u0259 d\u0259 bir\u00a0xalla qrup sonuncusu olduq. T\u0259\u0259ss\u00fcf ki, azarke\u015fl\u0259ri sevindir\u0259 bilm\u0259dik. Avrokuboklarda klublar\u0131m\u0131z yax\u015f\u0131 \u00e7\u0131x\u0131\u015f etdil\u0259r.<\/p>\n<p>\u201cQaraba\u011f\u201d ard\u0131c\u0131l alt\u0131nc\u0131 d\u0259f\u0259 avrokubokun qrupunda \u00e7\u0131x\u0131\u015f etdi. Dig\u0259r klublar\u0131n da \u00e7\u0131x\u0131\u015f\u0131n\u0131 n\u0259z\u0259r\u0259 alsaq, yax\u015f\u0131 n\u0259tic\u0259 idi\u201d.<\/p>\n<p>R\u00f6vn\u0259q Abdullayev hakiml\u0259rin d\u0259 inki\u015fafda oldu\u011funu deyib:<\/p>\n<p>\u201cAvropa \u00f6lk\u0259l\u0259rind\u0259 hakiml\u0259rimizin xidm\u0259tl\u0259rin\u0259 ehtiyac duyulur. M\u00fcxt\u0259lif \u00f6lk\u0259l\u0259rin vacib oyunlar\u0131na hakiml\u0259rimizin t\u0259yin olunmas\u0131 x\u0259b\u0259rl\u0259rini e\u015fid\u0259c\u0259yik. Pe\u015f\u0259kar s\u0259viyy\u0259d\u0259 hakiml\u0259rimiz var.<\/p>\n<p>Bunu UEFA-da v\u0259 F\u0130FA-da qeyd edirl\u0259r. Bizim \u0259n b\u00f6y\u00fck problemimiz yay\u0131m m\u0259s\u0259l\u0259si idi. \u201cCBC Sport\u201d kanal\u0131n\u0131 yaratmaqla futbolumuzun televiziya yay\u0131m\u0131nda sabitlik yarand\u0131. \u00d6lk\u0259daxili v\u0259 beyn\u0259lxalq yar\u0131\u015flar yay\u0131mlan\u0131r\u201d.<\/p>\n<p>O bildirib ki, AVRO-2020-d\u0259 onlar\u0131n \u00fcz\u0259rin\u0259 b\u00f6y\u00fck y\u00fck d\u00fc\u015f\u00fcr: \u201c\u0130nan\u0131r\u0131q ki, bu i\u015fin \u00f6hd\u0259sind\u0259n layiqinc\u0259 g\u0259l\u0259c\u0259yik\u201d.Oxu.Az<\/p>\n","protected":false},"excerpt":{"rendered":"<p>2016-c\u0131 ild\u0259 17 ya\u015fl\u0131lar\u0131n Avropa \u00e7empionat\u0131 ke\u00e7irildi, a\u00e7\u0131l\u0131\u015f oyununu rekord sayda azarke\u015f izl\u0259di. Turnir UEFA t\u0259r\u0259find\u0259n y\u00fcks\u0259k qiym\u0259tl\u0259ndirildi. ARANTV.AZ\u00a0 x\u0259b\u0259r verir ki, bu s\u00f6zl\u0259ri AFFA prezidenti R\u00f6vn\u0259q Abdullayev deyib. Bu g\u00fcn ke\u00e7iril\u0259n AFFA-n\u0131n n\u00f6vb\u0259ti konfrans\u0131nda \u00e7\u0131x\u0131\u015f ed\u0259n R. Abdullayev 2016-c\u0131 ild\u0259n sonrak\u0131 d\u00f6vr \u0259rzind\u0259 AFFA-n\u0131n f\u0259aliyy\u0259ti bar\u0259sind\u0259 m\u0259lumat verib. R.Abdullayev m\u00f6t\u0259b\u0259r futbol t\u0259dbirl\u0259rinin t\u0259\u015fkilin\u0259 d\u0259st\u0259yini \u0259sirg\u0259m\u0259y\u0259n \u00f6lk\u0259 ba\u015f\u00e7\u0131s\u0131 \u0130lham \u018fliyev\u0259 t\u0259\u015f\u0259kk\u00fcr\u00fcn\u00fc bildirib: \u201cAvropa Liqas\u0131n\u0131n final\u0131 zaman\u0131 Bak\u0131ya 38 min azarke\u015f g\u0259lmi\u015fdi. Bu, rekord g\u00f6st\u0259ricidir. Bu turnir d\u0259 y\u00fcks\u0259k s\u0259viyy\u0259d\u0259 t\u0259\u015fkil olundu. UEFA t\u0259r\u0259find\u0259n son 10 ilin \u0259n y\u00fcks\u0259k s\u0259viyy\u0259d\u0259 t\u0259\u015fkil&hellip;<\/p>\n","protected":false},"author":2,"featured_media":123593,"comment_status":"closed","ping_status":"closed","sticky":false,"template":"","format":"standard","meta":{"om_disable_all_campaigns":false,"_monsterinsights_skip_tracking":false,"_monsterinsights_sitenote_active":false,"_monsterinsights_sitenote_note":"","_monsterinsights_sitenote_category":0},"categories":[6],"tags":[],"aioseo_notices":[],"gutentor_comment":0,"rttpg_featured_image_url":{"full":["https:\/\/arantv.az\/wp-content\/uploads\/2020\/01\/LV5A0649.jpg",620,413,false],"landscape":["https:\/\/arantv.az\/wp-content\/uploads\/2020\/01\/LV5A0649.jpg",620,413,false],"portraits":["https:\/\/arantv.az\/wp-content\/uploads\/2020\/01\/LV5A0649.jpg",620,413,false],"thumbnail":["https:\/\/arantv.az\/wp-content\/uploads\/2020\/01\/LV5A0649-150x150.jpg",150,150,true],"medium":["https:\/\/arantv.az\/wp-content\/uploads\/2020\/01\/LV5A0649-300x200.jpg",300,200,true],"large":["https:\/\/arantv.az\/wp-content\/uploads\/2020\/01\/LV5A0649.jpg",620,413,false],"1536x1536":["https:\/\/arantv.az\/wp-content\/uploads\/2020\/01\/LV5A0649.jpg",620,413,false],"2048x2048":["https:\/\/arantv.az\/wp-content\/uploads\/2020\/01\/LV5A0649.jpg",620,413,false],"post-thumbnail":["https:\/\/arantv.az\/wp-content\/uploads\/2020\/01\/LV5A0649-240x172.jpg",240,172,true],"advps-thumb-one":["https:\/\/arantv.az\/wp-content\/uploads\/2020\/01\/LV5A0649.jpg",620,413,false]},"rttpg_author":{"display_name":"V\u00fcsal Rafiqo\u011flu","author_link":"https:\/\/arantv.az\/?author=2"},"rttpg_comment":0,"rttpg_category":"<a href=\"https:\/\/arantv.az\/?cat=6\" rel=\"category\">\u0130dman<\/a>","rttpg_excerpt":"2016-c\u0131 ild\u0259 17 ya\u015fl\u0131lar\u0131n Avropa \u00e7empionat\u0131 ke\u00e7irildi, a\u00e7\u0131l\u0131\u015f oyununu rekord sayda azarke\u015f izl\u0259di. Turnir UEFA t\u0259r\u0259find\u0259n y\u00fcks\u0259k qiym\u0259tl\u0259ndirildi. ARANTV.AZ\u00a0 x\u0259b\u0259r verir ki, bu s\u00f6zl\u0259ri AFFA prezidenti R\u00f6vn\u0259q Abdullayev deyib. Bu g\u00fcn ke\u00e7iril\u0259n AFFA-n\u0131n n\u00f6vb\u0259ti konfrans\u0131nda \u00e7\u0131x\u0131\u015f ed\u0259n R. Abdullayev 2016-c\u0131 ild\u0259n sonrak\u0131 d\u00f6vr \u0259rzind\u0259 AFFA-n\u0131n f\u0259aliyy\u0259ti bar\u0259sind\u0259 m\u0259lumat verib. R.Abdullayev m\u00f6t\u0259b\u0259r futbol t\u0259dbirl\u0259rinin t\u0259\u015fkilin\u0259 d\u0259st\u0259yini&hellip;","_links":{"self":[{"href":"https:\/\/arantv.az\/index.php?rest_route=\/wp\/v2\/posts\/123592"}],"collection":[{"href":"https:\/\/arantv.az\/index.php?rest_route=\/wp\/v2\/posts"}],"about":[{"href":"https:\/\/arantv.az\/index.php?rest_route=\/wp\/v2\/types\/post"}],"author":[{"embeddable":true,"href":"https:\/\/arantv.az\/index.php?rest_route=\/wp\/v2\/users\/2"}],"replies":[{"embeddable":true,"href":"https:\/\/arantv.az\/index.php?rest_route=%2Fwp%2Fv2%2Fcomments&post=123592"}],"version-history":[{"count":0,"href":"https:\/\/arantv.az\/index.php?rest_route=\/wp\/v2\/posts\/123592\/revisions"}],"wp:featuredmedia":[{"embeddable":true,"href":"https:\/\/arantv.az\/index.php?rest_route=\/wp\/v2\/media\/123593"}],"wp:attachment":[{"href":"https:\/\/arantv.az\/index.php?rest_route=%2Fwp%2Fv2%2Fmedia&parent=123592"}],"wp:term":[{"taxonomy":"category","embeddable":true,"href":"https:\/\/arantv.az\/index.php?rest_route=%2Fwp%2Fv2%2Fcategories&post=123592"},{"taxonomy":"post_tag","embeddable":true,"href":"https:\/\/arantv.az\/index.php?rest_route=%2Fwp%2Fv2%2Ftags&post=123592"}],"curies":[{"name":"wp","href":"https:\/\/api.w.org\/{rel}","templated":true}]}}