{"id":123624,"date":"2020-01-28T10:06:57","date_gmt":"2020-01-28T07:06:57","guid":{"rendered":"http:\/\/arantv.az\/?p=123624"},"modified":"2020-01-28T10:06:57","modified_gmt":"2020-01-28T07:06:57","slug":"bakiya-isl%c9%99m%c9%99y%c9%99-g%c9%99l%c9%99n-g%c9%99nc-faci%c9%99vi-s%c9%99kild%c9%99-oldu","status":"publish","type":"post","link":"https:\/\/arantv.az\/?p=123624","title":{"rendered":"Bak\u0131ya i\u015fl\u0259m\u0259y\u0259 g\u0259l\u0259n g\u0259nc faci\u0259vi \u015f\u0259kild\u0259 \u00f6ld\u00fc"},"content":{"rendered":"<p>Bak\u0131da 19 ya\u015fl\u0131 o\u011flan d\u0259m qaz\u0131ndan bo\u011fulub.<\/p>\n<p><b>ARANTV.AZ<\/b>-\u0131n bakupost-a istinad\u0259n m\u0259lumat\u0131na g\u00f6r\u0259, hadis\u0259 paytaxt\u0131n N\u0259rimanov rayonu, B\u00f6y\u00fck \u015eor Da\u015f Karxanas\u0131 42\/1 \u00fcnvan\u0131nda qeyd\u0259 al\u0131n\u0131b. H\u0259min \u00fcnvanda kiray\u0259 qalan, Bil\u0259suvar rayon sakini, 2001-ci il t\u0259v\u0259ll\u00fcdl\u00fc Faiq Quliyev m\u0259nzilin hamam ota\u011f\u0131nda d\u0259m qaz\u0131ndan bo\u011fularaq \u00f6l\u00fcb.<\/p>\n<p>Faktla ba\u011fl\u0131 N\u0259rimanov rayon Prokurorlu\u011funda Cinay\u0259t M\u0259c\u0259ll\u0259sinin 314.2-ci (s\u0259hl\u0259nkarl\u0131q, z\u0259r\u0259r\u00e7\u0259kmi\u015fin \u00f6l\u00fcm\u00fcn\u0259 s\u0259b\u0259b olduqda) madd\u0259si il\u0259 cinay\u0259t i\u015fi ba\u015flan\u0131b.<\/p>\n","protected":false},"excerpt":{"rendered":"<p>Bak\u0131da 19 ya\u015fl\u0131 o\u011flan d\u0259m qaz\u0131ndan bo\u011fulub. ARANTV.AZ-\u0131n bakupost-a istinad\u0259n m\u0259lumat\u0131na g\u00f6r\u0259, hadis\u0259 paytaxt\u0131n N\u0259rimanov rayonu, B\u00f6y\u00fck \u015eor Da\u015f Karxanas\u0131 42\/1 \u00fcnvan\u0131nda qeyd\u0259 al\u0131n\u0131b. H\u0259min \u00fcnvanda kiray\u0259 qalan, Bil\u0259suvar rayon sakini, 2001-ci il t\u0259v\u0259ll\u00fcdl\u00fc Faiq Quliyev m\u0259nzilin hamam ota\u011f\u0131nda d\u0259m qaz\u0131ndan bo\u011fularaq \u00f6l\u00fcb. Faktla ba\u011fl\u0131 N\u0259rimanov rayon Prokurorlu\u011funda Cinay\u0259t M\u0259c\u0259ll\u0259sinin 314.2-ci (s\u0259hl\u0259nkarl\u0131q, z\u0259r\u0259r\u00e7\u0259kmi\u015fin \u00f6l\u00fcm\u00fcn\u0259 s\u0259b\u0259b olduqda) madd\u0259si il\u0259 cinay\u0259t i\u015fi ba\u015flan\u0131b.<\/p>\n","protected":false},"author":2,"featured_media":123625,"comment_status":"closed","ping_status":"closed","sticky":false,"template":"","format":"standard","meta":{"om_disable_all_campaigns":false,"_monsterinsights_skip_tracking":false,"_monsterinsights_sitenote_active":false,"_monsterinsights_sitenote_note":"","_monsterinsights_sitenote_category":0},"categories":[5],"tags":[],"aioseo_notices":[],"gutentor_comment":0,"rttpg_featured_image_url":{"full":["https:\/\/arantv.az\/wp-content\/uploads\/2020\/01\/15801943570.jpg",549,332,false],"landscape":["https:\/\/arantv.az\/wp-content\/uploads\/2020\/01\/15801943570.jpg",549,332,false],"portraits":["https:\/\/arantv.az\/wp-content\/uploads\/2020\/01\/15801943570.jpg",549,332,false],"thumbnail":["https:\/\/arantv.az\/wp-content\/uploads\/2020\/01\/15801943570-150x150.jpg",150,150,true],"medium":["https:\/\/arantv.az\/wp-content\/uploads\/2020\/01\/15801943570-300x181.jpg",300,181,true],"large":["https:\/\/arantv.az\/wp-content\/uploads\/2020\/01\/15801943570.jpg",549,332,false],"1536x1536":["https:\/\/arantv.az\/wp-content\/uploads\/2020\/01\/15801943570.jpg",549,332,false],"2048x2048":["https:\/\/arantv.az\/wp-content\/uploads\/2020\/01\/15801943570.jpg",549,332,false],"post-thumbnail":["https:\/\/arantv.az\/wp-content\/uploads\/2020\/01\/15801943570-240x172.jpg",240,172,true],"advps-thumb-one":["https:\/\/arantv.az\/wp-content\/uploads\/2020\/01\/15801943570.jpg",549,332,false]},"rttpg_author":{"display_name":"V\u00fcsal Rafiqo\u011flu","author_link":"https:\/\/arantv.az\/?author=2"},"rttpg_comment":0,"rttpg_category":"<a href=\"https:\/\/arantv.az\/?cat=5\" rel=\"category\">Hadis\u0259<\/a>","rttpg_excerpt":"Bak\u0131da 19 ya\u015fl\u0131 o\u011flan d\u0259m qaz\u0131ndan bo\u011fulub. ARANTV.AZ-\u0131n bakupost-a istinad\u0259n m\u0259lumat\u0131na g\u00f6r\u0259, hadis\u0259 paytaxt\u0131n N\u0259rimanov rayonu, B\u00f6y\u00fck \u015eor Da\u015f Karxanas\u0131 42\/1 \u00fcnvan\u0131nda qeyd\u0259 al\u0131n\u0131b. H\u0259min \u00fcnvanda kiray\u0259 qalan, Bil\u0259suvar rayon sakini, 2001-ci il t\u0259v\u0259ll\u00fcdl\u00fc Faiq Quliyev m\u0259nzilin hamam ota\u011f\u0131nda d\u0259m qaz\u0131ndan bo\u011fularaq \u00f6l\u00fcb. Faktla ba\u011fl\u0131 N\u0259rimanov rayon Prokurorlu\u011funda Cinay\u0259t M\u0259c\u0259ll\u0259sinin 314.2-ci (s\u0259hl\u0259nkarl\u0131q, z\u0259r\u0259r\u00e7\u0259kmi\u015fin \u00f6l\u00fcm\u00fcn\u0259 s\u0259b\u0259b&hellip;","_links":{"self":[{"href":"https:\/\/arantv.az\/index.php?rest_route=\/wp\/v2\/posts\/123624"}],"collection":[{"href":"https:\/\/arantv.az\/index.php?rest_route=\/wp\/v2\/posts"}],"about":[{"href":"https:\/\/arantv.az\/index.php?rest_route=\/wp\/v2\/types\/post"}],"author":[{"embeddable":true,"href":"https:\/\/arantv.az\/index.php?rest_route=\/wp\/v2\/users\/2"}],"replies":[{"embeddable":true,"href":"https:\/\/arantv.az\/index.php?rest_route=%2Fwp%2Fv2%2Fcomments&post=123624"}],"version-history":[{"count":0,"href":"https:\/\/arantv.az\/index.php?rest_route=\/wp\/v2\/posts\/123624\/revisions"}],"wp:featuredmedia":[{"embeddable":true,"href":"https:\/\/arantv.az\/index.php?rest_route=\/wp\/v2\/media\/123625"}],"wp:attachment":[{"href":"https:\/\/arantv.az\/index.php?rest_route=%2Fwp%2Fv2%2Fmedia&parent=123624"}],"wp:term":[{"taxonomy":"category","embeddable":true,"href":"https:\/\/arantv.az\/index.php?rest_route=%2Fwp%2Fv2%2Fcategories&post=123624"},{"taxonomy":"post_tag","embeddable":true,"href":"https:\/\/arantv.az\/index.php?rest_route=%2Fwp%2Fv2%2Ftags&post=123624"}],"curies":[{"name":"wp","href":"https:\/\/api.w.org\/{rel}","templated":true}]}}