{"id":123636,"date":"2020-01-28T10:20:07","date_gmt":"2020-01-28T07:20:07","guid":{"rendered":"http:\/\/arantv.az\/?p=123636"},"modified":"2020-01-28T10:20:07","modified_gmt":"2020-01-28T07:20:07","slug":"polsadan-rusiyanin-t%c9%99zminat-od%c9%99m%c9%99si-t%c9%99l%c9%99bin%c9%99-cavab","status":"publish","type":"post","link":"https:\/\/arantv.az\/?p=123636","title":{"rendered":"Pol\u015fadan Rusiyan\u0131n t\u0259zminat \u00f6d\u0259m\u0259si t\u0259l\u0259bin\u0259 CAVAB"},"content":{"rendered":"<p>Rusiyan\u0131n Almaniyadak\u0131 s\u0259firliyi\u00a0hakim Pol\u015fa M\u00fchafiz\u0259kar \u201cH\u00fcquq v\u0259 \u018fdal\u0259t\u201d Partiyas\u0131\u00a0s\u0259drinin \u0130kinci D\u00fcnya M\u00fcharib\u0259si zaman\u0131 vurdu\u011fu z\u0259r\u0259rin \u00f6d\u0259nilm\u0259si t\u0259l\u0259bin\u0259 cavab verib.<\/p>\n<p>Lenta.ru-nun x\u0259b\u0259rin\u0259 g\u00f6r\u0259, bu bar\u0259d\u0259 diplomatik n\u00fcmay\u0259nd\u0259liyin \u201cFacebook\u201d s\u0259hif\u0259sind\u0259 yaz\u0131l\u0131b.<\/p>\n<p>\u201cXat\u0131rlatmaq ist\u0259rdim ki, Pol\u015fan\u0131n nasizmd\u0259n azad edilm\u0259si \u00fc\u00e7\u00fcn \u00f6lk\u0259miz Q\u0131rm\u0131z\u0131 Ordunun 600 min \u0259sg\u0259rini qurban verib. Onlar\u0131n say\u0259sind\u0259 Pol\u015fa bu g\u00fcn bir d\u00f6vl\u0259t olaraq m\u00f6vcuddur. Osvensim \u0259sirl\u0259rinin Q\u0131rm\u0131z\u0131 Ordu t\u0259r\u0259find\u0259n azad edilm\u0259sinin 75-ci ild\u00f6n\u00fcm\u00fcn\u00fc d\u00fcnya Holokost faci\u0259si v\u0259 bir sovet \u0259sg\u0259rinin q\u0259hr\u0259manl\u0131\u011f\u0131\u00a0kimi xat\u0131rlay\u0131r, amma Pol\u015fa r\u0259hb\u0259rliyinin \u00f6z hekay\u0259si var\u201d, &#8211; dey\u0259 s\u0259firliyin n\u00fcmay\u0259nd\u0259l\u0259ri yaz\u0131b.<\/p>\n<div id=\"AdviadNativeVideo0\" class=\"AdviadNativeVideo\"><\/div>\n<p>Qeyd ed\u0259k ki, yanvar\u0131n 25-d\u0259 Pol\u015fadak\u0131 hakim \u201cH\u00fcquq v\u0259 \u018fdal\u0259t\u201d partiyas\u0131n\u0131n lideri Yaroslav Ka\u00e7inski Var\u015favan\u0131n \u0130kinci D\u00fcnya M\u00fcharib\u0259si zaman\u0131 vurdu\u011fu ziyana g\u00f6r\u0259\u00a0t\u0259kc\u0259 Almaniyadan deyil, Rusiyadan da kompensasiya almaq ist\u0259dikl\u0259rini deyib.<\/p>\n<p>Federasiya \u015euras\u0131 pol\u015fal\u0131 siyas\u0259t\u00e7inin a\u00e7\u0131qlamas\u0131na cavab verib.<\/p>\n<p>\u201cPol\u015fa siyas\u0259t\u00e7il\u0259ri \u00f6zl\u0259rini ciddi aparm\u0131r, \u00f6lk\u0259l\u0259rini biab\u0131r edirl\u0259r\u201d, &#8211; senator Sergey \u00c7ekov bildirib.<\/p>\n<p>O xat\u0131rlad\u0131b ki, m\u00fcharib\u0259nin m\u0259hv etdiyi Pol\u015fan\u0131 y\u00fcz minl\u0259rl\u0259 sovet \u0259sg\u0259ri qurban ver\u0259n Rusiya b\u0259rpa ed\u0259r\u0259k fa\u015fizmd\u0259n azad edib.<\/p>\n","protected":false},"excerpt":{"rendered":"<p>Rusiyan\u0131n Almaniyadak\u0131 s\u0259firliyi\u00a0hakim Pol\u015fa M\u00fchafiz\u0259kar \u201cH\u00fcquq v\u0259 \u018fdal\u0259t\u201d Partiyas\u0131\u00a0s\u0259drinin \u0130kinci D\u00fcnya M\u00fcharib\u0259si zaman\u0131 vurdu\u011fu z\u0259r\u0259rin \u00f6d\u0259nilm\u0259si t\u0259l\u0259bin\u0259 cavab verib. Lenta.ru-nun x\u0259b\u0259rin\u0259 g\u00f6r\u0259, bu bar\u0259d\u0259 diplomatik n\u00fcmay\u0259nd\u0259liyin \u201cFacebook\u201d s\u0259hif\u0259sind\u0259 yaz\u0131l\u0131b. \u201cXat\u0131rlatmaq ist\u0259rdim ki, Pol\u015fan\u0131n nasizmd\u0259n azad edilm\u0259si \u00fc\u00e7\u00fcn \u00f6lk\u0259miz Q\u0131rm\u0131z\u0131 Ordunun 600 min \u0259sg\u0259rini qurban verib. Onlar\u0131n say\u0259sind\u0259 Pol\u015fa bu g\u00fcn bir d\u00f6vl\u0259t olaraq m\u00f6vcuddur. Osvensim \u0259sirl\u0259rinin Q\u0131rm\u0131z\u0131 Ordu t\u0259r\u0259find\u0259n azad edilm\u0259sinin 75-ci ild\u00f6n\u00fcm\u00fcn\u00fc d\u00fcnya Holokost faci\u0259si v\u0259 bir sovet \u0259sg\u0259rinin q\u0259hr\u0259manl\u0131\u011f\u0131\u00a0kimi xat\u0131rlay\u0131r, amma Pol\u015fa r\u0259hb\u0259rliyinin \u00f6z hekay\u0259si var\u201d, &#8211; dey\u0259 s\u0259firliyin n\u00fcmay\u0259nd\u0259l\u0259ri yaz\u0131b. Qeyd ed\u0259k ki, yanvar\u0131n 25-d\u0259 Pol\u015fadak\u0131 hakim&hellip;<\/p>\n","protected":false},"author":2,"featured_media":123637,"comment_status":"closed","ping_status":"closed","sticky":false,"template":"","format":"standard","meta":{"om_disable_all_campaigns":false,"_monsterinsights_skip_tracking":false,"_monsterinsights_sitenote_active":false,"_monsterinsights_sitenote_note":"","_monsterinsights_sitenote_category":0},"categories":[7],"tags":[],"aioseo_notices":[],"gutentor_comment":0,"rttpg_featured_image_url":{"full":["https:\/\/arantv.az\/wp-content\/uploads\/2020\/01\/104735.jpg",620,417,false],"landscape":["https:\/\/arantv.az\/wp-content\/uploads\/2020\/01\/104735.jpg",620,417,false],"portraits":["https:\/\/arantv.az\/wp-content\/uploads\/2020\/01\/104735.jpg",620,417,false],"thumbnail":["https:\/\/arantv.az\/wp-content\/uploads\/2020\/01\/104735-150x150.jpg",150,150,true],"medium":["https:\/\/arantv.az\/wp-content\/uploads\/2020\/01\/104735-300x202.jpg",300,202,true],"large":["https:\/\/arantv.az\/wp-content\/uploads\/2020\/01\/104735.jpg",620,417,false],"1536x1536":["https:\/\/arantv.az\/wp-content\/uploads\/2020\/01\/104735.jpg",620,417,false],"2048x2048":["https:\/\/arantv.az\/wp-content\/uploads\/2020\/01\/104735.jpg",620,417,false],"post-thumbnail":["https:\/\/arantv.az\/wp-content\/uploads\/2020\/01\/104735-240x172.jpg",240,172,true],"advps-thumb-one":["https:\/\/arantv.az\/wp-content\/uploads\/2020\/01\/104735.jpg",620,417,false]},"rttpg_author":{"display_name":"V\u00fcsal Rafiqo\u011flu","author_link":"https:\/\/arantv.az\/?author=2"},"rttpg_comment":0,"rttpg_category":"<a href=\"https:\/\/arantv.az\/?cat=7\" rel=\"category\">D\u00fcnya<\/a>","rttpg_excerpt":"Rusiyan\u0131n Almaniyadak\u0131 s\u0259firliyi\u00a0hakim Pol\u015fa M\u00fchafiz\u0259kar \u201cH\u00fcquq v\u0259 \u018fdal\u0259t\u201d Partiyas\u0131\u00a0s\u0259drinin \u0130kinci D\u00fcnya M\u00fcharib\u0259si zaman\u0131 vurdu\u011fu z\u0259r\u0259rin \u00f6d\u0259nilm\u0259si t\u0259l\u0259bin\u0259 cavab verib. Lenta.ru-nun x\u0259b\u0259rin\u0259 g\u00f6r\u0259, bu bar\u0259d\u0259 diplomatik n\u00fcmay\u0259nd\u0259liyin \u201cFacebook\u201d s\u0259hif\u0259sind\u0259 yaz\u0131l\u0131b. \u201cXat\u0131rlatmaq ist\u0259rdim ki, Pol\u015fan\u0131n nasizmd\u0259n azad edilm\u0259si \u00fc\u00e7\u00fcn \u00f6lk\u0259miz Q\u0131rm\u0131z\u0131 Ordunun 600 min \u0259sg\u0259rini qurban verib. Onlar\u0131n say\u0259sind\u0259 Pol\u015fa bu g\u00fcn bir d\u00f6vl\u0259t olaraq m\u00f6vcuddur. Osvensim&hellip;","_links":{"self":[{"href":"https:\/\/arantv.az\/index.php?rest_route=\/wp\/v2\/posts\/123636"}],"collection":[{"href":"https:\/\/arantv.az\/index.php?rest_route=\/wp\/v2\/posts"}],"about":[{"href":"https:\/\/arantv.az\/index.php?rest_route=\/wp\/v2\/types\/post"}],"author":[{"embeddable":true,"href":"https:\/\/arantv.az\/index.php?rest_route=\/wp\/v2\/users\/2"}],"replies":[{"embeddable":true,"href":"https:\/\/arantv.az\/index.php?rest_route=%2Fwp%2Fv2%2Fcomments&post=123636"}],"version-history":[{"count":0,"href":"https:\/\/arantv.az\/index.php?rest_route=\/wp\/v2\/posts\/123636\/revisions"}],"wp:featuredmedia":[{"embeddable":true,"href":"https:\/\/arantv.az\/index.php?rest_route=\/wp\/v2\/media\/123637"}],"wp:attachment":[{"href":"https:\/\/arantv.az\/index.php?rest_route=%2Fwp%2Fv2%2Fmedia&parent=123636"}],"wp:term":[{"taxonomy":"category","embeddable":true,"href":"https:\/\/arantv.az\/index.php?rest_route=%2Fwp%2Fv2%2Fcategories&post=123636"},{"taxonomy":"post_tag","embeddable":true,"href":"https:\/\/arantv.az\/index.php?rest_route=%2Fwp%2Fv2%2Ftags&post=123636"}],"curies":[{"name":"wp","href":"https:\/\/api.w.org\/{rel}","templated":true}]}}