{"id":123644,"date":"2020-01-28T10:23:02","date_gmt":"2020-01-28T07:23:02","guid":{"rendered":"http:\/\/arantv.az\/?p=123644"},"modified":"2020-01-28T10:23:02","modified_gmt":"2020-01-28T07:23:02","slug":"sirin-nexamiya-mixaeli-umid-edirik-ki-parlament-seckil%c9%99rind%c9%99n-sonra-az%c9%99rbaycan-daha-da-gucl%c9%99n%c9%99c%c9%99k","status":"publish","type":"post","link":"https:\/\/arantv.az\/?p=123644","title":{"rendered":"\u015eirin Nexamiya Mixaeli: &#8220;\u00dcmid edirik ki, parlament se\u00e7kil\u0259rind\u0259n sonra Az\u0259rbaycan daha da g\u00fccl\u0259n\u0259c\u0259k&#8221;"},"content":{"rendered":"<blockquote><p><em><strong>\u018fsl\u0259n Az\u0259rbaycandan olan y\u0259hudil\u0259r kimi bizim \u00fc\u00e7\u00fcn bu \u00f6lk\u0259d\u0259 ba\u015f ver\u0259n prosesl\u0259r m\u00fch\u00fcm \u0259h\u0259miyy\u0259t k\u0259sb edir.<\/strong><\/em><\/p><\/blockquote>\n<p><strong>ARANTV.AZ<\/strong>\u00a0\u00a0<a href=\"https:\/\/az.trend.az\/\" target=\"_blank\" rel=\"noopener\">Trend<\/a>-\u0259 stinad\u0259n x\u0259b\u0259r verir ki, bunu secki-2020.az sayt\u0131na a\u00e7\u0131qlamas\u0131nda &#8220;\u018fsl\u0259n Az\u0259rbaycandan olan Da\u011f Y\u0259hudil\u0259rinin \u018flaq\u0259l\u0259ndirm\u0259 M\u0259rk\u0259zi&#8221; v\u0259 &#8220;\u0130sraild\u0259 Az\u0259rbaycan evi&#8221;nin r\u0259hb\u0259ri \u015eirin Nexamiya Mixaeli deyib.<\/p>\n<p>O bildirib ki, Az\u0259rbaycan daim g\u00fccl\u0259n\u0259n v\u0259 inki\u015faf ed\u0259n \u00f6lk\u0259dir: &#8220;Biz \u00fcmid edirik ki, parlament se\u00e7kil\u0259rind\u0259n sonra Az\u0259rbaycan daha da g\u00fccl\u0259n\u0259c\u0259k. Az\u0259rbaycan\u0131n m\u00f6vqel\u0259rinin daha da m\u00f6hk\u0259ml\u0259ndirilm\u0259si, h\u0259r zaman oldu\u011fu kimi, b\u00fct\u00fcn t\u0259r\u0259fda\u015f v\u0259 dost d\u00f6vl\u0259tl\u0259rl\u0259, o c\u00fcml\u0259d\u0259n \u0130sraill\u0259 qar\u015f\u0131l\u0131ql\u0131 faydal\u0131 \u0259m\u0259kda\u015fl\u0131\u011f\u0131n davam etdirilm\u0259si \u00e7ox \u00f6n\u0259mlidir&#8221;.<\/p>\n<p>\u015eirin Nexamiya Mixaeli yeni formala\u015facaq parlamentin Az\u0259rbaycan\u0131n inki\u015faf\u0131n\u0131n daha da s\u00fcr\u0259tl\u0259nm\u0259sin\u0259 t\u00f6hf\u0259 ver\u0259c\u0259yin\u0259 \u0259minliyini ifad\u0259 edib.<\/p>\n","protected":false},"excerpt":{"rendered":"<p>\u018fsl\u0259n Az\u0259rbaycandan olan y\u0259hudil\u0259r kimi bizim \u00fc\u00e7\u00fcn bu \u00f6lk\u0259d\u0259 ba\u015f ver\u0259n prosesl\u0259r m\u00fch\u00fcm \u0259h\u0259miyy\u0259t k\u0259sb edir. ARANTV.AZ\u00a0\u00a0Trend-\u0259 stinad\u0259n x\u0259b\u0259r verir ki, bunu secki-2020.az sayt\u0131na a\u00e7\u0131qlamas\u0131nda &#8220;\u018fsl\u0259n Az\u0259rbaycandan olan Da\u011f Y\u0259hudil\u0259rinin \u018flaq\u0259l\u0259ndirm\u0259 M\u0259rk\u0259zi&#8221; v\u0259 &#8220;\u0130sraild\u0259 Az\u0259rbaycan evi&#8221;nin r\u0259hb\u0259ri \u015eirin Nexamiya Mixaeli deyib. O bildirib ki, Az\u0259rbaycan daim g\u00fccl\u0259n\u0259n v\u0259 inki\u015faf ed\u0259n \u00f6lk\u0259dir: &#8220;Biz \u00fcmid edirik ki, parlament se\u00e7kil\u0259rind\u0259n sonra Az\u0259rbaycan daha da g\u00fccl\u0259n\u0259c\u0259k. Az\u0259rbaycan\u0131n m\u00f6vqel\u0259rinin daha da m\u00f6hk\u0259ml\u0259ndirilm\u0259si, h\u0259r zaman oldu\u011fu kimi, b\u00fct\u00fcn t\u0259r\u0259fda\u015f v\u0259 dost d\u00f6vl\u0259tl\u0259rl\u0259, o c\u00fcml\u0259d\u0259n \u0130sraill\u0259 qar\u015f\u0131l\u0131ql\u0131 faydal\u0131 \u0259m\u0259kda\u015fl\u0131\u011f\u0131n davam etdirilm\u0259si \u00e7ox \u00f6n\u0259mlidir&#8221;. \u015eirin Nexamiya Mixaeli yeni&hellip;<\/p>\n","protected":false},"author":2,"featured_media":123645,"comment_status":"closed","ping_status":"closed","sticky":false,"template":"","format":"standard","meta":{"om_disable_all_campaigns":false,"_monsterinsights_skip_tracking":false,"_monsterinsights_sitenote_active":false,"_monsterinsights_sitenote_note":"","_monsterinsights_sitenote_category":0},"categories":[4],"tags":[],"aioseo_notices":[],"gutentor_comment":0,"rttpg_featured_image_url":{"full":["https:\/\/arantv.az\/wp-content\/uploads\/2020\/01\/821322.jpg",800,600,false],"landscape":["https:\/\/arantv.az\/wp-content\/uploads\/2020\/01\/821322.jpg",800,600,false],"portraits":["https:\/\/arantv.az\/wp-content\/uploads\/2020\/01\/821322.jpg",800,600,false],"thumbnail":["https:\/\/arantv.az\/wp-content\/uploads\/2020\/01\/821322-150x150.jpg",150,150,true],"medium":["https:\/\/arantv.az\/wp-content\/uploads\/2020\/01\/821322-300x225.jpg",300,225,true],"large":["https:\/\/arantv.az\/wp-content\/uploads\/2020\/01\/821322.jpg",640,480,false],"1536x1536":["https:\/\/arantv.az\/wp-content\/uploads\/2020\/01\/821322.jpg",800,600,false],"2048x2048":["https:\/\/arantv.az\/wp-content\/uploads\/2020\/01\/821322.jpg",800,600,false],"post-thumbnail":["https:\/\/arantv.az\/wp-content\/uploads\/2020\/01\/821322-240x172.jpg",240,172,true],"advps-thumb-one":["https:\/\/arantv.az\/wp-content\/uploads\/2020\/01\/821322.jpg",800,600,false]},"rttpg_author":{"display_name":"V\u00fcsal Rafiqo\u011flu","author_link":"https:\/\/arantv.az\/?author=2"},"rttpg_comment":0,"rttpg_category":"<a href=\"https:\/\/arantv.az\/?cat=4\" rel=\"category\">Siyas\u0259t<\/a>","rttpg_excerpt":"\u018fsl\u0259n Az\u0259rbaycandan olan y\u0259hudil\u0259r kimi bizim \u00fc\u00e7\u00fcn bu \u00f6lk\u0259d\u0259 ba\u015f ver\u0259n prosesl\u0259r m\u00fch\u00fcm \u0259h\u0259miyy\u0259t k\u0259sb edir. ARANTV.AZ\u00a0\u00a0Trend-\u0259 stinad\u0259n x\u0259b\u0259r verir ki, bunu secki-2020.az sayt\u0131na a\u00e7\u0131qlamas\u0131nda &#8220;\u018fsl\u0259n Az\u0259rbaycandan olan Da\u011f Y\u0259hudil\u0259rinin \u018flaq\u0259l\u0259ndirm\u0259 M\u0259rk\u0259zi&#8221; v\u0259 &#8220;\u0130sraild\u0259 Az\u0259rbaycan evi&#8221;nin r\u0259hb\u0259ri \u015eirin Nexamiya Mixaeli deyib. O bildirib ki, Az\u0259rbaycan daim g\u00fccl\u0259n\u0259n v\u0259 inki\u015faf ed\u0259n \u00f6lk\u0259dir: &#8220;Biz \u00fcmid edirik ki,&hellip;","_links":{"self":[{"href":"https:\/\/arantv.az\/index.php?rest_route=\/wp\/v2\/posts\/123644"}],"collection":[{"href":"https:\/\/arantv.az\/index.php?rest_route=\/wp\/v2\/posts"}],"about":[{"href":"https:\/\/arantv.az\/index.php?rest_route=\/wp\/v2\/types\/post"}],"author":[{"embeddable":true,"href":"https:\/\/arantv.az\/index.php?rest_route=\/wp\/v2\/users\/2"}],"replies":[{"embeddable":true,"href":"https:\/\/arantv.az\/index.php?rest_route=%2Fwp%2Fv2%2Fcomments&post=123644"}],"version-history":[{"count":0,"href":"https:\/\/arantv.az\/index.php?rest_route=\/wp\/v2\/posts\/123644\/revisions"}],"wp:featuredmedia":[{"embeddable":true,"href":"https:\/\/arantv.az\/index.php?rest_route=\/wp\/v2\/media\/123645"}],"wp:attachment":[{"href":"https:\/\/arantv.az\/index.php?rest_route=%2Fwp%2Fv2%2Fmedia&parent=123644"}],"wp:term":[{"taxonomy":"category","embeddable":true,"href":"https:\/\/arantv.az\/index.php?rest_route=%2Fwp%2Fv2%2Fcategories&post=123644"},{"taxonomy":"post_tag","embeddable":true,"href":"https:\/\/arantv.az\/index.php?rest_route=%2Fwp%2Fv2%2Ftags&post=123644"}],"curies":[{"name":"wp","href":"https:\/\/api.w.org\/{rel}","templated":true}]}}