{"id":123660,"date":"2020-01-28T10:40:03","date_gmt":"2020-01-28T07:40:03","guid":{"rendered":"http:\/\/arantv.az\/?p=123660"},"modified":"2020-01-28T10:40:03","modified_gmt":"2020-01-28T07:40:03","slug":"uefa-r%c9%99smisi-bakida-ozumuzu-evimizd%c9%99ki-kimi-hiss-etdik","status":"publish","type":"post","link":"https:\/\/arantv.az\/?p=123660","title":{"rendered":"UEFA r\u0259smisi: Bak\u0131da \u00f6z\u00fcm\u00fcz\u00fc evimizd\u0259ki kimi hiss etdik"},"content":{"rendered":"<p>Avropa Liqas\u0131n\u0131n Bak\u0131dak\u0131 final\u0131nda \u00f6z\u00fcm\u00fcz\u00fc evimizd\u0259ki kimi hiss etdik. Y\u00fcks\u0259k s\u0259viyy\u0259li t\u0259\u015fkilat\u00e7\u0131l\u0131q g\u00f6rd\u00fck.<\/p>\n<p><b>ARANTV.AZ\u00a0<\/b> x\u0259b\u0259r verir ki, bu s\u00f6zl\u0259ri UEFA-n\u0131n UEFA-n\u0131n Milli Assosiasiyalar \u00fczr\u0259 Departamentinin r\u0259hb\u0259ri Tyerri Favr deyib.<\/p>\n<p>AFFA-n\u0131n bu g\u00fcn ke\u00e7iril\u0259n konfrans\u0131nda i\u015ftirak ed\u0259n UEFA n\u00fcmay\u0259nd\u0259si t\u0259msil etdiyi qurumun AFFA-n\u0131 tam d\u0259st\u0259kl\u0259diyini bildirib:<\/p>\n<div id=\"AdviadNativeVideo0\" class=\"AdviadNativeVideo\"><\/div>\n<p>\u201c2019-cu ilin Az\u0259rbaycan futbolu \u00fc\u00e7\u00fcn daha bir b\u00f6y\u00fck u\u011furu ba\u015f katib Elxan M\u0259mm\u0259dovun UEFA Fair Play komit\u0259sinin s\u0259dri se\u00e7ilm\u0259si oldu. Elxan M\u0259mm\u0259dov Avropa futbolu \u00fc\u00e7\u00fcn m\u00f6ht\u0259\u015f\u0259m resursdur.<\/p>\n<p>T\u0259\u0259ss\u00fcf ki, Az\u0259rbaycan millisi Avropa \u00e7empionat\u0131na v\u0259siq\u0259 qazana bilm\u0259di. Mill\u0259tl\u0259r Liqas\u0131nda Az\u0259rbaycan y\u0131\u011fmas\u0131na u\u011furlar arzu edir\u0259m. D\u00fc\u015f\u00fcn\u00fcr\u0259m ki, sizinl\u0259 \u0259m\u0259kda\u015fl\u0131q m\u0259hsuldar olub\u201d.<\/p>\n<p>UEFA n\u00fcmay\u0259nd\u0259si \u00e7\u0131x\u0131\u015f\u0131nda futbolun d\u00fcnyada \u00fczl\u0259\u015fdiyi probleml\u0259r haqq\u0131nda da dan\u0131\u015f\u0131b.Oxu.Az<\/p>\n","protected":false},"excerpt":{"rendered":"<p>Avropa Liqas\u0131n\u0131n Bak\u0131dak\u0131 final\u0131nda \u00f6z\u00fcm\u00fcz\u00fc evimizd\u0259ki kimi hiss etdik. Y\u00fcks\u0259k s\u0259viyy\u0259li t\u0259\u015fkilat\u00e7\u0131l\u0131q g\u00f6rd\u00fck. ARANTV.AZ\u00a0 x\u0259b\u0259r verir ki, bu s\u00f6zl\u0259ri UEFA-n\u0131n UEFA-n\u0131n Milli Assosiasiyalar \u00fczr\u0259 Departamentinin r\u0259hb\u0259ri Tyerri Favr deyib. AFFA-n\u0131n bu g\u00fcn ke\u00e7iril\u0259n konfrans\u0131nda i\u015ftirak ed\u0259n UEFA n\u00fcmay\u0259nd\u0259si t\u0259msil etdiyi qurumun AFFA-n\u0131 tam d\u0259st\u0259kl\u0259diyini bildirib: \u201c2019-cu ilin Az\u0259rbaycan futbolu \u00fc\u00e7\u00fcn daha bir b\u00f6y\u00fck u\u011furu ba\u015f katib Elxan M\u0259mm\u0259dovun UEFA Fair Play komit\u0259sinin s\u0259dri se\u00e7ilm\u0259si oldu. Elxan M\u0259mm\u0259dov Avropa futbolu \u00fc\u00e7\u00fcn m\u00f6ht\u0259\u015f\u0259m resursdur. T\u0259\u0259ss\u00fcf ki, Az\u0259rbaycan millisi Avropa \u00e7empionat\u0131na v\u0259siq\u0259 qazana bilm\u0259di. Mill\u0259tl\u0259r Liqas\u0131nda Az\u0259rbaycan y\u0131\u011fmas\u0131na u\u011furlar arzu edir\u0259m. D\u00fc\u015f\u00fcn\u00fcr\u0259m ki,&hellip;<\/p>\n","protected":false},"author":2,"featured_media":123661,"comment_status":"closed","ping_status":"closed","sticky":false,"template":"","format":"standard","meta":{"om_disable_all_campaigns":false,"_monsterinsights_skip_tracking":false,"_monsterinsights_sitenote_active":false,"_monsterinsights_sitenote_note":"","_monsterinsights_sitenote_category":0},"categories":[6],"tags":[],"aioseo_notices":[],"gutentor_comment":0,"rttpg_featured_image_url":{"full":["https:\/\/arantv.az\/wp-content\/uploads\/2020\/01\/terri.jpg",567,465,false],"landscape":["https:\/\/arantv.az\/wp-content\/uploads\/2020\/01\/terri.jpg",567,465,false],"portraits":["https:\/\/arantv.az\/wp-content\/uploads\/2020\/01\/terri.jpg",567,465,false],"thumbnail":["https:\/\/arantv.az\/wp-content\/uploads\/2020\/01\/terri-150x150.jpg",150,150,true],"medium":["https:\/\/arantv.az\/wp-content\/uploads\/2020\/01\/terri-300x246.jpg",300,246,true],"large":["https:\/\/arantv.az\/wp-content\/uploads\/2020\/01\/terri.jpg",567,465,false],"1536x1536":["https:\/\/arantv.az\/wp-content\/uploads\/2020\/01\/terri.jpg",567,465,false],"2048x2048":["https:\/\/arantv.az\/wp-content\/uploads\/2020\/01\/terri.jpg",567,465,false],"post-thumbnail":["https:\/\/arantv.az\/wp-content\/uploads\/2020\/01\/terri-240x172.jpg",240,172,true],"advps-thumb-one":["https:\/\/arantv.az\/wp-content\/uploads\/2020\/01\/terri.jpg",567,465,false]},"rttpg_author":{"display_name":"V\u00fcsal Rafiqo\u011flu","author_link":"https:\/\/arantv.az\/?author=2"},"rttpg_comment":0,"rttpg_category":"<a href=\"https:\/\/arantv.az\/?cat=6\" rel=\"category\">\u0130dman<\/a>","rttpg_excerpt":"Avropa Liqas\u0131n\u0131n Bak\u0131dak\u0131 final\u0131nda \u00f6z\u00fcm\u00fcz\u00fc evimizd\u0259ki kimi hiss etdik. Y\u00fcks\u0259k s\u0259viyy\u0259li t\u0259\u015fkilat\u00e7\u0131l\u0131q g\u00f6rd\u00fck. ARANTV.AZ\u00a0 x\u0259b\u0259r verir ki, bu s\u00f6zl\u0259ri UEFA-n\u0131n UEFA-n\u0131n Milli Assosiasiyalar \u00fczr\u0259 Departamentinin r\u0259hb\u0259ri Tyerri Favr deyib. AFFA-n\u0131n bu g\u00fcn ke\u00e7iril\u0259n konfrans\u0131nda i\u015ftirak ed\u0259n UEFA n\u00fcmay\u0259nd\u0259si t\u0259msil etdiyi qurumun AFFA-n\u0131 tam d\u0259st\u0259kl\u0259diyini bildirib: \u201c2019-cu ilin Az\u0259rbaycan futbolu \u00fc\u00e7\u00fcn daha bir b\u00f6y\u00fck u\u011furu ba\u015f&hellip;","_links":{"self":[{"href":"https:\/\/arantv.az\/index.php?rest_route=\/wp\/v2\/posts\/123660"}],"collection":[{"href":"https:\/\/arantv.az\/index.php?rest_route=\/wp\/v2\/posts"}],"about":[{"href":"https:\/\/arantv.az\/index.php?rest_route=\/wp\/v2\/types\/post"}],"author":[{"embeddable":true,"href":"https:\/\/arantv.az\/index.php?rest_route=\/wp\/v2\/users\/2"}],"replies":[{"embeddable":true,"href":"https:\/\/arantv.az\/index.php?rest_route=%2Fwp%2Fv2%2Fcomments&post=123660"}],"version-history":[{"count":0,"href":"https:\/\/arantv.az\/index.php?rest_route=\/wp\/v2\/posts\/123660\/revisions"}],"wp:featuredmedia":[{"embeddable":true,"href":"https:\/\/arantv.az\/index.php?rest_route=\/wp\/v2\/media\/123661"}],"wp:attachment":[{"href":"https:\/\/arantv.az\/index.php?rest_route=%2Fwp%2Fv2%2Fmedia&parent=123660"}],"wp:term":[{"taxonomy":"category","embeddable":true,"href":"https:\/\/arantv.az\/index.php?rest_route=%2Fwp%2Fv2%2Fcategories&post=123660"},{"taxonomy":"post_tag","embeddable":true,"href":"https:\/\/arantv.az\/index.php?rest_route=%2Fwp%2Fv2%2Ftags&post=123660"}],"curies":[{"name":"wp","href":"https:\/\/api.w.org\/{rel}","templated":true}]}}