{"id":123680,"date":"2020-01-28T10:59:28","date_gmt":"2020-01-28T07:59:28","guid":{"rendered":"http:\/\/arantv.az\/?p=123680"},"modified":"2020-01-28T10:59:28","modified_gmt":"2020-01-28T07:59:28","slug":"irandaki-t%c9%99l%c9%99fat-az%c9%99rbaycani-h%c9%99r%c9%99k%c9%99t%c9%99-kecirdi","status":"publish","type":"post","link":"https:\/\/arantv.az\/?p=123680","title":{"rendered":"\u0130randak\u0131 t\u0259l\u0259fat Az\u0259rbaycan\u0131 H\u018fR\u018fK\u018fT\u018f KE\u00c7\u0130RD\u0130"},"content":{"rendered":"<p><strong>\u0130ran\u0131n \u015fimal\u0131nda yerl\u0259\u015f\u0259n Mazandaran vilay\u0259tinin Miyankala yar\u0131madas\u0131n\u0131n \u0259traf\u0131nda X\u0259z\u0259r d\u0259nizind\u0259 k\u00f6\u00e7\u0259ri qu\u015flar\u0131n t\u0259l\u0259f olmas\u0131 il\u0259 \u0259laq\u0259dar Az\u0259rbaycanda X\u0259z\u0259ryani \u0259razil\u0259r\u0259 bax\u0131\u015f ke\u00e7irilib.<\/strong><\/p>\n<p>Bunu Ekologiya v\u0259 T\u0259bii S\u0259rv\u0259tl\u0259r Nazirliyinin (ETSN) Bioloji M\u00fcxt\u0259lifliyin Qorunmas\u0131 v\u0259 X\u00fcsusi M\u00fchafiz\u0259 Olunan T\u0259bi\u0259t \u018frazil\u0259rinin \u0130nki\u015faf\u0131 Departamentinin direktoru Hikm\u0259t \u018flizad\u0259 bildirib.<\/p>\n<p>Onun s\u00f6zl\u0259rin\u0259 g\u00f6r\u0259, bax\u0131\u015f zaman\u0131 Az\u0259rbaycanda bel\u0259 hal\u0131n olmad\u0131\u011f\u0131 q\u0259na\u0259tin\u0259 g\u0259linib:<\/p>\n<p>\u201cAmma bununla bel\u0259, monitorinq qrupu yarad\u0131l\u0131b. Tap\u015f\u0131r\u0131l\u0131b ki, \u00e7ox ciddi ara\u015fd\u0131rma apar\u0131ls\u0131n, bel\u0259 faktlar olarsa, qu\u015f c\u0259s\u0259dl\u0259ri g\u00f6t\u00fcr\u00fcls\u00fcn v\u0259 Qida T\u0259hl\u00fck\u0259sizliyi Agentliyin\u0259 baytarl\u0131q n\u0259zar\u0259ti analizinin apar\u0131lmas\u0131 \u00fc\u00e7\u00fcn t\u0259qdim edilsin. Bununla da onlar\u0131n hans\u0131 s\u0259b\u0259bd\u0259n t\u0259l\u0259f oldu\u011fu m\u00fc\u0259yy\u0259n edilsin\u201d.<\/p>\n<p>H.\u018flizad\u0259 qeyd edib ki, q\u0131\u015f aylar\u0131nda qu\u015flar\u0131n, heyvanlar\u0131n t\u0259l\u0259f olmas\u0131 istisna deyil:<\/p>\n<p>&#8220;\u00c7\u00fcnki hava soyuq olur v\u0259 b\u0259d\u0259n temperaturu a\u015fa\u011f\u0131 d\u00fc\u015f\u00fcr v\u0259 yem tapmaq \u00e7\u0259tinl\u0259\u015fir. Amma eyni zamanda da onlar\u0131n k\u00fctl\u0259vi m\u0259hv olmas\u0131 arzuolunan deyil v\u0259 haz\u0131rda da bel\u0259 fakt yoxdur\u201d.<\/p>\n<p>Qeyd ed\u0259k ki, \u0130ran\u0131n \u015fimal\u0131nda yerl\u0259\u015f\u0259n Mazandaran vilay\u0259tinin Miyankala yar\u0131madas\u0131n\u0131n \u0259traf\u0131nda X\u0259z\u0259r d\u0259nizind\u0259 k\u00f6\u00e7\u0259ri qu\u015flar qeyri-adi \u015f\u0259kild\u0259 t\u0259l\u0259f olur. \u00d6t\u0259n 4 g\u00fcn \u0259rzind\u0259 Miyankala yar\u0131madas\u0131 \u0259traf\u0131nda 4,1 min k\u00f6\u00e7\u0259ri qu\u015f toplanaraq basd\u0131r\u0131l\u0131b. Bu g\u00fcn is\u0259 bu say 5,95 min \u0259d\u0259d\u0259 \u00e7at\u0131b. T\u0259l\u0259f olan qu\u015flar \u0259sas\u0259n qa\u015fqaldaq, \u00f6rd\u0259k v\u0259 flaminqodur.<\/p>\n","protected":false},"excerpt":{"rendered":"<p>\u0130ran\u0131n \u015fimal\u0131nda yerl\u0259\u015f\u0259n Mazandaran vilay\u0259tinin Miyankala yar\u0131madas\u0131n\u0131n \u0259traf\u0131nda X\u0259z\u0259r d\u0259nizind\u0259 k\u00f6\u00e7\u0259ri qu\u015flar\u0131n t\u0259l\u0259f olmas\u0131 il\u0259 \u0259laq\u0259dar Az\u0259rbaycanda X\u0259z\u0259ryani \u0259razil\u0259r\u0259 bax\u0131\u015f ke\u00e7irilib. Bunu Ekologiya v\u0259 T\u0259bii S\u0259rv\u0259tl\u0259r Nazirliyinin (ETSN) Bioloji M\u00fcxt\u0259lifliyin Qorunmas\u0131 v\u0259 X\u00fcsusi M\u00fchafiz\u0259 Olunan T\u0259bi\u0259t \u018frazil\u0259rinin \u0130nki\u015faf\u0131 Departamentinin direktoru Hikm\u0259t \u018flizad\u0259 bildirib. Onun s\u00f6zl\u0259rin\u0259 g\u00f6r\u0259, bax\u0131\u015f zaman\u0131 Az\u0259rbaycanda bel\u0259 hal\u0131n olmad\u0131\u011f\u0131 q\u0259na\u0259tin\u0259 g\u0259linib: \u201cAmma bununla bel\u0259, monitorinq qrupu yarad\u0131l\u0131b. Tap\u015f\u0131r\u0131l\u0131b ki, \u00e7ox ciddi ara\u015fd\u0131rma apar\u0131ls\u0131n, bel\u0259 faktlar olarsa, qu\u015f c\u0259s\u0259dl\u0259ri g\u00f6t\u00fcr\u00fcls\u00fcn v\u0259 Qida T\u0259hl\u00fck\u0259sizliyi Agentliyin\u0259 baytarl\u0131q n\u0259zar\u0259ti analizinin apar\u0131lmas\u0131 \u00fc\u00e7\u00fcn t\u0259qdim edilsin. Bununla da onlar\u0131n hans\u0131 s\u0259b\u0259bd\u0259n t\u0259l\u0259f oldu\u011fu&hellip;<\/p>\n","protected":false},"author":2,"featured_media":123681,"comment_status":"closed","ping_status":"closed","sticky":false,"template":"","format":"standard","meta":{"om_disable_all_campaigns":false,"_monsterinsights_skip_tracking":false,"_monsterinsights_sitenote_active":false,"_monsterinsights_sitenote_note":"","_monsterinsights_sitenote_category":0},"categories":[1],"tags":[],"aioseo_notices":[],"gutentor_comment":0,"rttpg_featured_image_url":{"full":["https:\/\/arantv.az\/wp-content\/uploads\/2020\/01\/xezer-denizi.jpg",800,450,false],"landscape":["https:\/\/arantv.az\/wp-content\/uploads\/2020\/01\/xezer-denizi.jpg",800,450,false],"portraits":["https:\/\/arantv.az\/wp-content\/uploads\/2020\/01\/xezer-denizi.jpg",800,450,false],"thumbnail":["https:\/\/arantv.az\/wp-content\/uploads\/2020\/01\/xezer-denizi-150x150.jpg",150,150,true],"medium":["https:\/\/arantv.az\/wp-content\/uploads\/2020\/01\/xezer-denizi-300x169.jpg",300,169,true],"large":["https:\/\/arantv.az\/wp-content\/uploads\/2020\/01\/xezer-denizi.jpg",640,360,false],"1536x1536":["https:\/\/arantv.az\/wp-content\/uploads\/2020\/01\/xezer-denizi.jpg",800,450,false],"2048x2048":["https:\/\/arantv.az\/wp-content\/uploads\/2020\/01\/xezer-denizi.jpg",800,450,false],"post-thumbnail":["https:\/\/arantv.az\/wp-content\/uploads\/2020\/01\/xezer-denizi-240x172.jpg",240,172,true],"advps-thumb-one":["https:\/\/arantv.az\/wp-content\/uploads\/2020\/01\/xezer-denizi.jpg",800,450,false]},"rttpg_author":{"display_name":"V\u00fcsal Rafiqo\u011flu","author_link":"https:\/\/arantv.az\/?author=2"},"rttpg_comment":0,"rttpg_category":"<a href=\"https:\/\/arantv.az\/?cat=1\" rel=\"category\">C\u0259miyy\u0259t<\/a>","rttpg_excerpt":"\u0130ran\u0131n \u015fimal\u0131nda yerl\u0259\u015f\u0259n Mazandaran vilay\u0259tinin Miyankala yar\u0131madas\u0131n\u0131n \u0259traf\u0131nda X\u0259z\u0259r d\u0259nizind\u0259 k\u00f6\u00e7\u0259ri qu\u015flar\u0131n t\u0259l\u0259f olmas\u0131 il\u0259 \u0259laq\u0259dar Az\u0259rbaycanda X\u0259z\u0259ryani \u0259razil\u0259r\u0259 bax\u0131\u015f ke\u00e7irilib. Bunu Ekologiya v\u0259 T\u0259bii S\u0259rv\u0259tl\u0259r Nazirliyinin (ETSN) Bioloji M\u00fcxt\u0259lifliyin Qorunmas\u0131 v\u0259 X\u00fcsusi M\u00fchafiz\u0259 Olunan T\u0259bi\u0259t \u018frazil\u0259rinin \u0130nki\u015faf\u0131 Departamentinin direktoru Hikm\u0259t \u018flizad\u0259 bildirib. Onun s\u00f6zl\u0259rin\u0259 g\u00f6r\u0259, bax\u0131\u015f zaman\u0131 Az\u0259rbaycanda bel\u0259 hal\u0131n olmad\u0131\u011f\u0131 q\u0259na\u0259tin\u0259 g\u0259linib: \u201cAmma&hellip;","_links":{"self":[{"href":"https:\/\/arantv.az\/index.php?rest_route=\/wp\/v2\/posts\/123680"}],"collection":[{"href":"https:\/\/arantv.az\/index.php?rest_route=\/wp\/v2\/posts"}],"about":[{"href":"https:\/\/arantv.az\/index.php?rest_route=\/wp\/v2\/types\/post"}],"author":[{"embeddable":true,"href":"https:\/\/arantv.az\/index.php?rest_route=\/wp\/v2\/users\/2"}],"replies":[{"embeddable":true,"href":"https:\/\/arantv.az\/index.php?rest_route=%2Fwp%2Fv2%2Fcomments&post=123680"}],"version-history":[{"count":0,"href":"https:\/\/arantv.az\/index.php?rest_route=\/wp\/v2\/posts\/123680\/revisions"}],"wp:featuredmedia":[{"embeddable":true,"href":"https:\/\/arantv.az\/index.php?rest_route=\/wp\/v2\/media\/123681"}],"wp:attachment":[{"href":"https:\/\/arantv.az\/index.php?rest_route=%2Fwp%2Fv2%2Fmedia&parent=123680"}],"wp:term":[{"taxonomy":"category","embeddable":true,"href":"https:\/\/arantv.az\/index.php?rest_route=%2Fwp%2Fv2%2Fcategories&post=123680"},{"taxonomy":"post_tag","embeddable":true,"href":"https:\/\/arantv.az\/index.php?rest_route=%2Fwp%2Fv2%2Ftags&post=123680"}],"curies":[{"name":"wp","href":"https:\/\/api.w.org\/{rel}","templated":true}]}}