{"id":123684,"date":"2020-01-28T11:20:01","date_gmt":"2020-01-28T08:20:01","guid":{"rendered":"http:\/\/arantv.az\/?p=123684"},"modified":"2020-01-28T11:20:01","modified_gmt":"2020-01-28T08:20:01","slug":"s%c9%99hiyy%c9%99-nazirind%c9%99n-olumcul-virusla-bagli-%c9%99mr","status":"publish","type":"post","link":"https:\/\/arantv.az\/?p=123684","title":{"rendered":"S\u0259hiyy\u0259 nazirind\u0259n \u00f6l\u00fcmc\u00fcl virusla ba\u011fl\u0131 \u018fMR"},"content":{"rendered":"<p>S\u0259hiyy\u0259 naziri Oqtay \u015eir\u0259liyev \u201cYeni 2019-nCoV koronavirus x\u0259st\u0259liyin\u0259 qar\u015f\u0131 profilaktik t\u0259dbirl\u0259rin g\u00fccl\u0259ndirilm\u0259si bar\u0259d\u0259\u201d \u0259mr imzalay\u0131b.<\/p>\n<p>Bu bar\u0259d\u0259\u00a0Oxu.Az-a\u00a0S\u0259hiyy\u0259 Nazirliyi M\u0259tbuat Xidm\u0259tinin m\u0259lumat verib.<\/p>\n<p>\u00dcmumd\u00fcnya S\u0259hiyy\u0259 T\u0259\u015fkilat\u0131n\u0131n m\u0259lumat\u0131na \u0259sas\u0259n, 2019-cu ilin dekabr ay\u0131nda ilk d\u0259f\u0259 olaraq \u00c7inin Yuhan \u015f\u0259h\u0259rind\u0259 nam\u0259lum m\u0259n\u015f\u0259li pnevmoniyan\u0131n t\u00f6r\u0259dicisi kimi yeni 2019-nCoV koronavirusu a\u015fkar edilib v\u0259 onun t\u00f6r\u0259tdiyi x\u0259st\u0259liyin qeydiyyat\u0131na ba\u015flan\u0131l\u0131b.<\/p>\n<div id=\"AdviadNativeVideo0\" class=\"AdviadNativeVideo\"><\/div>\n<p>2020-ci ilin yanvar ay\u0131nda x\u0259st\u0259liyin \u00c7ind\u0259 alovlanmas\u0131 v\u0259 haz\u0131rda x\u0259st\u0259lik hadis\u0259l\u0259rinin art\u0131q Tailand, C\u0259nubi Koreya, Yaponiya v\u0259 dig\u0259r bir s\u0131ra \u00f6lk\u0259l\u0259rd\u0259 d\u0259 ba\u015f verm\u0259si davam etm\u0259kd\u0259dir.<\/p>\n<p>\u018fmr respublikada yeni koronavirus x\u0259st\u0259liyin\u0259 qar\u015f\u0131 profilaktik t\u0259dbirl\u0259rin g\u00fccl\u0259ndirilm\u0259si m\u0259qs\u0259di il\u0259 imzalan\u0131b.<\/p>\n<p>S\u0259n\u0259dd\u0259 tibb m\u00fc\u0259ssis\u0259l\u0259rind\u0259 sanitariya-gigiyena, \u0259ksepidemik rejiml\u0259rin t\u0259l\u0259bl\u0259rinin yerin\u0259 yetirilm\u0259si v\u0259 dezinfeksiya t\u0259dbirl\u0259rinin h\u0259yata ke\u00e7irilm\u0259si i\u015finin g\u00fccl\u0259ndirilm\u0259si, k\u0259skin respirator virus infeksiyas\u0131na \u015f\u00fcbh\u0259li x\u0259st\u0259l\u0259rin, x\u00fcsus\u0259n u\u015faqlar\u0131n v\u0259 ya\u015fl\u0131 \u0259halinin hospitalizasiyas\u0131 \u00fc\u00e7\u00fcn x\u00fcsusi palatalar\u0131n ayr\u0131lmas\u0131 v\u0259 t\u0259chiz olunmas\u0131n\u0131n t\u0259min edilm\u0259si \u00fc\u00e7\u00fcn m\u00fcvafiq tap\u015f\u0131r\u0131qlar verilib.<\/p>\n<p>H\u0259m\u00e7inin, z\u0259ruri hallarda tibb m\u00fc\u0259ssis\u0259l\u0259rind\u0259 m\u0259hdudla\u015fd\u0131r\u0131c\u0131 rejimin t\u0259tbiq edilm\u0259si, tibb personal\u0131n\u0131n f\u0259rdi m\u00fchafiz\u0259 vasit\u0259l\u0259rind\u0259n (maskalardan) istifad\u0259 etm\u0259si t\u0259min olunmas\u0131, d\u0259rman preparatlar\u0131n\u0131n, dezinfeksiyaedici madd\u0259l\u0259rinin, h\u0259m\u00e7inin tibb personal\u0131 \u00fc\u00e7\u00fcn f\u0259rdi m\u00fchafiz\u0259 vasit\u0259l\u0259rinin ehtiyat\u0131n\u0131n yarad\u0131lmas\u0131 \u0259mrd\u0259 \u00f6z \u0259ksini tap\u0131b.<\/p>\n<p>Eyni zamanda, \u0259mrd\u0259 x\u0259st\u0259lik hallar\u0131n\u0131n \u00f6lk\u0259y\u0259 g\u0259tirilm\u0259sinin qar\u015f\u0131s\u0131n\u0131n al\u0131nmas\u0131 m\u0259qs\u0259di il\u0259 x\u0259st\u0259lik ba\u015f vermi\u015f \u00f6lk\u0259l\u0259rd\u0259n g\u0259l\u0259n \u015f\u0259xsl\u0259r \u00fcz\u0259rind\u0259 tibbi m\u00fc\u015fahid\u0259nin apar\u0131lmas\u0131nda D\u00f6vl\u0259t G\u00f6mr\u00fck Komit\u0259sinin v\u0259 S\u0259hiyy\u0259 Nazirliyinin m\u00fct\u0259x\u0259ssisl\u0259rinin qar\u015f\u0131l\u0131ql\u0131 f\u0259aliyy\u0259tinin t\u0259min olunmas\u0131 da \u00f6z \u0259ksini tap\u0131b.<\/p>\n","protected":false},"excerpt":{"rendered":"<p>S\u0259hiyy\u0259 naziri Oqtay \u015eir\u0259liyev \u201cYeni 2019-nCoV koronavirus x\u0259st\u0259liyin\u0259 qar\u015f\u0131 profilaktik t\u0259dbirl\u0259rin g\u00fccl\u0259ndirilm\u0259si bar\u0259d\u0259\u201d \u0259mr imzalay\u0131b. Bu bar\u0259d\u0259\u00a0Oxu.Az-a\u00a0S\u0259hiyy\u0259 Nazirliyi M\u0259tbuat Xidm\u0259tinin m\u0259lumat verib. \u00dcmumd\u00fcnya S\u0259hiyy\u0259 T\u0259\u015fkilat\u0131n\u0131n m\u0259lumat\u0131na \u0259sas\u0259n, 2019-cu ilin dekabr ay\u0131nda ilk d\u0259f\u0259 olaraq \u00c7inin Yuhan \u015f\u0259h\u0259rind\u0259 nam\u0259lum m\u0259n\u015f\u0259li pnevmoniyan\u0131n t\u00f6r\u0259dicisi kimi yeni 2019-nCoV koronavirusu a\u015fkar edilib v\u0259 onun t\u00f6r\u0259tdiyi x\u0259st\u0259liyin qeydiyyat\u0131na ba\u015flan\u0131l\u0131b. 2020-ci ilin yanvar ay\u0131nda x\u0259st\u0259liyin \u00c7ind\u0259 alovlanmas\u0131 v\u0259 haz\u0131rda x\u0259st\u0259lik hadis\u0259l\u0259rinin art\u0131q Tailand, C\u0259nubi Koreya, Yaponiya v\u0259 dig\u0259r bir s\u0131ra \u00f6lk\u0259l\u0259rd\u0259 d\u0259 ba\u015f verm\u0259si davam etm\u0259kd\u0259dir. \u018fmr respublikada yeni koronavirus x\u0259st\u0259liyin\u0259 qar\u015f\u0131 profilaktik t\u0259dbirl\u0259rin g\u00fccl\u0259ndirilm\u0259si m\u0259qs\u0259di il\u0259&hellip;<\/p>\n","protected":false},"author":2,"featured_media":123685,"comment_status":"closed","ping_status":"closed","sticky":false,"template":"","format":"standard","meta":{"om_disable_all_campaigns":false,"_monsterinsights_skip_tracking":false,"_monsterinsights_sitenote_active":false,"_monsterinsights_sitenote_note":"","_monsterinsights_sitenote_category":0},"categories":[1],"tags":[],"aioseo_notices":[],"gutentor_comment":0,"rttpg_featured_image_url":{"full":["https:\/\/arantv.az\/wp-content\/uploads\/2020\/01\/virus-2.jpg",600,425,false],"landscape":["https:\/\/arantv.az\/wp-content\/uploads\/2020\/01\/virus-2.jpg",600,425,false],"portraits":["https:\/\/arantv.az\/wp-content\/uploads\/2020\/01\/virus-2.jpg",600,425,false],"thumbnail":["https:\/\/arantv.az\/wp-content\/uploads\/2020\/01\/virus-2-150x150.jpg",150,150,true],"medium":["https:\/\/arantv.az\/wp-content\/uploads\/2020\/01\/virus-2-300x213.jpg",300,213,true],"large":["https:\/\/arantv.az\/wp-content\/uploads\/2020\/01\/virus-2.jpg",600,425,false],"1536x1536":["https:\/\/arantv.az\/wp-content\/uploads\/2020\/01\/virus-2.jpg",600,425,false],"2048x2048":["https:\/\/arantv.az\/wp-content\/uploads\/2020\/01\/virus-2.jpg",600,425,false],"post-thumbnail":["https:\/\/arantv.az\/wp-content\/uploads\/2020\/01\/virus-2-240x172.jpg",240,172,true],"advps-thumb-one":["https:\/\/arantv.az\/wp-content\/uploads\/2020\/01\/virus-2.jpg",600,425,false]},"rttpg_author":{"display_name":"V\u00fcsal Rafiqo\u011flu","author_link":"https:\/\/arantv.az\/?author=2"},"rttpg_comment":0,"rttpg_category":"<a href=\"https:\/\/arantv.az\/?cat=1\" rel=\"category\">C\u0259miyy\u0259t<\/a>","rttpg_excerpt":"S\u0259hiyy\u0259 naziri Oqtay \u015eir\u0259liyev \u201cYeni 2019-nCoV koronavirus x\u0259st\u0259liyin\u0259 qar\u015f\u0131 profilaktik t\u0259dbirl\u0259rin g\u00fccl\u0259ndirilm\u0259si bar\u0259d\u0259\u201d \u0259mr imzalay\u0131b. Bu bar\u0259d\u0259\u00a0Oxu.Az-a\u00a0S\u0259hiyy\u0259 Nazirliyi M\u0259tbuat Xidm\u0259tinin m\u0259lumat verib. \u00dcmumd\u00fcnya S\u0259hiyy\u0259 T\u0259\u015fkilat\u0131n\u0131n m\u0259lumat\u0131na \u0259sas\u0259n, 2019-cu ilin dekabr ay\u0131nda ilk d\u0259f\u0259 olaraq \u00c7inin Yuhan \u015f\u0259h\u0259rind\u0259 nam\u0259lum m\u0259n\u015f\u0259li pnevmoniyan\u0131n t\u00f6r\u0259dicisi kimi yeni 2019-nCoV koronavirusu a\u015fkar edilib v\u0259 onun t\u00f6r\u0259tdiyi x\u0259st\u0259liyin qeydiyyat\u0131na ba\u015flan\u0131l\u0131b. 2020-ci ilin&hellip;","_links":{"self":[{"href":"https:\/\/arantv.az\/index.php?rest_route=\/wp\/v2\/posts\/123684"}],"collection":[{"href":"https:\/\/arantv.az\/index.php?rest_route=\/wp\/v2\/posts"}],"about":[{"href":"https:\/\/arantv.az\/index.php?rest_route=\/wp\/v2\/types\/post"}],"author":[{"embeddable":true,"href":"https:\/\/arantv.az\/index.php?rest_route=\/wp\/v2\/users\/2"}],"replies":[{"embeddable":true,"href":"https:\/\/arantv.az\/index.php?rest_route=%2Fwp%2Fv2%2Fcomments&post=123684"}],"version-history":[{"count":0,"href":"https:\/\/arantv.az\/index.php?rest_route=\/wp\/v2\/posts\/123684\/revisions"}],"wp:featuredmedia":[{"embeddable":true,"href":"https:\/\/arantv.az\/index.php?rest_route=\/wp\/v2\/media\/123685"}],"wp:attachment":[{"href":"https:\/\/arantv.az\/index.php?rest_route=%2Fwp%2Fv2%2Fmedia&parent=123684"}],"wp:term":[{"taxonomy":"category","embeddable":true,"href":"https:\/\/arantv.az\/index.php?rest_route=%2Fwp%2Fv2%2Fcategories&post=123684"},{"taxonomy":"post_tag","embeddable":true,"href":"https:\/\/arantv.az\/index.php?rest_route=%2Fwp%2Fv2%2Ftags&post=123684"}],"curies":[{"name":"wp","href":"https:\/\/api.w.org\/{rel}","templated":true}]}}