{"id":123692,"date":"2020-01-28T11:22:47","date_gmt":"2020-01-28T08:22:47","guid":{"rendered":"http:\/\/arantv.az\/?p=123692"},"modified":"2020-01-28T11:22:47","modified_gmt":"2020-01-28T08:22:47","slug":"bakida-surucul%c9%99r%c9%99-t%c9%99l%c9%99-quran-polisl%c9%99rin-kimliyi-bilindi-oz%c9%99l","status":"publish","type":"post","link":"https:\/\/arantv.az\/?p=123692","title":{"rendered":"Bak\u0131da s\u00fcr\u00fcc\u00fcl\u0259r\u0259 t\u0259l\u0259 quran polisl\u0259rin kimliyi bilindi &#8211; \u00d6Z\u018fL"},"content":{"rendered":"<p>Ba\u015f D\u00f6vl\u0259t Yol Polisi \u0130dar\u0259si (BDYP\u0130) \u201cS\u0259d\u0259r\u0259k\u201d Ticar\u0259t M\u0259rk\u0259zinin yan\u0131ndak\u0131 dair\u0259d\u0259 DYP \u0259m\u0259kda\u015flar\u0131n\u0131n s\u00fcr\u00fcc\u00fcl\u0259r\u0259 t\u0259l\u0259 qurmas\u0131 il\u0259 ba\u011fl\u0131 yay\u0131lan videog\u00f6r\u00fcnt\u00fcl\u0259r\u0259 m\u00fcnasib\u0259t bildirib.<\/p>\n<p>BDYP\u0130-n\u0131n \u0130ctimaiyy\u0259tl\u0259 \u0259laq\u0259l\u0259r \u015f\u00f6b\u0259sinin r\u0259isi Kamran \u018fliyev Oxu.Az-a a\u00e7\u0131qlamas\u0131nda bildirib ki, haz\u0131rda g\u00f6r\u00fcnt\u00fcl\u0259rl\u0259 ba\u011fl\u0131 ara\u015fd\u0131rma davam etdirilir:<\/p>\n<p>\u201cBiz m\u00fc\u0259yy\u0259n etmi\u015fik ki, h\u0259min polis \u0259m\u0259kda\u015flar\u0131 Ba\u015f D\u00f6vl\u0259t Yol Polisi \u0130dar\u0259sinin Ekoloji N\u0259zar\u0259t B\u00f6l\u00fcy\u00fcn\u00fcn \u0259m\u0259kda\u015flar\u0131d\u0131r. \u201cS\u0259d\u0259r\u0259k\u201d Ticar\u0259t M\u0259rk\u0259zinin yan\u0131ndak\u0131 dair\u0259 onlar\u0131n xidm\u0259t etdiyi \u0259razinin s\u0259rh\u0259d hiss\u0259sidir.<\/p>\n<p>H\u0259min dair\u0259nin \u0259traf\u0131nda b\u0259zi hallarda avtomobill\u0259r y\u0131\u011f\u0131l\u0131r, n\u0259qliyyat vasit\u0259sinin rahat ke\u00e7m\u0259sin\u0259 mane olduqlar\u0131 \u00fc\u00e7\u00fcn polis \u0259m\u0259kda\u015flar\u0131 \u0259razid\u0259 xidm\u0259t apar\u0131rlar\u201d.<\/p>\n<p>K.\u018fliyev qeyd edib ki, qurum biz birt\u0259r\u0259fli qaydada ara\u015fd\u0131rma aparm\u0131r:<\/p>\n<p>\u201cH\u0259min \u0259razid\u0259 polis \u0259m\u0259kda\u015flar\u0131 avtomobilin s\u00fcr\u00fcc\u00fcs\u00fcn\u00fc d\u0259 saxlay\u0131b. Biz d\u0259 onu da idar\u0259y\u0259 d\u0259v\u0259t etmi\u015fik ki, g\u00f6r\u0259k ki, onun izahat\u0131 il\u0259 bizim \u0259m\u0259kda\u015flar\u0131n izahat\u0131 uy\u011fun g\u0259lirmi?<\/p>\n<p>Ara\u015fd\u0131rman\u0131n n\u0259tic\u0259si bar\u0259d\u0259 geni\u015f m\u0259lumat ver\u0259c\u0259yik\u201d.<\/p>\n<div><iframe loading=\"lazy\" src=\"https:\/\/player.baku.tv\/embed\/13499\" width=\"560\" height=\"315\" frameborder=\"0\" allowfullscreen=\"allowfullscreen\" data-mce-fragment=\"1\"><\/iframe><\/div>\n<p>&nbsp;<\/p>\n","protected":false},"excerpt":{"rendered":"<p>Ba\u015f D\u00f6vl\u0259t Yol Polisi \u0130dar\u0259si (BDYP\u0130) \u201cS\u0259d\u0259r\u0259k\u201d Ticar\u0259t M\u0259rk\u0259zinin yan\u0131ndak\u0131 dair\u0259d\u0259 DYP \u0259m\u0259kda\u015flar\u0131n\u0131n s\u00fcr\u00fcc\u00fcl\u0259r\u0259 t\u0259l\u0259 qurmas\u0131 il\u0259 ba\u011fl\u0131 yay\u0131lan videog\u00f6r\u00fcnt\u00fcl\u0259r\u0259 m\u00fcnasib\u0259t bildirib. BDYP\u0130-n\u0131n \u0130ctimaiyy\u0259tl\u0259 \u0259laq\u0259l\u0259r \u015f\u00f6b\u0259sinin r\u0259isi Kamran \u018fliyev Oxu.Az-a a\u00e7\u0131qlamas\u0131nda bildirib ki, haz\u0131rda g\u00f6r\u00fcnt\u00fcl\u0259rl\u0259 ba\u011fl\u0131 ara\u015fd\u0131rma davam etdirilir: \u201cBiz m\u00fc\u0259yy\u0259n etmi\u015fik ki, h\u0259min polis \u0259m\u0259kda\u015flar\u0131 Ba\u015f D\u00f6vl\u0259t Yol Polisi \u0130dar\u0259sinin Ekoloji N\u0259zar\u0259t B\u00f6l\u00fcy\u00fcn\u00fcn \u0259m\u0259kda\u015flar\u0131d\u0131r. \u201cS\u0259d\u0259r\u0259k\u201d Ticar\u0259t M\u0259rk\u0259zinin yan\u0131ndak\u0131 dair\u0259 onlar\u0131n xidm\u0259t etdiyi \u0259razinin s\u0259rh\u0259d hiss\u0259sidir. H\u0259min dair\u0259nin \u0259traf\u0131nda b\u0259zi hallarda avtomobill\u0259r y\u0131\u011f\u0131l\u0131r, n\u0259qliyyat vasit\u0259sinin rahat ke\u00e7m\u0259sin\u0259 mane olduqlar\u0131 \u00fc\u00e7\u00fcn polis \u0259m\u0259kda\u015flar\u0131 \u0259razid\u0259 xidm\u0259t apar\u0131rlar\u201d. K.\u018fliyev qeyd edib ki, qurum&hellip;<\/p>\n","protected":false},"author":2,"featured_media":123693,"comment_status":"closed","ping_status":"closed","sticky":false,"template":"","format":"standard","meta":{"om_disable_all_campaigns":false,"_monsterinsights_skip_tracking":false,"_monsterinsights_sitenote_active":false,"_monsterinsights_sitenote_note":"","_monsterinsights_sitenote_category":0},"categories":[1],"tags":[],"aioseo_notices":[],"gutentor_comment":0,"rttpg_featured_image_url":{"full":["https:\/\/arantv.az\/wp-content\/uploads\/2020\/01\/hmmmmm.jpg",620,349,false],"landscape":["https:\/\/arantv.az\/wp-content\/uploads\/2020\/01\/hmmmmm.jpg",620,349,false],"portraits":["https:\/\/arantv.az\/wp-content\/uploads\/2020\/01\/hmmmmm.jpg",620,349,false],"thumbnail":["https:\/\/arantv.az\/wp-content\/uploads\/2020\/01\/hmmmmm-150x150.jpg",150,150,true],"medium":["https:\/\/arantv.az\/wp-content\/uploads\/2020\/01\/hmmmmm-300x169.jpg",300,169,true],"large":["https:\/\/arantv.az\/wp-content\/uploads\/2020\/01\/hmmmmm.jpg",620,349,false],"1536x1536":["https:\/\/arantv.az\/wp-content\/uploads\/2020\/01\/hmmmmm.jpg",620,349,false],"2048x2048":["https:\/\/arantv.az\/wp-content\/uploads\/2020\/01\/hmmmmm.jpg",620,349,false],"post-thumbnail":["https:\/\/arantv.az\/wp-content\/uploads\/2020\/01\/hmmmmm-240x172.jpg",240,172,true],"advps-thumb-one":["https:\/\/arantv.az\/wp-content\/uploads\/2020\/01\/hmmmmm.jpg",620,349,false]},"rttpg_author":{"display_name":"V\u00fcsal Rafiqo\u011flu","author_link":"https:\/\/arantv.az\/?author=2"},"rttpg_comment":0,"rttpg_category":"<a href=\"https:\/\/arantv.az\/?cat=1\" rel=\"category\">C\u0259miyy\u0259t<\/a>","rttpg_excerpt":"Ba\u015f D\u00f6vl\u0259t Yol Polisi \u0130dar\u0259si (BDYP\u0130) \u201cS\u0259d\u0259r\u0259k\u201d Ticar\u0259t M\u0259rk\u0259zinin yan\u0131ndak\u0131 dair\u0259d\u0259 DYP \u0259m\u0259kda\u015flar\u0131n\u0131n s\u00fcr\u00fcc\u00fcl\u0259r\u0259 t\u0259l\u0259 qurmas\u0131 il\u0259 ba\u011fl\u0131 yay\u0131lan videog\u00f6r\u00fcnt\u00fcl\u0259r\u0259 m\u00fcnasib\u0259t bildirib. BDYP\u0130-n\u0131n \u0130ctimaiyy\u0259tl\u0259 \u0259laq\u0259l\u0259r \u015f\u00f6b\u0259sinin r\u0259isi Kamran \u018fliyev Oxu.Az-a a\u00e7\u0131qlamas\u0131nda bildirib ki, haz\u0131rda g\u00f6r\u00fcnt\u00fcl\u0259rl\u0259 ba\u011fl\u0131 ara\u015fd\u0131rma davam etdirilir: \u201cBiz m\u00fc\u0259yy\u0259n etmi\u015fik ki, h\u0259min polis \u0259m\u0259kda\u015flar\u0131 Ba\u015f D\u00f6vl\u0259t Yol Polisi \u0130dar\u0259sinin Ekoloji N\u0259zar\u0259t B\u00f6l\u00fcy\u00fcn\u00fcn \u0259m\u0259kda\u015flar\u0131d\u0131r.&hellip;","_links":{"self":[{"href":"https:\/\/arantv.az\/index.php?rest_route=\/wp\/v2\/posts\/123692"}],"collection":[{"href":"https:\/\/arantv.az\/index.php?rest_route=\/wp\/v2\/posts"}],"about":[{"href":"https:\/\/arantv.az\/index.php?rest_route=\/wp\/v2\/types\/post"}],"author":[{"embeddable":true,"href":"https:\/\/arantv.az\/index.php?rest_route=\/wp\/v2\/users\/2"}],"replies":[{"embeddable":true,"href":"https:\/\/arantv.az\/index.php?rest_route=%2Fwp%2Fv2%2Fcomments&post=123692"}],"version-history":[{"count":0,"href":"https:\/\/arantv.az\/index.php?rest_route=\/wp\/v2\/posts\/123692\/revisions"}],"wp:featuredmedia":[{"embeddable":true,"href":"https:\/\/arantv.az\/index.php?rest_route=\/wp\/v2\/media\/123693"}],"wp:attachment":[{"href":"https:\/\/arantv.az\/index.php?rest_route=%2Fwp%2Fv2%2Fmedia&parent=123692"}],"wp:term":[{"taxonomy":"category","embeddable":true,"href":"https:\/\/arantv.az\/index.php?rest_route=%2Fwp%2Fv2%2Fcategories&post=123692"},{"taxonomy":"post_tag","embeddable":true,"href":"https:\/\/arantv.az\/index.php?rest_route=%2Fwp%2Fv2%2Ftags&post=123692"}],"curies":[{"name":"wp","href":"https:\/\/api.w.org\/{rel}","templated":true}]}}