{"id":123720,"date":"2020-01-28T11:49:49","date_gmt":"2020-01-28T08:49:49","guid":{"rendered":"http:\/\/arantv.az\/?p=123720"},"modified":"2020-01-28T11:49:49","modified_gmt":"2020-01-28T08:49:49","slug":"elxan-m%c9%99mm%c9%99dov-affa-nin-icraci-vitse-prezidenti-oldu","status":"publish","type":"post","link":"https:\/\/arantv.az\/?p=123720","title":{"rendered":"Elxan M\u0259mm\u0259dov AFFA-n\u0131n icra\u00e7\u0131 vitse-prezidenti oldu"},"content":{"rendered":"<p>AFFA-n\u0131n vitse-prezidentl\u0259rinin adlar\u0131na ayd\u0131nl\u0131q g\u0259lib.<\/p>\n<p><b>ARANTV.AZ\u00a0<\/b> x\u0259b\u0259r verir ki, bu bar\u0259d\u0259 qurumun Se\u00e7ki Konfrans\u0131ndan sonra ke\u00e7irilmi\u015f \u0130craiyy\u0259 Komit\u0259sinin iclas\u0131nda q\u0259rar q\u0259bul edilib.<\/p>\n<p>N\u00f6vb\u0259ti d\u00f6n\u0259m \u00fc\u00e7\u00fcn AFFA-n\u0131n vitse-prezidentl\u0259ri El\u015fad N\u0259sirov, Rauf \u018fliyev v\u0259 Vaqif Sad\u0131qov olacaq.<\/p>\n<div id=\"AdviadNativeVideo0\" class=\"AdviadNativeVideo\"><\/div>\n<p>Ke\u00e7mi\u015f Ba\u015f katib Elxan M\u0259mm\u0259dov is\u0259 \u0130cra\u00e7\u0131 vitse-prezident t\u0259yin olunub.<\/p>\n<p>G\u00fcnd\u0259min \u0259sas m\u0259s\u0259l\u0259l\u0259rind\u0259n biri d\u0259 Az\u0259rbaycan millisin\u0259 ba\u015f m\u0259\u015fq\u00e7i postuna t\u0259yinat m\u0259s\u0259l\u0259si idi. M\u00fczakir\u0259l\u0259r apar\u0131lsa da, bununla ba\u011fl\u0131 q\u0259rar verilm\u0259yib.Oxu.Az<\/p>\n","protected":false},"excerpt":{"rendered":"<p>AFFA-n\u0131n vitse-prezidentl\u0259rinin adlar\u0131na ayd\u0131nl\u0131q g\u0259lib. ARANTV.AZ\u00a0 x\u0259b\u0259r verir ki, bu bar\u0259d\u0259 qurumun Se\u00e7ki Konfrans\u0131ndan sonra ke\u00e7irilmi\u015f \u0130craiyy\u0259 Komit\u0259sinin iclas\u0131nda q\u0259rar q\u0259bul edilib. N\u00f6vb\u0259ti d\u00f6n\u0259m \u00fc\u00e7\u00fcn AFFA-n\u0131n vitse-prezidentl\u0259ri El\u015fad N\u0259sirov, Rauf \u018fliyev v\u0259 Vaqif Sad\u0131qov olacaq. Ke\u00e7mi\u015f Ba\u015f katib Elxan M\u0259mm\u0259dov is\u0259 \u0130cra\u00e7\u0131 vitse-prezident t\u0259yin olunub. G\u00fcnd\u0259min \u0259sas m\u0259s\u0259l\u0259l\u0259rind\u0259n biri d\u0259 Az\u0259rbaycan millisin\u0259 ba\u015f m\u0259\u015fq\u00e7i postuna t\u0259yinat m\u0259s\u0259l\u0259si idi. M\u00fczakir\u0259l\u0259r apar\u0131lsa da, bununla ba\u011fl\u0131 q\u0259rar verilm\u0259yib.Oxu.Az<\/p>\n","protected":false},"author":2,"featured_media":123721,"comment_status":"closed","ping_status":"closed","sticky":false,"template":"","format":"standard","meta":{"om_disable_all_campaigns":false,"_monsterinsights_skip_tracking":false,"_monsterinsights_sitenote_active":false,"_monsterinsights_sitenote_note":"","_monsterinsights_sitenote_category":0},"categories":[6],"tags":[],"aioseo_notices":[],"gutentor_comment":0,"rttpg_featured_image_url":{"full":["https:\/\/arantv.az\/wp-content\/uploads\/2020\/01\/elxan.jpg",620,350,false],"landscape":["https:\/\/arantv.az\/wp-content\/uploads\/2020\/01\/elxan.jpg",620,350,false],"portraits":["https:\/\/arantv.az\/wp-content\/uploads\/2020\/01\/elxan.jpg",620,350,false],"thumbnail":["https:\/\/arantv.az\/wp-content\/uploads\/2020\/01\/elxan-150x150.jpg",150,150,true],"medium":["https:\/\/arantv.az\/wp-content\/uploads\/2020\/01\/elxan-300x169.jpg",300,169,true],"large":["https:\/\/arantv.az\/wp-content\/uploads\/2020\/01\/elxan.jpg",620,350,false],"1536x1536":["https:\/\/arantv.az\/wp-content\/uploads\/2020\/01\/elxan.jpg",620,350,false],"2048x2048":["https:\/\/arantv.az\/wp-content\/uploads\/2020\/01\/elxan.jpg",620,350,false],"post-thumbnail":["https:\/\/arantv.az\/wp-content\/uploads\/2020\/01\/elxan-240x172.jpg",240,172,true],"advps-thumb-one":["https:\/\/arantv.az\/wp-content\/uploads\/2020\/01\/elxan.jpg",620,350,false]},"rttpg_author":{"display_name":"V\u00fcsal Rafiqo\u011flu","author_link":"https:\/\/arantv.az\/?author=2"},"rttpg_comment":0,"rttpg_category":"<a href=\"https:\/\/arantv.az\/?cat=6\" rel=\"category\">\u0130dman<\/a>","rttpg_excerpt":"AFFA-n\u0131n vitse-prezidentl\u0259rinin adlar\u0131na ayd\u0131nl\u0131q g\u0259lib. ARANTV.AZ\u00a0 x\u0259b\u0259r verir ki, bu bar\u0259d\u0259 qurumun Se\u00e7ki Konfrans\u0131ndan sonra ke\u00e7irilmi\u015f \u0130craiyy\u0259 Komit\u0259sinin iclas\u0131nda q\u0259rar q\u0259bul edilib. N\u00f6vb\u0259ti d\u00f6n\u0259m \u00fc\u00e7\u00fcn AFFA-n\u0131n vitse-prezidentl\u0259ri El\u015fad N\u0259sirov, Rauf \u018fliyev v\u0259 Vaqif Sad\u0131qov olacaq. Ke\u00e7mi\u015f Ba\u015f katib Elxan M\u0259mm\u0259dov is\u0259 \u0130cra\u00e7\u0131 vitse-prezident t\u0259yin olunub. G\u00fcnd\u0259min \u0259sas m\u0259s\u0259l\u0259l\u0259rind\u0259n biri d\u0259 Az\u0259rbaycan millisin\u0259 ba\u015f m\u0259\u015fq\u00e7i postuna&hellip;","_links":{"self":[{"href":"https:\/\/arantv.az\/index.php?rest_route=\/wp\/v2\/posts\/123720"}],"collection":[{"href":"https:\/\/arantv.az\/index.php?rest_route=\/wp\/v2\/posts"}],"about":[{"href":"https:\/\/arantv.az\/index.php?rest_route=\/wp\/v2\/types\/post"}],"author":[{"embeddable":true,"href":"https:\/\/arantv.az\/index.php?rest_route=\/wp\/v2\/users\/2"}],"replies":[{"embeddable":true,"href":"https:\/\/arantv.az\/index.php?rest_route=%2Fwp%2Fv2%2Fcomments&post=123720"}],"version-history":[{"count":0,"href":"https:\/\/arantv.az\/index.php?rest_route=\/wp\/v2\/posts\/123720\/revisions"}],"wp:featuredmedia":[{"embeddable":true,"href":"https:\/\/arantv.az\/index.php?rest_route=\/wp\/v2\/media\/123721"}],"wp:attachment":[{"href":"https:\/\/arantv.az\/index.php?rest_route=%2Fwp%2Fv2%2Fmedia&parent=123720"}],"wp:term":[{"taxonomy":"category","embeddable":true,"href":"https:\/\/arantv.az\/index.php?rest_route=%2Fwp%2Fv2%2Fcategories&post=123720"},{"taxonomy":"post_tag","embeddable":true,"href":"https:\/\/arantv.az\/index.php?rest_route=%2Fwp%2Fv2%2Ftags&post=123720"}],"curies":[{"name":"wp","href":"https:\/\/api.w.org\/{rel}","templated":true}]}}