{"id":123756,"date":"2020-01-28T12:09:15","date_gmt":"2020-01-28T09:09:15","guid":{"rendered":"http:\/\/arantv.az\/?p=123756"},"modified":"2020-01-28T12:09:15","modified_gmt":"2020-01-28T09:09:15","slug":"koronavirusla-bagli-az%c9%99rbaycanda-bu-x%c9%99st%c9%99xanada-s%c9%99kkiz-palata-ayrildi","status":"publish","type":"post","link":"https:\/\/arantv.az\/?p=123756","title":{"rendered":"Koronavirusla ba\u011fl\u0131 Az\u0259rbaycanda bu x\u0259st\u0259xanada s\u0259kkiz palata ayr\u0131ld\u0131"},"content":{"rendered":"<p>Az\u0259rbaycanda yeni koronavirus x\u0259st\u0259liyin\u0259 qar\u015f\u0131 profilaktik t\u0259dbirl\u0259rin g\u00fccl\u0259ndirilm\u0259si m\u0259qs\u0259di il\u0259 Elmi-T\u0259dqiqat A\u011fciy\u0259r X\u0259st\u0259likl\u0259ri \u0130nstitutunda x\u00fcsusi palatalar ayr\u0131l\u0131b.<\/p>\n<p>Report-un m\u0259lumat\u0131na g\u00f6r\u0259, tibb m\u00fc\u0259ssis\u0259sind\u0259 sanitariya-gigiyena, \u0259ksepidemik rejiml\u0259rin t\u0259l\u0259bl\u0259rinin yerin\u0259 yetirilm\u0259si v\u0259 dezinfeksiya t\u0259dbirl\u0259rinin h\u0259yata ke\u00e7irilm\u0259si i\u015fi g\u00fccl\u0259ndirilib, k\u0259skin respirator virus infeksiyas\u0131na \u015f\u00fcbh\u0259li x\u0259st\u0259l\u0259rin, x\u00fcsus\u0259n u\u015faqlar\u0131n v\u0259 ya\u015fl\u0131 \u0259halinin hospitalizasiyas\u0131 \u00fc\u00e7\u00fcn x\u00fcsusi palatalar ayr\u0131l\u0131b.<\/p>\n<p>\u0130nstitutda s\u0259kkiz\u00a0palata ayr\u0131l\u0131b. Haz\u0131rda h\u0259min palatalar\u0131n 5-d\u0259 ikit\u0259r\u0259fli pnevmaniyadan m\u00fcalic\u0259 alan x\u0259st\u0259 yat\u0131r.<\/p>\n<p>Xat\u0131rladaq ki, S\u0259hiyy\u0259 naziri Oqtay \u015eir\u0259liyev \u201cYeni 2019-nCoV koronavirus x\u0259st\u0259liyin\u0259 qar\u015f\u0131 profilaktik t\u0259dbirl\u0259rin g\u00fccl\u0259ndirilm\u0259si bar\u0259d\u0259\u201d \u0259mr imzalay\u0131b.<\/p>\n","protected":false},"excerpt":{"rendered":"<p>Az\u0259rbaycanda yeni koronavirus x\u0259st\u0259liyin\u0259 qar\u015f\u0131 profilaktik t\u0259dbirl\u0259rin g\u00fccl\u0259ndirilm\u0259si m\u0259qs\u0259di il\u0259 Elmi-T\u0259dqiqat A\u011fciy\u0259r X\u0259st\u0259likl\u0259ri \u0130nstitutunda x\u00fcsusi palatalar ayr\u0131l\u0131b. Report-un m\u0259lumat\u0131na g\u00f6r\u0259, tibb m\u00fc\u0259ssis\u0259sind\u0259 sanitariya-gigiyena, \u0259ksepidemik rejiml\u0259rin t\u0259l\u0259bl\u0259rinin yerin\u0259 yetirilm\u0259si v\u0259 dezinfeksiya t\u0259dbirl\u0259rinin h\u0259yata ke\u00e7irilm\u0259si i\u015fi g\u00fccl\u0259ndirilib, k\u0259skin respirator virus infeksiyas\u0131na \u015f\u00fcbh\u0259li x\u0259st\u0259l\u0259rin, x\u00fcsus\u0259n u\u015faqlar\u0131n v\u0259 ya\u015fl\u0131 \u0259halinin hospitalizasiyas\u0131 \u00fc\u00e7\u00fcn x\u00fcsusi palatalar ayr\u0131l\u0131b. \u0130nstitutda s\u0259kkiz\u00a0palata ayr\u0131l\u0131b. Haz\u0131rda h\u0259min palatalar\u0131n 5-d\u0259 ikit\u0259r\u0259fli pnevmaniyadan m\u00fcalic\u0259 alan x\u0259st\u0259 yat\u0131r. Xat\u0131rladaq ki, S\u0259hiyy\u0259 naziri Oqtay \u015eir\u0259liyev \u201cYeni 2019-nCoV koronavirus x\u0259st\u0259liyin\u0259 qar\u015f\u0131 profilaktik t\u0259dbirl\u0259rin g\u00fccl\u0259ndirilm\u0259si bar\u0259d\u0259\u201d \u0259mr imzalay\u0131b.<\/p>\n","protected":false},"author":2,"featured_media":123757,"comment_status":"closed","ping_status":"closed","sticky":false,"template":"","format":"standard","meta":{"om_disable_all_campaigns":false,"_monsterinsights_skip_tracking":false,"_monsterinsights_sitenote_active":false,"_monsterinsights_sitenote_note":"","_monsterinsights_sitenote_category":0},"categories":[1],"tags":[],"aioseo_notices":[],"gutentor_comment":0,"rttpg_featured_image_url":{"full":["https:\/\/arantv.az\/wp-content\/uploads\/2020\/01\/FotoJet-3-4.jpg",620,419,false],"landscape":["https:\/\/arantv.az\/wp-content\/uploads\/2020\/01\/FotoJet-3-4.jpg",620,419,false],"portraits":["https:\/\/arantv.az\/wp-content\/uploads\/2020\/01\/FotoJet-3-4.jpg",620,419,false],"thumbnail":["https:\/\/arantv.az\/wp-content\/uploads\/2020\/01\/FotoJet-3-4-150x150.jpg",150,150,true],"medium":["https:\/\/arantv.az\/wp-content\/uploads\/2020\/01\/FotoJet-3-4-300x203.jpg",300,203,true],"large":["https:\/\/arantv.az\/wp-content\/uploads\/2020\/01\/FotoJet-3-4.jpg",620,419,false],"1536x1536":["https:\/\/arantv.az\/wp-content\/uploads\/2020\/01\/FotoJet-3-4.jpg",620,419,false],"2048x2048":["https:\/\/arantv.az\/wp-content\/uploads\/2020\/01\/FotoJet-3-4.jpg",620,419,false],"post-thumbnail":["https:\/\/arantv.az\/wp-content\/uploads\/2020\/01\/FotoJet-3-4-240x172.jpg",240,172,true],"advps-thumb-one":["https:\/\/arantv.az\/wp-content\/uploads\/2020\/01\/FotoJet-3-4.jpg",620,419,false]},"rttpg_author":{"display_name":"V\u00fcsal Rafiqo\u011flu","author_link":"https:\/\/arantv.az\/?author=2"},"rttpg_comment":0,"rttpg_category":"<a href=\"https:\/\/arantv.az\/?cat=1\" rel=\"category\">C\u0259miyy\u0259t<\/a>","rttpg_excerpt":"Az\u0259rbaycanda yeni koronavirus x\u0259st\u0259liyin\u0259 qar\u015f\u0131 profilaktik t\u0259dbirl\u0259rin g\u00fccl\u0259ndirilm\u0259si m\u0259qs\u0259di il\u0259 Elmi-T\u0259dqiqat A\u011fciy\u0259r X\u0259st\u0259likl\u0259ri \u0130nstitutunda x\u00fcsusi palatalar ayr\u0131l\u0131b. Report-un m\u0259lumat\u0131na g\u00f6r\u0259, tibb m\u00fc\u0259ssis\u0259sind\u0259 sanitariya-gigiyena, \u0259ksepidemik rejiml\u0259rin t\u0259l\u0259bl\u0259rinin yerin\u0259 yetirilm\u0259si v\u0259 dezinfeksiya t\u0259dbirl\u0259rinin h\u0259yata ke\u00e7irilm\u0259si i\u015fi g\u00fccl\u0259ndirilib, k\u0259skin respirator virus infeksiyas\u0131na \u015f\u00fcbh\u0259li x\u0259st\u0259l\u0259rin, x\u00fcsus\u0259n u\u015faqlar\u0131n v\u0259 ya\u015fl\u0131 \u0259halinin hospitalizasiyas\u0131 \u00fc\u00e7\u00fcn x\u00fcsusi palatalar ayr\u0131l\u0131b. \u0130nstitutda s\u0259kkiz\u00a0palata ayr\u0131l\u0131b. Haz\u0131rda&hellip;","_links":{"self":[{"href":"https:\/\/arantv.az\/index.php?rest_route=\/wp\/v2\/posts\/123756"}],"collection":[{"href":"https:\/\/arantv.az\/index.php?rest_route=\/wp\/v2\/posts"}],"about":[{"href":"https:\/\/arantv.az\/index.php?rest_route=\/wp\/v2\/types\/post"}],"author":[{"embeddable":true,"href":"https:\/\/arantv.az\/index.php?rest_route=\/wp\/v2\/users\/2"}],"replies":[{"embeddable":true,"href":"https:\/\/arantv.az\/index.php?rest_route=%2Fwp%2Fv2%2Fcomments&post=123756"}],"version-history":[{"count":0,"href":"https:\/\/arantv.az\/index.php?rest_route=\/wp\/v2\/posts\/123756\/revisions"}],"wp:featuredmedia":[{"embeddable":true,"href":"https:\/\/arantv.az\/index.php?rest_route=\/wp\/v2\/media\/123757"}],"wp:attachment":[{"href":"https:\/\/arantv.az\/index.php?rest_route=%2Fwp%2Fv2%2Fmedia&parent=123756"}],"wp:term":[{"taxonomy":"category","embeddable":true,"href":"https:\/\/arantv.az\/index.php?rest_route=%2Fwp%2Fv2%2Fcategories&post=123756"},{"taxonomy":"post_tag","embeddable":true,"href":"https:\/\/arantv.az\/index.php?rest_route=%2Fwp%2Fv2%2Ftags&post=123756"}],"curies":[{"name":"wp","href":"https:\/\/api.w.org\/{rel}","templated":true}]}}