{"id":123784,"date":"2020-01-28T12:29:12","date_gmt":"2020-01-28T09:29:12","guid":{"rendered":"http:\/\/arantv.az\/?p=123784"},"modified":"2020-01-28T12:29:12","modified_gmt":"2020-01-28T09:29:12","slug":"az%c9%99rbaycanda-elmi-kadrlar-milli-informasiya-sistemi-yaradilib","status":"publish","type":"post","link":"https:\/\/arantv.az\/?p=123784","title":{"rendered":"Az\u0259rbaycanda \u201cElmi kadrlar\u201d Milli \u0130nformasiya Sistemi yarad\u0131l\u0131b"},"content":{"rendered":"<p><strong>AMEA-da &#8220;Elmi kadrlar&#8221; Milli \u0130nformasiya Sistemi yarad\u0131l\u0131b.<\/strong><\/p>\n<p><strong>ARANTV.AZ\u00a0<\/strong>\u00a0<a href=\"https:\/\/az.trend.az\/\" target=\"_blank\" rel=\"noopener\">Trend<\/a>-\u0259 istinad\u0259n x\u0259b\u0259r verir ki, AMEA-n\u0131n vitse-prezidenti, \u0130nformasiya Texnologiyalar\u0131 \u0130nstitutunun direktoru Rasim \u018fliquliyev bildirib ki, &#8220;Elmi kadrlar&#8221; Milli \u0130nformasiya Sistemi \u00f6lk\u0259 Prezidentinin &#8220;Az\u0259rbaycan Respublikas\u0131nda elmi v\u0259 elmi-pedaqoji kadrlar\u0131n attestasiyas\u0131n\u0131n apar\u0131lmas\u0131 i\u015finin t\u0259kmill\u0259\u015fdirilm\u0259si il\u0259 ba\u011fl\u0131 \u0259lav\u0259 t\u0259dbirl\u0259r haqq\u0131nda&#8221; 10 dekabr 2018-ci il tarixli S\u0259r\u0259ncam\u0131na \u0259sas\u0259n yarad\u0131l\u0131b.<\/p>\n<p>R.\u018fliquliyev qeyd edib ki, 2019-cu ilin mart\u0131ndan ba\u015flayaraq, bu i\u015fin elektronla\u015fd\u0131r\u0131lmas\u0131 h\u0259yata ke\u00e7irilib v\u0259 \u00f6t\u0259n ilin oktyabr ay\u0131nda layih\u0259 R\u0259yas\u0259t Hey\u0259tin\u0259 t\u0259qdim olunub:<\/p>\n<p>&#8220;Bu sistem institunun sayt\u0131nda yerl\u0259\u015fdirilib. H\u0259min sistemin bir hiss\u0259si AMEA-n\u0131n sayt\u0131nda yerl\u0259\u015fdiril\u0259c\u0259k. Bu sistem vasit\u0259sil\u0259 elmi i\u015f\u00e7il\u0259r \u00f6zl\u0259ri haqq\u0131nda m\u00fcxt\u0259lif istiqam\u0259tl\u0259r \u00fczr\u0259 suallara cavab ver\u0259c\u0259kl\u0259r. Ancaq sistemd\u0259 b\u00fct\u00fcn elmi i\u015f\u00e7il\u0259r haqq\u0131nda deyil, elmi f\u0259aliyy\u0259t il\u0259 m\u0259\u015f\u011ful olan kadrlar haqq\u0131nda m\u0259lumat olacaq. Sistemd\u0259 f\u0259rd haqq\u0131nda 110 parametr \u00fczr\u0259 m\u0259lumat \u0259ld\u0259 etm\u0259k m\u00fcmk\u00fcn olacaq&#8221;.<\/p>\n<p>Bunu d\u00f6vl\u0259t \u00fc\u00e7\u00fcn vacib strateji m\u0259lumat bazas\u0131 sayan R.\u018fliquliyev qeyd edib ki, bu sistemd\u0259n Ali Attestasiya Komissiyas\u0131, AMEA v\u0259 dig\u0259r aidiyyat\u0131 qurumlar faydalana bil\u0259c\u0259k.<\/p>\n<div>\n<div id=\"AdviadNativeVideo0\" class=\"AdviadNativeVideo\"><\/div>\n<\/div>\n<p>R.\u018fliquliyev \u0259lav\u0259 edib ki, sistem elmi kadrlar haqq\u0131nda informasiya resurslar\u0131n\u0131n, elmi t\u0259dqiqatlar haqq\u0131nda informasiya bazas\u0131n\u0131n formala\u015fd\u0131r\u0131lmas\u0131na v\u0259 ona \u0259l\u00e7atanl\u0131\u011f\u0131n t\u0259min edilm\u0259sin\u0259, elmi f\u0259aliyy\u0259tin qiym\u0259tl\u0259ndirilm\u0259sin\u0259, t\u0259\u015fkilatlar\u0131n elmi f\u0259aliyy\u0259tinin monitorinqinin apar\u0131lmas\u0131na imkan ver\u0259c\u0259k.<\/p>\n","protected":false},"excerpt":{"rendered":"<p>AMEA-da &#8220;Elmi kadrlar&#8221; Milli \u0130nformasiya Sistemi yarad\u0131l\u0131b. ARANTV.AZ\u00a0\u00a0Trend-\u0259 istinad\u0259n x\u0259b\u0259r verir ki, AMEA-n\u0131n vitse-prezidenti, \u0130nformasiya Texnologiyalar\u0131 \u0130nstitutunun direktoru Rasim \u018fliquliyev bildirib ki, &#8220;Elmi kadrlar&#8221; Milli \u0130nformasiya Sistemi \u00f6lk\u0259 Prezidentinin &#8220;Az\u0259rbaycan Respublikas\u0131nda elmi v\u0259 elmi-pedaqoji kadrlar\u0131n attestasiyas\u0131n\u0131n apar\u0131lmas\u0131 i\u015finin t\u0259kmill\u0259\u015fdirilm\u0259si il\u0259 ba\u011fl\u0131 \u0259lav\u0259 t\u0259dbirl\u0259r haqq\u0131nda&#8221; 10 dekabr 2018-ci il tarixli S\u0259r\u0259ncam\u0131na \u0259sas\u0259n yarad\u0131l\u0131b. R.\u018fliquliyev qeyd edib ki, 2019-cu ilin mart\u0131ndan ba\u015flayaraq, bu i\u015fin elektronla\u015fd\u0131r\u0131lmas\u0131 h\u0259yata ke\u00e7irilib v\u0259 \u00f6t\u0259n ilin oktyabr ay\u0131nda layih\u0259 R\u0259yas\u0259t Hey\u0259tin\u0259 t\u0259qdim olunub: &#8220;Bu sistem institunun sayt\u0131nda yerl\u0259\u015fdirilib. H\u0259min sistemin bir hiss\u0259si AMEA-n\u0131n sayt\u0131nda yerl\u0259\u015fdiril\u0259c\u0259k. Bu sistem vasit\u0259sil\u0259&hellip;<\/p>\n","protected":false},"author":2,"featured_media":123785,"comment_status":"closed","ping_status":"closed","sticky":false,"template":"","format":"standard","meta":{"om_disable_all_campaigns":false,"_monsterinsights_skip_tracking":false,"_monsterinsights_sitenote_active":false,"_monsterinsights_sitenote_note":"","_monsterinsights_sitenote_category":0},"categories":[1],"tags":[],"aioseo_notices":[],"gutentor_comment":0,"rttpg_featured_image_url":{"full":["https:\/\/arantv.az\/wp-content\/uploads\/2020\/01\/821336.jpg",800,600,false],"landscape":["https:\/\/arantv.az\/wp-content\/uploads\/2020\/01\/821336.jpg",800,600,false],"portraits":["https:\/\/arantv.az\/wp-content\/uploads\/2020\/01\/821336.jpg",800,600,false],"thumbnail":["https:\/\/arantv.az\/wp-content\/uploads\/2020\/01\/821336-150x150.jpg",150,150,true],"medium":["https:\/\/arantv.az\/wp-content\/uploads\/2020\/01\/821336-300x225.jpg",300,225,true],"large":["https:\/\/arantv.az\/wp-content\/uploads\/2020\/01\/821336.jpg",640,480,false],"1536x1536":["https:\/\/arantv.az\/wp-content\/uploads\/2020\/01\/821336.jpg",800,600,false],"2048x2048":["https:\/\/arantv.az\/wp-content\/uploads\/2020\/01\/821336.jpg",800,600,false],"post-thumbnail":["https:\/\/arantv.az\/wp-content\/uploads\/2020\/01\/821336-240x172.jpg",240,172,true],"advps-thumb-one":["https:\/\/arantv.az\/wp-content\/uploads\/2020\/01\/821336.jpg",800,600,false]},"rttpg_author":{"display_name":"V\u00fcsal Rafiqo\u011flu","author_link":"https:\/\/arantv.az\/?author=2"},"rttpg_comment":0,"rttpg_category":"<a href=\"https:\/\/arantv.az\/?cat=1\" rel=\"category\">C\u0259miyy\u0259t<\/a>","rttpg_excerpt":"AMEA-da &#8220;Elmi kadrlar&#8221; Milli \u0130nformasiya Sistemi yarad\u0131l\u0131b. ARANTV.AZ\u00a0\u00a0Trend-\u0259 istinad\u0259n x\u0259b\u0259r verir ki, AMEA-n\u0131n vitse-prezidenti, \u0130nformasiya Texnologiyalar\u0131 \u0130nstitutunun direktoru Rasim \u018fliquliyev bildirib ki, &#8220;Elmi kadrlar&#8221; Milli \u0130nformasiya Sistemi \u00f6lk\u0259 Prezidentinin &#8220;Az\u0259rbaycan Respublikas\u0131nda elmi v\u0259 elmi-pedaqoji kadrlar\u0131n attestasiyas\u0131n\u0131n apar\u0131lmas\u0131 i\u015finin t\u0259kmill\u0259\u015fdirilm\u0259si il\u0259 ba\u011fl\u0131 \u0259lav\u0259 t\u0259dbirl\u0259r haqq\u0131nda&#8221; 10 dekabr 2018-ci il tarixli S\u0259r\u0259ncam\u0131na \u0259sas\u0259n yarad\u0131l\u0131b. R.\u018fliquliyev qeyd edib&hellip;","_links":{"self":[{"href":"https:\/\/arantv.az\/index.php?rest_route=\/wp\/v2\/posts\/123784"}],"collection":[{"href":"https:\/\/arantv.az\/index.php?rest_route=\/wp\/v2\/posts"}],"about":[{"href":"https:\/\/arantv.az\/index.php?rest_route=\/wp\/v2\/types\/post"}],"author":[{"embeddable":true,"href":"https:\/\/arantv.az\/index.php?rest_route=\/wp\/v2\/users\/2"}],"replies":[{"embeddable":true,"href":"https:\/\/arantv.az\/index.php?rest_route=%2Fwp%2Fv2%2Fcomments&post=123784"}],"version-history":[{"count":0,"href":"https:\/\/arantv.az\/index.php?rest_route=\/wp\/v2\/posts\/123784\/revisions"}],"wp:featuredmedia":[{"embeddable":true,"href":"https:\/\/arantv.az\/index.php?rest_route=\/wp\/v2\/media\/123785"}],"wp:attachment":[{"href":"https:\/\/arantv.az\/index.php?rest_route=%2Fwp%2Fv2%2Fmedia&parent=123784"}],"wp:term":[{"taxonomy":"category","embeddable":true,"href":"https:\/\/arantv.az\/index.php?rest_route=%2Fwp%2Fv2%2Fcategories&post=123784"},{"taxonomy":"post_tag","embeddable":true,"href":"https:\/\/arantv.az\/index.php?rest_route=%2Fwp%2Fv2%2Ftags&post=123784"}],"curies":[{"name":"wp","href":"https:\/\/api.w.org\/{rel}","templated":true}]}}