{"id":123800,"date":"2020-01-28T12:40:23","date_gmt":"2020-01-28T09:40:23","guid":{"rendered":"http:\/\/arantv.az\/?p=123800"},"modified":"2020-01-28T12:40:23","modified_gmt":"2020-01-28T09:40:23","slug":"rayon-qeydiyyatinda-olanlar-bakida-bel%c9%99-s%c9%99s-ver%c9%99-bil%c9%99rl%c9%99r","status":"publish","type":"post","link":"https:\/\/arantv.az\/?p=123800","title":{"rendered":"Rayon qeydiyyat\u0131nda olanlar Bak\u0131da bel\u0259 s\u0259s ver\u0259 bil\u0259rl\u0259r"},"content":{"rendered":"<p><strong>Fevral\u0131n 9-da ba\u015f tutacaq n\u00f6vb\u0259d\u0259nk\u0259nar parlament se\u00e7kil\u0259rinin ke\u00e7irilm\u0259sin\u0259 12 g\u00fcn m\u00fcdd\u0259t qal\u0131b.<\/strong><\/p>\n<p><strong>ARANTV.AZ<\/strong>\u00a0 qafqazinfo-ya istinad\u0259n\u00a0x\u0259b\u0259r verir ki, vaxt yax\u0131nla\u015fd\u0131qca VI \u00e7a\u011f\u0131r\u0131\u015f Milli M\u0259clis\u0259 ke\u00e7iril\u0259c\u0259k se\u00e7kil\u0259rin n\u0259tic\u0259l\u0259rini ictimaiyy\u0259t daha maraqla g\u00f6zl\u0259yir. Bu bax\u0131mdan da qeyd\u0259 al\u0131nan namiz\u0259dl\u0259r se\u00e7icil\u0259ri se\u00e7kid\u0259 f\u0259al olma\u011fa v\u0259 i\u015ftiraka s\u0259sl\u0259yirl\u0259r.<\/p>\n<p>Bel\u0259 m\u0259qamda se\u00e7icil\u0259ri maraqland\u0131ran \u0259sas m\u0259s\u0259l\u0259 is\u0259, se\u00e7ki g\u00fcn\u00fc harada s\u0259s verm\u0259l\u0259ri il\u0259 ba\u011fl\u0131d\u0131r.<\/p>\n<p>V\u0259t\u0259nda\u015flar\u0131n n\u0259z\u0259rin\u0259 \u00e7atd\u0131r\u0131r\u0131q ki, bunun \u00fc\u00e7\u00fcn ilkin variant, \u015f\u0259xsin \u00f6z ad\u0131n\u0131 M\u0259rk\u0259zi Se\u00e7ki Komissiyas\u0131n\u0131n Se\u00e7icil\u0259r \u0130nformasiya M\u0259rk\u0259zind\u0259 axtarmas\u0131d\u0131r. Ad\u0131n\u0131z\u0131, soyad\u0131n\u0131z\u0131, t\u0259v\u0259ll\u00fcd v\u0259 cinsinizi qeyd edil\u0259n b\u00f6lm\u0259l\u0259r\u0259 yaz\u0131b axtar\u0131\u015f ver\u0259 bil\u0259rsiniz. Axtar\u0131\u015f\u0131n n\u0259tic\u0259si tap\u0131larsa, sizin hans\u0131 m\u0259nt\u0259q\u0259d\u0259 s\u0259s verm\u0259li olma\u011f\u0131n\u0131z bar\u0259d\u0259 m\u0259lumatlar\u0131 \u0259ld\u0259 etmi\u015f olacaqs\u0131n\u0131z.<\/p>\n<p><strong>B\u0259s, n\u0259tic\u0259 tap\u0131lmazsa, n\u0259 etm\u0259k laz\u0131md\u0131r? Bu zaman v\u0259t\u0259nda\u015f s\u0259sverm\u0259 h\u00fcququndan nec\u0259 istifad\u0259 etm\u0259lidir?<\/strong><\/p>\n<p>Sayt s\u00f6z\u00fcged\u0259n sualla M\u0259rk\u0259zi Se\u00e7ki Komissiyas\u0131na m\u00fcraci\u0259t edib.\u00a0<strong>MSK-n\u0131n Media v\u0259 ictimai \u0259laq\u0259l\u0259r \u015f\u00f6b\u0259sinin m\u00fcdiri \u015eahin \u018fs\u0259dli<\/strong>\u00a0sor\u011fumuza cavab olaraq bildirib ki, h\u0259r hans\u0131 s\u0259b\u0259bd\u0259n ad\u0131 se\u00e7ici siyah\u0131s\u0131na d\u00fc\u015fm\u0259y\u0259n v\u0259t\u0259nda\u015f\u0131n s\u0259sverm\u0259 h\u00fcququndan istifad\u0259 etm\u0259sind\u0259 he\u00e7 bir problem yoxdur:<\/p>\n<p>&#8220;Bel\u0259 ki, ad\u0131 se\u00e7ici siyah\u0131s\u0131na d\u00fc\u015fm\u0259y\u0259n v\u0259t\u0259nda\u015f se\u00e7ki g\u00fcn\u00fc qeydiyyatda oldu\u011fu \u0259razi \u00fczr\u0259 se\u00e7ki m\u0259nt\u0259q\u0259sin\u0259 g\u0259lib \u015f\u0259xsiyy\u0259t v\u0259siq\u0259sini t\u0259qdim etm\u0259kl\u0259, ad\u0131 \u0259lav\u0259 se\u00e7ici siyah\u0131s\u0131na daxil edil\u0259r\u0259k azad v\u0259 s\u0259rb\u0259st \u015f\u0259kild\u0259 ist\u0259diyi namiz\u0259d\u0259 s\u0259s ver\u0259 bil\u0259r.<\/p>\n<p>\u00dcmumiyy\u0259tl\u0259, Az\u0259rbaycanda ke\u00e7iril\u0259n se\u00e7kil\u0259rd\u0259 v\u0259t\u0259nda\u015f\u0131n qeydiyyat \u00fcnvan\u0131ndan as\u0131l\u0131 olmayaraq, Se\u00e7ki M\u0259c\u0259ll\u0259sind\u0259 n\u0259z\u0259rd\u0259 tutulan qaydada daimi ya\u015fad\u0131\u011f\u0131 \u0259razid\u0259ki se\u00e7ki m\u0259nt\u0259q\u0259sind\u0259 s\u0259sverm\u0259 h\u00fcququ var. Bu bax\u0131mdan da, se\u00e7icil\u0259r \u00fc\u00e7\u00fcn h\u0259r hans\u0131 bir m\u0259hdudiyy\u0259t yoxdur&#8221;- dey\u0259, \u015e. \u018fs\u0259dli qeyd edib.<\/p>\n<p><strong>Qanunvericilikd\u0259 n\u0259z\u0259rd\u0259 tutulan bu m\u0259s\u0259l\u0259ni izahl\u0131 \u015f\u0259kild\u0259 oxucular\u0131n diqq\u0259tin\u0259 \u00e7atd\u0131r\u0131r\u0131q.\u00a0<\/strong><\/p>\n<p>Tutaq ki, ba\u015fqa rayonda qeydiyyatda olub paytaxtda ya\u015fayan bir v\u0259t\u0259nda\u015f eyni \u00fcnvanda se\u00e7kil\u0259rin t\u0259yin edildiyi g\u00fcnd\u0259n \u0259vv\u0259lki 1 ilin az\u0131 6 ay\u0131 \u0259rzind\u0259 daimi ya\u015fay\u0131bsa, h\u0259min \u0259razid\u0259 s\u0259sverm\u0259 h\u00fcququndan istifad\u0259 ed\u0259 bil\u0259r.\u00a0 Bunun \u00fc\u00e7\u00fcn se\u00e7ici qanunvericilikd\u0259 m\u00fc\u0259yy\u0259n olunan m\u00fcdd\u0259td\u0259 v\u0259 qaydada daimi ya\u015fad\u0131\u011f\u0131 \u0259razi \u00fczr\u0259 dair\u0259 v\u0259 m\u0259nt\u0259q\u0259 se\u00e7ki komissiyas\u0131na m\u00fcraci\u0259t etm\u0259lidir. Bu zaman v\u0259t\u0259nda\u015f\u0131n ad\u0131 se\u00e7icil\u0259r siyah\u0131s\u0131na daxil edilm\u0259kl\u0259 se\u00e7ki g\u00fcn\u00fc s\u0259sverm\u0259 h\u00fcququndan istifad\u0259 etm\u0259sin\u0259 tam \u015f\u0259rait yarad\u0131l\u0131r.<\/p>\n","protected":false},"excerpt":{"rendered":"<p>Fevral\u0131n 9-da ba\u015f tutacaq n\u00f6vb\u0259d\u0259nk\u0259nar parlament se\u00e7kil\u0259rinin ke\u00e7irilm\u0259sin\u0259 12 g\u00fcn m\u00fcdd\u0259t qal\u0131b. ARANTV.AZ\u00a0 qafqazinfo-ya istinad\u0259n\u00a0x\u0259b\u0259r verir ki, vaxt yax\u0131nla\u015fd\u0131qca VI \u00e7a\u011f\u0131r\u0131\u015f Milli M\u0259clis\u0259 ke\u00e7iril\u0259c\u0259k se\u00e7kil\u0259rin n\u0259tic\u0259l\u0259rini ictimaiyy\u0259t daha maraqla g\u00f6zl\u0259yir. Bu bax\u0131mdan da qeyd\u0259 al\u0131nan namiz\u0259dl\u0259r se\u00e7icil\u0259ri se\u00e7kid\u0259 f\u0259al olma\u011fa v\u0259 i\u015ftiraka s\u0259sl\u0259yirl\u0259r. Bel\u0259 m\u0259qamda se\u00e7icil\u0259ri maraqland\u0131ran \u0259sas m\u0259s\u0259l\u0259 is\u0259, se\u00e7ki g\u00fcn\u00fc harada s\u0259s verm\u0259l\u0259ri il\u0259 ba\u011fl\u0131d\u0131r. V\u0259t\u0259nda\u015flar\u0131n n\u0259z\u0259rin\u0259 \u00e7atd\u0131r\u0131r\u0131q ki, bunun \u00fc\u00e7\u00fcn ilkin variant, \u015f\u0259xsin \u00f6z ad\u0131n\u0131 M\u0259rk\u0259zi Se\u00e7ki Komissiyas\u0131n\u0131n Se\u00e7icil\u0259r \u0130nformasiya M\u0259rk\u0259zind\u0259 axtarmas\u0131d\u0131r. Ad\u0131n\u0131z\u0131, soyad\u0131n\u0131z\u0131, t\u0259v\u0259ll\u00fcd v\u0259 cinsinizi qeyd edil\u0259n b\u00f6lm\u0259l\u0259r\u0259 yaz\u0131b axtar\u0131\u015f ver\u0259 bil\u0259rsiniz. Axtar\u0131\u015f\u0131n n\u0259tic\u0259si tap\u0131larsa,&hellip;<\/p>\n","protected":false},"author":2,"featured_media":123801,"comment_status":"closed","ping_status":"closed","sticky":false,"template":"","format":"standard","meta":{"om_disable_all_campaigns":false,"_monsterinsights_skip_tracking":false,"_monsterinsights_sitenote_active":false,"_monsterinsights_sitenote_note":"","_monsterinsights_sitenote_category":0},"categories":[1],"tags":[],"aioseo_notices":[],"gutentor_comment":0,"rttpg_featured_image_url":{"full":["https:\/\/arantv.az\/wp-content\/uploads\/2020\/01\/secki_283756.jpg",800,600,false],"landscape":["https:\/\/arantv.az\/wp-content\/uploads\/2020\/01\/secki_283756.jpg",800,600,false],"portraits":["https:\/\/arantv.az\/wp-content\/uploads\/2020\/01\/secki_283756.jpg",800,600,false],"thumbnail":["https:\/\/arantv.az\/wp-content\/uploads\/2020\/01\/secki_283756-150x150.jpg",150,150,true],"medium":["https:\/\/arantv.az\/wp-content\/uploads\/2020\/01\/secki_283756-300x225.jpg",300,225,true],"large":["https:\/\/arantv.az\/wp-content\/uploads\/2020\/01\/secki_283756.jpg",640,480,false],"1536x1536":["https:\/\/arantv.az\/wp-content\/uploads\/2020\/01\/secki_283756.jpg",800,600,false],"2048x2048":["https:\/\/arantv.az\/wp-content\/uploads\/2020\/01\/secki_283756.jpg",800,600,false],"post-thumbnail":["https:\/\/arantv.az\/wp-content\/uploads\/2020\/01\/secki_283756-240x172.jpg",240,172,true],"advps-thumb-one":["https:\/\/arantv.az\/wp-content\/uploads\/2020\/01\/secki_283756.jpg",800,600,false]},"rttpg_author":{"display_name":"V\u00fcsal Rafiqo\u011flu","author_link":"https:\/\/arantv.az\/?author=2"},"rttpg_comment":0,"rttpg_category":"<a href=\"https:\/\/arantv.az\/?cat=1\" rel=\"category\">C\u0259miyy\u0259t<\/a>","rttpg_excerpt":"Fevral\u0131n 9-da ba\u015f tutacaq n\u00f6vb\u0259d\u0259nk\u0259nar parlament se\u00e7kil\u0259rinin ke\u00e7irilm\u0259sin\u0259 12 g\u00fcn m\u00fcdd\u0259t qal\u0131b. ARANTV.AZ\u00a0 qafqazinfo-ya istinad\u0259n\u00a0x\u0259b\u0259r verir ki, vaxt yax\u0131nla\u015fd\u0131qca VI \u00e7a\u011f\u0131r\u0131\u015f Milli M\u0259clis\u0259 ke\u00e7iril\u0259c\u0259k se\u00e7kil\u0259rin n\u0259tic\u0259l\u0259rini ictimaiyy\u0259t daha maraqla g\u00f6zl\u0259yir. Bu bax\u0131mdan da qeyd\u0259 al\u0131nan namiz\u0259dl\u0259r se\u00e7icil\u0259ri se\u00e7kid\u0259 f\u0259al olma\u011fa v\u0259 i\u015ftiraka s\u0259sl\u0259yirl\u0259r. Bel\u0259 m\u0259qamda se\u00e7icil\u0259ri maraqland\u0131ran \u0259sas m\u0259s\u0259l\u0259 is\u0259, se\u00e7ki g\u00fcn\u00fc harada s\u0259s verm\u0259l\u0259ri&hellip;","_links":{"self":[{"href":"https:\/\/arantv.az\/index.php?rest_route=\/wp\/v2\/posts\/123800"}],"collection":[{"href":"https:\/\/arantv.az\/index.php?rest_route=\/wp\/v2\/posts"}],"about":[{"href":"https:\/\/arantv.az\/index.php?rest_route=\/wp\/v2\/types\/post"}],"author":[{"embeddable":true,"href":"https:\/\/arantv.az\/index.php?rest_route=\/wp\/v2\/users\/2"}],"replies":[{"embeddable":true,"href":"https:\/\/arantv.az\/index.php?rest_route=%2Fwp%2Fv2%2Fcomments&post=123800"}],"version-history":[{"count":0,"href":"https:\/\/arantv.az\/index.php?rest_route=\/wp\/v2\/posts\/123800\/revisions"}],"wp:featuredmedia":[{"embeddable":true,"href":"https:\/\/arantv.az\/index.php?rest_route=\/wp\/v2\/media\/123801"}],"wp:attachment":[{"href":"https:\/\/arantv.az\/index.php?rest_route=%2Fwp%2Fv2%2Fmedia&parent=123800"}],"wp:term":[{"taxonomy":"category","embeddable":true,"href":"https:\/\/arantv.az\/index.php?rest_route=%2Fwp%2Fv2%2Fcategories&post=123800"},{"taxonomy":"post_tag","embeddable":true,"href":"https:\/\/arantv.az\/index.php?rest_route=%2Fwp%2Fv2%2Ftags&post=123800"}],"curies":[{"name":"wp","href":"https:\/\/api.w.org\/{rel}","templated":true}]}}