{"id":123816,"date":"2020-01-28T13:12:42","date_gmt":"2020-01-28T10:12:42","guid":{"rendered":"http:\/\/arantv.az\/?p=123816"},"modified":"2020-01-28T13:12:42","modified_gmt":"2020-01-28T10:12:42","slug":"az%c9%99rbaycanda-koronavirusa-qarsi-gorul%c9%99c%c9%99k-t%c9%99dbirl%c9%99r-aciqlanib-siyahi","status":"publish","type":"post","link":"https:\/\/arantv.az\/?p=123816","title":{"rendered":"Az\u0259rbaycanda koronavirusa qar\u015f\u0131 g\u00f6r\u00fcl\u0259c\u0259k t\u0259dbirl\u0259r a\u00e7\u0131qlan\u0131b &#8211; S\u0130YAHI"},"content":{"rendered":"<p>Koronavirus \u201c2019-nCoV\u201d virusuna qar\u015f\u0131 h\u0259yata ke\u00e7iril\u0259c\u0259k \u0259ksepidemik t\u0259dbirl\u0259r il\u0259 ba\u011fl\u0131 \u201cTibbi \u018frazi B\u00f6lm\u0259l\u0259rini \u0130dar\u0259etm\u0259 Birliyi&#8221;nin (T\u018fB\u0130B) \u201c\u0130nfeksion x\u0259st\u0259likl\u0259r\u0259 n\u0259zar\u0259t \u00fczr\u0259 i\u015f\u00e7i qrupu\u201dnun D\u00f6vl\u0259t G\u00f6mr\u00fck Komit\u0259sinin r\u0259hb\u0259r \u015f\u0259xsl\u0259ri il\u0259 birg\u0259 iclas\u0131 ke\u00e7irilib.<\/p>\n<p>T\u018fB\u0130B-d\u0259n APA-ya veril\u0259n x\u0259b\u0259r\u0259 g\u00f6r\u0259, iclas\u0131 giri\u015f s\u00f6z\u00fc il\u0259 T\u018fB\u0130B-in \u0130dar\u0259 Hey\u0259tinin s\u0259dri Ramin Bayraml\u0131 a\u00e7araq \u00c7in Xalq Respublikas\u0131nda 2019-cu ilin dekabr ay\u0131nda yeni a\u015fkar edilmi\u015f Koronavirus \u201c2019-nCoV\u201d virusuna qar\u015f\u0131 respublikan\u0131n s\u0259rh\u0259d-ke\u00e7id m\u0259nt\u0259q\u0259l\u0259rind\u0259 v\u0259 m\u00fcalic\u0259 m\u00fc\u0259ssis\u0259l\u0259rind\u0259 t\u0259cili olaraq yerin\u0259 yetirilm\u0259li infeksion n\u0259zar\u0259t t\u0259dbirl\u0259rind\u0259n dan\u0131\u015f\u0131b.<\/p>\n<div id=\"AdviadNativeVideo0\" class=\"AdviadNativeVideo\"><\/div>\n<p>\u0130clasda s\u00f6z\u00fcged\u0259n virusun d\u00fcnyada v\u0259 respublika s\u0259viyy\u0259sind\u0259 m\u00f6vcud epidemioloji v\u0259ziyy\u0259ti bar\u0259d\u0259, virusun n\u00f6vl\u0259ri, yay\u0131lma areal\u0131, virusun xarici m\u00fchitd\u0259 davaml\u0131l\u0131\u011f\u0131, x\u0259st\u0259likd\u0259n m\u00f6vcud \u00f6l\u00fcm s\u0259viyy\u0259si bar\u0259d\u0259 m\u0259lumat verilib. Qeyd\u0259 al\u0131na bil\u0259c\u0259k \u201c2019-nCoV\u201d infeksiyas\u0131na qar\u015f\u0131 \u0259ks-epidemik t\u0259dbirl\u0259rin S\u0259hiyy\u0259 Nazirliyi il\u0259 koordinasiyal\u0131 \u0259m\u0259kda\u015fl\u0131q \u015f\u0259raitind\u0259 h\u0259yata ke\u00e7irilm\u0259si, respublikan\u0131n h\u0259r bir s\u0259rh\u0259d-ke\u00e7id m\u0259nt\u0259q\u0259sind\u0259 \u00f6lk\u0259y\u0259 daxil olan yerli v\u0259 \u0259cn\u0259bi v\u0259t\u0259nda\u015flar\u0131n infeksiya bar\u0259d\u0259 maarifl\u0259ndirilm\u0259si, h\u0259r bir s\u0259rh\u0259d-ke\u00e7id m\u0259nt\u0259q\u0259sind\u0259 \u00f6lk\u0259y\u0259 daxil olan \u015f\u0259xsl\u0259rin termal kameradan ke\u00e7m\u0259l\u0259rinin t\u0259min edilm\u0259si bar\u0259d\u0259 q\u0259rar q\u0259bul edilib.<\/p>\n<p>Sonra bildirilib ki,\u00a0\u00c7ind\u0259n t\u0259yyar\u0259 il\u0259 g\u0259l\u0259n s\u0259rni\u015finl\u0259rin is\u0259\u00a0m\u0259saf\u0259d\u0259n termometriya edilm\u0259si, infeksiyaya \u015f\u00fcbh\u0259li olan \u015f\u0259xsl\u0259rin s\u0259rh\u0259d-ke\u00e7id m\u0259nt\u0259q\u0259l\u0259rinin karantin otaqlar\u0131nda izolyasiya edilm\u0259si, \u015f\u00fcbh\u0259li hal bar\u0259d\u0259 \u201c103\u201d t\u0259cili yard\u0131m xidm\u0259tinin m\u0259lumatland\u0131rmas\u0131, Bak\u0131 \u015f\u0259h\u0259rind\u0259 yerl\u0259\u015f\u0259n s\u0259rh\u0259d-ke\u00e7id m\u0259nt\u0259q\u0259l\u0259rind\u0259 a\u015fkar edilmi\u015f \u015f\u0259xsl\u0259rin h\u0259min karantin otaqlar\u0131ndan \u201c103\u201d t\u0259cili yard\u0131m xidm\u0259ti il\u0259 da\u015f\u0131naraq x\u00fcsusi ayr\u0131lm\u0131\u015f x\u0259st\u0259xanalar\u0131n infeksion \u015f\u00f6b\u0259l\u0259rin\u0259 yerl\u0259\u015fdirilm\u0259si, respublikan\u0131n rayonlar\u0131nda yerl\u0259\u015f\u0259n s\u0259rh\u0259d-ke\u00e7id m\u0259nt\u0259q\u0259l\u0259rin\u0259 uy\u011fun olaraq, h\u0259min rayonlar\u0131n M\u0259rk\u0259zi Rayon X\u0259st\u0259xanalar\u0131n\u0131n infeksion \u015f\u00f6b\u0259l\u0259rind\u0259 iki infeksion palatan\u0131n haz\u0131rl\u0131q v\u0259ziyy\u0259tin\u0259 g\u0259tirilm\u0259si bar\u0259d\u0259 q\u0259rar q\u0259bul edilib.<\/p>\n<p>Qeyd ed\u0259k ki, tibb m\u00fc\u0259ssis\u0259sind\u0259 sanitariya-gigiyena, \u0259ksepidemik rejiml\u0259rin t\u0259l\u0259bl\u0259rinin yerin\u0259 yetirilm\u0259si v\u0259 dezinfeksiya t\u0259dbirl\u0259rinin h\u0259yata ke\u00e7irilm\u0259si i\u015fi g\u00fccl\u0259ndirilib, k\u0259skin respirator virus infeksiyas\u0131na \u015f\u00fcbh\u0259li x\u0259st\u0259l\u0259rin, x\u00fcsus\u0259n u\u015faqlar\u0131n v\u0259 ya\u015fl\u0131 \u0259halinin hospitalizasiyas\u0131 \u00fc\u00e7\u00fcn x\u00fcsusi palatalar ayr\u0131l\u0131b.<\/p>\n","protected":false},"excerpt":{"rendered":"<p>Koronavirus \u201c2019-nCoV\u201d virusuna qar\u015f\u0131 h\u0259yata ke\u00e7iril\u0259c\u0259k \u0259ksepidemik t\u0259dbirl\u0259r il\u0259 ba\u011fl\u0131 \u201cTibbi \u018frazi B\u00f6lm\u0259l\u0259rini \u0130dar\u0259etm\u0259 Birliyi&#8221;nin (T\u018fB\u0130B) \u201c\u0130nfeksion x\u0259st\u0259likl\u0259r\u0259 n\u0259zar\u0259t \u00fczr\u0259 i\u015f\u00e7i qrupu\u201dnun D\u00f6vl\u0259t G\u00f6mr\u00fck Komit\u0259sinin r\u0259hb\u0259r \u015f\u0259xsl\u0259ri il\u0259 birg\u0259 iclas\u0131 ke\u00e7irilib. T\u018fB\u0130B-d\u0259n APA-ya veril\u0259n x\u0259b\u0259r\u0259 g\u00f6r\u0259, iclas\u0131 giri\u015f s\u00f6z\u00fc il\u0259 T\u018fB\u0130B-in \u0130dar\u0259 Hey\u0259tinin s\u0259dri Ramin Bayraml\u0131 a\u00e7araq \u00c7in Xalq Respublikas\u0131nda 2019-cu ilin dekabr ay\u0131nda yeni a\u015fkar edilmi\u015f Koronavirus \u201c2019-nCoV\u201d virusuna qar\u015f\u0131 respublikan\u0131n s\u0259rh\u0259d-ke\u00e7id m\u0259nt\u0259q\u0259l\u0259rind\u0259 v\u0259 m\u00fcalic\u0259 m\u00fc\u0259ssis\u0259l\u0259rind\u0259 t\u0259cili olaraq yerin\u0259 yetirilm\u0259li infeksion n\u0259zar\u0259t t\u0259dbirl\u0259rind\u0259n dan\u0131\u015f\u0131b. \u0130clasda s\u00f6z\u00fcged\u0259n virusun d\u00fcnyada v\u0259 respublika s\u0259viyy\u0259sind\u0259 m\u00f6vcud epidemioloji v\u0259ziyy\u0259ti bar\u0259d\u0259, virusun n\u00f6vl\u0259ri, yay\u0131lma areal\u0131,&hellip;<\/p>\n","protected":false},"author":2,"featured_media":123817,"comment_status":"closed","ping_status":"closed","sticky":false,"template":"","format":"standard","meta":{"om_disable_all_campaigns":false,"_monsterinsights_skip_tracking":false,"_monsterinsights_sitenote_active":false,"_monsterinsights_sitenote_note":"","_monsterinsights_sitenote_category":0},"categories":[1],"tags":[],"aioseo_notices":[],"gutentor_comment":0,"rttpg_featured_image_url":{"full":["https:\/\/arantv.az\/wp-content\/uploads\/2020\/01\/xes.jpg",620,465,false],"landscape":["https:\/\/arantv.az\/wp-content\/uploads\/2020\/01\/xes.jpg",620,465,false],"portraits":["https:\/\/arantv.az\/wp-content\/uploads\/2020\/01\/xes.jpg",620,465,false],"thumbnail":["https:\/\/arantv.az\/wp-content\/uploads\/2020\/01\/xes-150x150.jpg",150,150,true],"medium":["https:\/\/arantv.az\/wp-content\/uploads\/2020\/01\/xes-300x225.jpg",300,225,true],"large":["https:\/\/arantv.az\/wp-content\/uploads\/2020\/01\/xes.jpg",620,465,false],"1536x1536":["https:\/\/arantv.az\/wp-content\/uploads\/2020\/01\/xes.jpg",620,465,false],"2048x2048":["https:\/\/arantv.az\/wp-content\/uploads\/2020\/01\/xes.jpg",620,465,false],"post-thumbnail":["https:\/\/arantv.az\/wp-content\/uploads\/2020\/01\/xes-240x172.jpg",240,172,true],"advps-thumb-one":["https:\/\/arantv.az\/wp-content\/uploads\/2020\/01\/xes.jpg",620,465,false]},"rttpg_author":{"display_name":"V\u00fcsal Rafiqo\u011flu","author_link":"https:\/\/arantv.az\/?author=2"},"rttpg_comment":0,"rttpg_category":"<a href=\"https:\/\/arantv.az\/?cat=1\" rel=\"category\">C\u0259miyy\u0259t<\/a>","rttpg_excerpt":"Koronavirus \u201c2019-nCoV\u201d virusuna qar\u015f\u0131 h\u0259yata ke\u00e7iril\u0259c\u0259k \u0259ksepidemik t\u0259dbirl\u0259r il\u0259 ba\u011fl\u0131 \u201cTibbi \u018frazi B\u00f6lm\u0259l\u0259rini \u0130dar\u0259etm\u0259 Birliyi&#8221;nin (T\u018fB\u0130B) \u201c\u0130nfeksion x\u0259st\u0259likl\u0259r\u0259 n\u0259zar\u0259t \u00fczr\u0259 i\u015f\u00e7i qrupu\u201dnun D\u00f6vl\u0259t G\u00f6mr\u00fck Komit\u0259sinin r\u0259hb\u0259r \u015f\u0259xsl\u0259ri il\u0259 birg\u0259 iclas\u0131 ke\u00e7irilib. T\u018fB\u0130B-d\u0259n APA-ya veril\u0259n x\u0259b\u0259r\u0259 g\u00f6r\u0259, iclas\u0131 giri\u015f s\u00f6z\u00fc il\u0259 T\u018fB\u0130B-in \u0130dar\u0259 Hey\u0259tinin s\u0259dri Ramin Bayraml\u0131 a\u00e7araq \u00c7in Xalq Respublikas\u0131nda 2019-cu ilin dekabr ay\u0131nda yeni&hellip;","_links":{"self":[{"href":"https:\/\/arantv.az\/index.php?rest_route=\/wp\/v2\/posts\/123816"}],"collection":[{"href":"https:\/\/arantv.az\/index.php?rest_route=\/wp\/v2\/posts"}],"about":[{"href":"https:\/\/arantv.az\/index.php?rest_route=\/wp\/v2\/types\/post"}],"author":[{"embeddable":true,"href":"https:\/\/arantv.az\/index.php?rest_route=\/wp\/v2\/users\/2"}],"replies":[{"embeddable":true,"href":"https:\/\/arantv.az\/index.php?rest_route=%2Fwp%2Fv2%2Fcomments&post=123816"}],"version-history":[{"count":0,"href":"https:\/\/arantv.az\/index.php?rest_route=\/wp\/v2\/posts\/123816\/revisions"}],"wp:featuredmedia":[{"embeddable":true,"href":"https:\/\/arantv.az\/index.php?rest_route=\/wp\/v2\/media\/123817"}],"wp:attachment":[{"href":"https:\/\/arantv.az\/index.php?rest_route=%2Fwp%2Fv2%2Fmedia&parent=123816"}],"wp:term":[{"taxonomy":"category","embeddable":true,"href":"https:\/\/arantv.az\/index.php?rest_route=%2Fwp%2Fv2%2Fcategories&post=123816"},{"taxonomy":"post_tag","embeddable":true,"href":"https:\/\/arantv.az\/index.php?rest_route=%2Fwp%2Fv2%2Ftags&post=123816"}],"curies":[{"name":"wp","href":"https:\/\/api.w.org\/{rel}","templated":true}]}}