{"id":123840,"date":"2020-01-28T13:24:30","date_gmt":"2020-01-28T10:24:30","guid":{"rendered":"http:\/\/arantv.az\/?p=123840"},"modified":"2020-01-28T13:24:30","modified_gmt":"2020-01-28T10:24:30","slug":"s%c9%99f%c9%99r-mehdiyev-bu-rayonun-v%c9%99t%c9%99ndaslari-il%c9%99-gorus%c9%99c%c9%99k","status":"publish","type":"post","link":"https:\/\/arantv.az\/?p=123840","title":{"rendered":"S\u0259f\u0259r Mehdiyev bu rayonun v\u0259t\u0259nda\u015flar\u0131 il\u0259 g\u00f6r\u00fc\u015f\u0259c\u0259k"},"content":{"rendered":"<p><strong>M\u0259rk\u0259zi icra hakimiyy\u0259ti orqanlar\u0131 r\u0259hb\u0259rl\u0259rinin v\u0259 onlar\u0131n m\u00fcavinl\u0259rinin \u015f\u0259h\u0259r v\u0259 rayonlarda v\u0259t\u0259nda\u015flar\u0131n q\u0259bulu c\u0259dv\u0259lin\u0259 uy\u011fun olaraq, D\u00f6vl\u0259t G\u00f6mr\u00fck Komit\u0259sinin (DGK) s\u0259dri, g\u00f6mr\u00fck xidm\u0259ti general-leytenant\u0131 S\u0259f\u0259r Mehdiyev yanvar\u0131n 31-d\u0259 saat 10:00-da \u015eirvan rayon G\u0259ncl\u0259r Evind\u0259 (\u015eirvan \u015f\u0259h\u0259ri, Nax\u00e7\u0131van k\u00fc\u00e7. 1B) \u015eirvan, Hac\u0131qabul v\u0259 Sabirabad rayonlar\u0131ndan olan v\u0259t\u0259nda\u015flar\u0131 q\u0259bul ed\u0259c\u0259k.<\/strong><\/p>\n<p><b>ARANTV.AZ\u00a0<\/b> bildirir ki, bu bar\u0259d\u0259 DGK-nin m\u0259tbuat xidm\u0259ti t\u0259r\u0259find\u0259n yay\u0131lm\u0131\u015f m\u0259lumatda deyilir.<\/p>\n<div id=\"AdviadNativeVideo0\" class=\"AdviadNativeVideo\"><\/div>\n<p>H\u0259min g\u00fcn saat 10:00-da D\u00f6vl\u0259t G\u00f6mr\u00fck Komit\u0259si s\u0259drinin birinci m\u00fcavini, g\u00f6mr\u00fck xidm\u0259ti general-mayoru \u0130smay\u0131l H\u00fcseynov Saatl\u0131 rayon G\u0259ncl\u0259r Evind\u0259 (Saatl\u0131 \u015f\u0259h\u0259ri, H\u0259s\u0259n b\u0259y Z\u0259rdabi k\u00fc\u00e7. 71A) Saatl\u0131 rayonundan, D\u00f6vl\u0259t G\u00f6mr\u00fck Komit\u0259si s\u0259drinin m\u00fcavini, g\u00f6mr\u00fck xidm\u0259ti general-leytenant\u0131 \u018fsg\u0259r Abdullayev is\u0259 Bil\u0259suvar rayon Heyd\u0259r \u018fliyev M\u0259rk\u0259zind\u0259 (Bil\u0259suvar \u015f\u0259h\u0259ri, M.\u0130brahimov k\u00fc\u00e7. 213) Bil\u0259suvar rayonundan olan v\u0259t\u0259nda\u015flar\u0131 q\u0259bul ed\u0259c\u0259k.<\/p>\n<p>Q\u0259bullar zaman\u0131 yaln\u0131z \u015eirvan, Hac\u0131qabul, Sabirabad, Saatl\u0131 v\u0259 Bil\u0259suvar rayonlar\u0131n\u0131n v\u0259 bu b\u00f6lg\u0259d\u0259 m\u0259skunla\u015fan m\u0259cburi k\u00f6\u00e7k\u00fcnl\u0259rin g\u00f6mr\u00fck m\u0259s\u0259l\u0259l\u0259ri il\u0259 ba\u011fl\u0131 m\u00fcraci\u0259tl\u0259ri dinl\u0259nil\u0259c\u0259k.<\/p>\n<p>Q\u0259bullarda i\u015ftirak etm\u0259k ist\u0259y\u0259n v\u0259t\u0259nda\u015flar &#8220;195&#8221; \u00c7a\u011fr\u0131 M\u0259rk\u0259zi, D\u00f6vl\u0259t G\u00f6mr\u00fck Komit\u0259si (\u0259laq\u0259 telefonu: (012) 404-22-00) il\u0259 \u0259laq\u0259 saxlayaraq v\u0259 ya Komit\u0259nin r\u0259smi internet s\u0259hif\u0259sinin \u201cM\u00fcraci\u0259tl\u0259r\u201d v\u0259 \u201cVirtual q\u0259bul\u201d b\u00f6lm\u0259l\u0259rind\u0259n daxil olmaqla (<a href=\"https:\/\/customs.gov.az\/az\/muracietler\/sedre-mektub\/\">https:\/\/customs.gov.az\/az\/muracietler\/sedre-mektub\/<\/a>) q\u0259bula yaz\u0131la bil\u0259rl\u0259r.Unikal.org<\/p>\n","protected":false},"excerpt":{"rendered":"<p>M\u0259rk\u0259zi icra hakimiyy\u0259ti orqanlar\u0131 r\u0259hb\u0259rl\u0259rinin v\u0259 onlar\u0131n m\u00fcavinl\u0259rinin \u015f\u0259h\u0259r v\u0259 rayonlarda v\u0259t\u0259nda\u015flar\u0131n q\u0259bulu c\u0259dv\u0259lin\u0259 uy\u011fun olaraq, D\u00f6vl\u0259t G\u00f6mr\u00fck Komit\u0259sinin (DGK) s\u0259dri, g\u00f6mr\u00fck xidm\u0259ti general-leytenant\u0131 S\u0259f\u0259r Mehdiyev yanvar\u0131n 31-d\u0259 saat 10:00-da \u015eirvan rayon G\u0259ncl\u0259r Evind\u0259 (\u015eirvan \u015f\u0259h\u0259ri, Nax\u00e7\u0131van k\u00fc\u00e7. 1B) \u015eirvan, Hac\u0131qabul v\u0259 Sabirabad rayonlar\u0131ndan olan v\u0259t\u0259nda\u015flar\u0131 q\u0259bul ed\u0259c\u0259k. ARANTV.AZ\u00a0 bildirir ki, bu bar\u0259d\u0259 DGK-nin m\u0259tbuat xidm\u0259ti t\u0259r\u0259find\u0259n yay\u0131lm\u0131\u015f m\u0259lumatda deyilir. H\u0259min g\u00fcn saat 10:00-da D\u00f6vl\u0259t G\u00f6mr\u00fck Komit\u0259si s\u0259drinin birinci m\u00fcavini, g\u00f6mr\u00fck xidm\u0259ti general-mayoru \u0130smay\u0131l H\u00fcseynov Saatl\u0131 rayon G\u0259ncl\u0259r Evind\u0259 (Saatl\u0131 \u015f\u0259h\u0259ri, H\u0259s\u0259n b\u0259y Z\u0259rdabi k\u00fc\u00e7. 71A) Saatl\u0131 rayonundan, D\u00f6vl\u0259t G\u00f6mr\u00fck&hellip;<\/p>\n","protected":false},"author":2,"featured_media":123841,"comment_status":"closed","ping_status":"closed","sticky":false,"template":"","format":"standard","meta":{"om_disable_all_campaigns":false,"_monsterinsights_skip_tracking":false,"_monsterinsights_sitenote_active":false,"_monsterinsights_sitenote_note":"","_monsterinsights_sitenote_category":0},"categories":[1],"tags":[],"aioseo_notices":[],"gutentor_comment":0,"rttpg_featured_image_url":{"full":["https:\/\/arantv.az\/wp-content\/uploads\/2020\/01\/1577255201.sefer_.jpg",600,400,false],"landscape":["https:\/\/arantv.az\/wp-content\/uploads\/2020\/01\/1577255201.sefer_.jpg",600,400,false],"portraits":["https:\/\/arantv.az\/wp-content\/uploads\/2020\/01\/1577255201.sefer_.jpg",600,400,false],"thumbnail":["https:\/\/arantv.az\/wp-content\/uploads\/2020\/01\/1577255201.sefer_-150x150.jpg",150,150,true],"medium":["https:\/\/arantv.az\/wp-content\/uploads\/2020\/01\/1577255201.sefer_-300x200.jpg",300,200,true],"large":["https:\/\/arantv.az\/wp-content\/uploads\/2020\/01\/1577255201.sefer_.jpg",600,400,false],"1536x1536":["https:\/\/arantv.az\/wp-content\/uploads\/2020\/01\/1577255201.sefer_.jpg",600,400,false],"2048x2048":["https:\/\/arantv.az\/wp-content\/uploads\/2020\/01\/1577255201.sefer_.jpg",600,400,false],"post-thumbnail":["https:\/\/arantv.az\/wp-content\/uploads\/2020\/01\/1577255201.sefer_-240x172.jpg",240,172,true],"advps-thumb-one":["https:\/\/arantv.az\/wp-content\/uploads\/2020\/01\/1577255201.sefer_.jpg",600,400,false]},"rttpg_author":{"display_name":"V\u00fcsal Rafiqo\u011flu","author_link":"https:\/\/arantv.az\/?author=2"},"rttpg_comment":0,"rttpg_category":"<a href=\"https:\/\/arantv.az\/?cat=1\" rel=\"category\">C\u0259miyy\u0259t<\/a>","rttpg_excerpt":"M\u0259rk\u0259zi icra hakimiyy\u0259ti orqanlar\u0131 r\u0259hb\u0259rl\u0259rinin v\u0259 onlar\u0131n m\u00fcavinl\u0259rinin \u015f\u0259h\u0259r v\u0259 rayonlarda v\u0259t\u0259nda\u015flar\u0131n q\u0259bulu c\u0259dv\u0259lin\u0259 uy\u011fun olaraq, D\u00f6vl\u0259t G\u00f6mr\u00fck Komit\u0259sinin (DGK) s\u0259dri, g\u00f6mr\u00fck xidm\u0259ti general-leytenant\u0131 S\u0259f\u0259r Mehdiyev yanvar\u0131n 31-d\u0259 saat 10:00-da \u015eirvan rayon G\u0259ncl\u0259r Evind\u0259 (\u015eirvan \u015f\u0259h\u0259ri, Nax\u00e7\u0131van k\u00fc\u00e7. 1B) \u015eirvan, Hac\u0131qabul v\u0259 Sabirabad rayonlar\u0131ndan olan v\u0259t\u0259nda\u015flar\u0131 q\u0259bul ed\u0259c\u0259k. ARANTV.AZ\u00a0 bildirir ki, bu bar\u0259d\u0259 DGK-nin m\u0259tbuat&hellip;","_links":{"self":[{"href":"https:\/\/arantv.az\/index.php?rest_route=\/wp\/v2\/posts\/123840"}],"collection":[{"href":"https:\/\/arantv.az\/index.php?rest_route=\/wp\/v2\/posts"}],"about":[{"href":"https:\/\/arantv.az\/index.php?rest_route=\/wp\/v2\/types\/post"}],"author":[{"embeddable":true,"href":"https:\/\/arantv.az\/index.php?rest_route=\/wp\/v2\/users\/2"}],"replies":[{"embeddable":true,"href":"https:\/\/arantv.az\/index.php?rest_route=%2Fwp%2Fv2%2Fcomments&post=123840"}],"version-history":[{"count":0,"href":"https:\/\/arantv.az\/index.php?rest_route=\/wp\/v2\/posts\/123840\/revisions"}],"wp:featuredmedia":[{"embeddable":true,"href":"https:\/\/arantv.az\/index.php?rest_route=\/wp\/v2\/media\/123841"}],"wp:attachment":[{"href":"https:\/\/arantv.az\/index.php?rest_route=%2Fwp%2Fv2%2Fmedia&parent=123840"}],"wp:term":[{"taxonomy":"category","embeddable":true,"href":"https:\/\/arantv.az\/index.php?rest_route=%2Fwp%2Fv2%2Fcategories&post=123840"},{"taxonomy":"post_tag","embeddable":true,"href":"https:\/\/arantv.az\/index.php?rest_route=%2Fwp%2Fv2%2Ftags&post=123840"}],"curies":[{"name":"wp","href":"https:\/\/api.w.org\/{rel}","templated":true}]}}