{"id":123848,"date":"2020-01-28T13:42:31","date_gmt":"2020-01-28T10:42:31","guid":{"rendered":"http:\/\/arantv.az\/?p=123848"},"modified":"2020-01-28T13:42:31","modified_gmt":"2020-01-28T10:42:31","slug":"bu-il-bir-nec%c9%99-olk%c9%99d%c9%99-asan-xidm%c9%99t-m%c9%99rk%c9%99zl%c9%99ri-acilacaq","status":"publish","type":"post","link":"https:\/\/arantv.az\/?p=123848","title":{"rendered":"Bu il bir ne\u00e7\u0259 \u00f6lk\u0259d\u0259 &#8220;ASAN xidm\u0259t&#8221; m\u0259rk\u0259zl\u0259ri a\u00e7\u0131lacaq"},"content":{"rendered":"<p>&#8220;Bu il \u0259rzind\u0259 b\u0259zi \u00f6lk\u0259l\u0259rd\u0259 &#8220;ASAN xidm\u0259t&#8221; m\u0259rk\u0259zl\u0259rinin a\u00e7\u0131l\u0131\u015f\u0131 olacaq&#8221;.<\/p>\n<p><strong>ARANTV.AZ\u00a0<\/strong><a href=\"https:\/\/az.trend.az\/\" target=\"_blank\" rel=\"noopener\">Trend<\/a>-\u0259 istinad\u0259n x\u0259b\u0259r verir ki, bunu Az\u0259rbaycan Respublikas\u0131n\u0131n Prezidenti yan\u0131nda V\u0259t\u0259nda\u015flara Xidm\u0259t v\u0259 Sosial \u0130nnovasiyalar \u00fczr\u0259 D\u00f6vl\u0259t Agentliyinin s\u0259dri \u00dclvi Mehdiyev 2019-cu ilin yekunlar\u0131na h\u0259sr olunan m\u0259tbuat konfrans\u0131nda bildirib.<\/p>\n<p>Onun s\u00f6zl\u0259rin\u0259 g\u00f6r\u0259, bu istiqam\u0259td\u0259 13 \u00f6lk\u0259 il\u0259 i\u015f apar\u0131l\u0131r:<\/p>\n<p>&#8220;Bizim \u0259sas f\u0259aliyy\u0259t h\u0259d\u0259fl\u0259rimizd\u0259n biri beyn\u0259lxalq arenada &#8220;ASAN xidm\u0259t&#8221;in t\u0259bli\u011fat\u0131n\u0131 aparmaq v\u0259 daha \u00e7ox \u00f6lk\u0259y\u0259 ixrac etm\u0259kdir. Haz\u0131rda ASAN Beyn\u0259lxalq Assosiasiyas\u0131n\u0131n formala\u015fd\u0131r\u0131lmas\u0131 prosesi gedir. \u00d6t\u0259n ilin dekabr\u0131nda 8 \u00f6lk\u0259 il\u0259 birg\u0259 nizamnam\u0259 layih\u0259si raz\u0131la\u015fd\u0131r\u0131l\u0131b v\u0259 haz\u0131rda h\u0259min d\u00f6vl\u0259tl\u0259r s\u0259n\u0259di \u00f6z \u00f6lk\u0259l\u0259rind\u0259 ratifikasiya etm\u0259lidir. Bu proses ilin birinci yar\u0131s\u0131nda yekunla\u015fmal\u0131d\u0131r&#8221;.<\/p>\n<div><\/div>\n<p>Qeyd ed\u0259k ki, Assosiasiya layih\u0259sini imzalayan d\u00f6vl\u0259tl\u0259r Az\u0259rbaycan, M\u0259rake\u015f, Monteneqro, Malayziya, \u0130ndoneziya, \u018ffqan\u0131stan, T\u00fcrkiy\u0259, Uqanda v\u0259 Birl\u0259\u015fmi\u015f \u018fr\u0259b \u018fmirlikl\u0259ridir.<\/p>\n","protected":false},"excerpt":{"rendered":"<p>&#8220;Bu il \u0259rzind\u0259 b\u0259zi \u00f6lk\u0259l\u0259rd\u0259 &#8220;ASAN xidm\u0259t&#8221; m\u0259rk\u0259zl\u0259rinin a\u00e7\u0131l\u0131\u015f\u0131 olacaq&#8221;. ARANTV.AZ\u00a0Trend-\u0259 istinad\u0259n x\u0259b\u0259r verir ki, bunu Az\u0259rbaycan Respublikas\u0131n\u0131n Prezidenti yan\u0131nda V\u0259t\u0259nda\u015flara Xidm\u0259t v\u0259 Sosial \u0130nnovasiyalar \u00fczr\u0259 D\u00f6vl\u0259t Agentliyinin s\u0259dri \u00dclvi Mehdiyev 2019-cu ilin yekunlar\u0131na h\u0259sr olunan m\u0259tbuat konfrans\u0131nda bildirib. Onun s\u00f6zl\u0259rin\u0259 g\u00f6r\u0259, bu istiqam\u0259td\u0259 13 \u00f6lk\u0259 il\u0259 i\u015f apar\u0131l\u0131r: &#8220;Bizim \u0259sas f\u0259aliyy\u0259t h\u0259d\u0259fl\u0259rimizd\u0259n biri beyn\u0259lxalq arenada &#8220;ASAN xidm\u0259t&#8221;in t\u0259bli\u011fat\u0131n\u0131 aparmaq v\u0259 daha \u00e7ox \u00f6lk\u0259y\u0259 ixrac etm\u0259kdir. Haz\u0131rda ASAN Beyn\u0259lxalq Assosiasiyas\u0131n\u0131n formala\u015fd\u0131r\u0131lmas\u0131 prosesi gedir. \u00d6t\u0259n ilin dekabr\u0131nda 8 \u00f6lk\u0259 il\u0259 birg\u0259 nizamnam\u0259 layih\u0259si raz\u0131la\u015fd\u0131r\u0131l\u0131b v\u0259 haz\u0131rda h\u0259min d\u00f6vl\u0259tl\u0259r s\u0259n\u0259di \u00f6z \u00f6lk\u0259l\u0259rind\u0259&hellip;<\/p>\n","protected":false},"author":2,"featured_media":123849,"comment_status":"closed","ping_status":"closed","sticky":false,"template":"","format":"standard","meta":{"om_disable_all_campaigns":false,"_monsterinsights_skip_tracking":false,"_monsterinsights_sitenote_active":false,"_monsterinsights_sitenote_note":"","_monsterinsights_sitenote_category":0},"categories":[1],"tags":[],"aioseo_notices":[],"gutentor_comment":0,"rttpg_featured_image_url":{"full":["https:\/\/arantv.az\/wp-content\/uploads\/2020\/01\/821388.jpg",800,600,false],"landscape":["https:\/\/arantv.az\/wp-content\/uploads\/2020\/01\/821388.jpg",800,600,false],"portraits":["https:\/\/arantv.az\/wp-content\/uploads\/2020\/01\/821388.jpg",800,600,false],"thumbnail":["https:\/\/arantv.az\/wp-content\/uploads\/2020\/01\/821388-150x150.jpg",150,150,true],"medium":["https:\/\/arantv.az\/wp-content\/uploads\/2020\/01\/821388-300x225.jpg",300,225,true],"large":["https:\/\/arantv.az\/wp-content\/uploads\/2020\/01\/821388.jpg",640,480,false],"1536x1536":["https:\/\/arantv.az\/wp-content\/uploads\/2020\/01\/821388.jpg",800,600,false],"2048x2048":["https:\/\/arantv.az\/wp-content\/uploads\/2020\/01\/821388.jpg",800,600,false],"post-thumbnail":["https:\/\/arantv.az\/wp-content\/uploads\/2020\/01\/821388-240x172.jpg",240,172,true],"advps-thumb-one":["https:\/\/arantv.az\/wp-content\/uploads\/2020\/01\/821388.jpg",800,600,false]},"rttpg_author":{"display_name":"V\u00fcsal Rafiqo\u011flu","author_link":"https:\/\/arantv.az\/?author=2"},"rttpg_comment":0,"rttpg_category":"<a href=\"https:\/\/arantv.az\/?cat=1\" rel=\"category\">C\u0259miyy\u0259t<\/a>","rttpg_excerpt":"&#8220;Bu il \u0259rzind\u0259 b\u0259zi \u00f6lk\u0259l\u0259rd\u0259 &#8220;ASAN xidm\u0259t&#8221; m\u0259rk\u0259zl\u0259rinin a\u00e7\u0131l\u0131\u015f\u0131 olacaq&#8221;. ARANTV.AZ\u00a0Trend-\u0259 istinad\u0259n x\u0259b\u0259r verir ki, bunu Az\u0259rbaycan Respublikas\u0131n\u0131n Prezidenti yan\u0131nda V\u0259t\u0259nda\u015flara Xidm\u0259t v\u0259 Sosial \u0130nnovasiyalar \u00fczr\u0259 D\u00f6vl\u0259t Agentliyinin s\u0259dri \u00dclvi Mehdiyev 2019-cu ilin yekunlar\u0131na h\u0259sr olunan m\u0259tbuat konfrans\u0131nda bildirib. Onun s\u00f6zl\u0259rin\u0259 g\u00f6r\u0259, bu istiqam\u0259td\u0259 13 \u00f6lk\u0259 il\u0259 i\u015f apar\u0131l\u0131r: &#8220;Bizim \u0259sas f\u0259aliyy\u0259t h\u0259d\u0259fl\u0259rimizd\u0259n biri beyn\u0259lxalq&hellip;","_links":{"self":[{"href":"https:\/\/arantv.az\/index.php?rest_route=\/wp\/v2\/posts\/123848"}],"collection":[{"href":"https:\/\/arantv.az\/index.php?rest_route=\/wp\/v2\/posts"}],"about":[{"href":"https:\/\/arantv.az\/index.php?rest_route=\/wp\/v2\/types\/post"}],"author":[{"embeddable":true,"href":"https:\/\/arantv.az\/index.php?rest_route=\/wp\/v2\/users\/2"}],"replies":[{"embeddable":true,"href":"https:\/\/arantv.az\/index.php?rest_route=%2Fwp%2Fv2%2Fcomments&post=123848"}],"version-history":[{"count":0,"href":"https:\/\/arantv.az\/index.php?rest_route=\/wp\/v2\/posts\/123848\/revisions"}],"wp:featuredmedia":[{"embeddable":true,"href":"https:\/\/arantv.az\/index.php?rest_route=\/wp\/v2\/media\/123849"}],"wp:attachment":[{"href":"https:\/\/arantv.az\/index.php?rest_route=%2Fwp%2Fv2%2Fmedia&parent=123848"}],"wp:term":[{"taxonomy":"category","embeddable":true,"href":"https:\/\/arantv.az\/index.php?rest_route=%2Fwp%2Fv2%2Fcategories&post=123848"},{"taxonomy":"post_tag","embeddable":true,"href":"https:\/\/arantv.az\/index.php?rest_route=%2Fwp%2Fv2%2Ftags&post=123848"}],"curies":[{"name":"wp","href":"https:\/\/api.w.org\/{rel}","templated":true}]}}