{"id":123860,"date":"2020-01-28T13:49:43","date_gmt":"2020-01-28T10:49:43","guid":{"rendered":"http:\/\/arantv.az\/?p=123860"},"modified":"2020-01-28T13:49:43","modified_gmt":"2020-01-28T10:49:43","slug":"az%c9%99rbaycanda-yuk-masini-bel%c9%99-asdi-foto","status":"publish","type":"post","link":"https:\/\/arantv.az\/?p=123860","title":{"rendered":"Az\u0259rbaycanda y\u00fck ma\u015f\u0131n\u0131 bel\u0259 a\u015fd\u0131 &#8211; FOTO"},"content":{"rendered":"<p>D\u00fcn\u0259n ax\u015fam saatlar\u0131nda G\u00f6yg\u00f6l rayonunda a\u011f\u0131r yol q\u0259zas\u0131 ba\u015f verib.<\/p>\n<p><strong>ARANTV.AZ<\/strong>\u00a0 x\u0259b\u0259r verir ki, G\u00f6yg\u00f6l-G\u0259nc\u0259 yolunda &#8220;QazEL&#8221; markal\u0131 y\u00fck ma\u015f\u0131n\u0131 il\u0259 &#8220;Mercedes&#8221; markal\u0131 minik avtomobili toqqu\u015fub. Bu zaman idar\u0259etm\u0259d\u0259n \u00e7\u0131xan y\u00fck ma\u015f\u0131n\u0131 yolun k\u0259nar\u0131na a\u015f\u0131b.<\/p>\n<p>Hadis\u0259 n\u0259tic\u0259sind\u0259 3 n\u0259f\u0259r m\u00fcxt\u0259lif d\u0259r\u0259c\u0259li b\u0259d\u0259n x\u0259sar\u0259tl\u0259ri al\u0131b.<\/p>\n<p>Q\u0259zadan g\u00f6r\u00fcnt\u00fcl\u0259ri t\u0259qdim edirik.<br \/>\n<img class=\"imgbcode\" src=\"https:\/\/sonxeber.az\/uploads\/83445818_2720953014659056_8177340766322950144_o.jpg\" alt=\"Az\u0259rbaycanda y\u00fck ma\u015f\u0131n\u0131 bel\u0259 a\u015fd\u0131 - FOTO\" \/><\/p>\n<p>Publika.az<\/p>\n","protected":false},"excerpt":{"rendered":"<p>D\u00fcn\u0259n ax\u015fam saatlar\u0131nda G\u00f6yg\u00f6l rayonunda a\u011f\u0131r yol q\u0259zas\u0131 ba\u015f verib. ARANTV.AZ\u00a0 x\u0259b\u0259r verir ki, G\u00f6yg\u00f6l-G\u0259nc\u0259 yolunda &#8220;QazEL&#8221; markal\u0131 y\u00fck ma\u015f\u0131n\u0131 il\u0259 &#8220;Mercedes&#8221; markal\u0131 minik avtomobili toqqu\u015fub. Bu zaman idar\u0259etm\u0259d\u0259n \u00e7\u0131xan y\u00fck ma\u015f\u0131n\u0131 yolun k\u0259nar\u0131na a\u015f\u0131b. Hadis\u0259 n\u0259tic\u0259sind\u0259 3 n\u0259f\u0259r m\u00fcxt\u0259lif d\u0259r\u0259c\u0259li b\u0259d\u0259n x\u0259sar\u0259tl\u0259ri al\u0131b. Q\u0259zadan g\u00f6r\u00fcnt\u00fcl\u0259ri t\u0259qdim edirik. Publika.az<\/p>\n","protected":false},"author":2,"featured_media":123861,"comment_status":"closed","ping_status":"closed","sticky":false,"template":"","format":"standard","meta":{"om_disable_all_campaigns":false,"_monsterinsights_skip_tracking":false,"_monsterinsights_sitenote_active":false,"_monsterinsights_sitenote_note":"","_monsterinsights_sitenote_category":0},"categories":[5],"tags":[],"aioseo_notices":[],"gutentor_comment":0,"rttpg_featured_image_url":{"full":["https:\/\/arantv.az\/wp-content\/uploads\/2020\/01\/83928697_2720952851325739_6572007893749465088_o.jpg",549,309,false],"landscape":["https:\/\/arantv.az\/wp-content\/uploads\/2020\/01\/83928697_2720952851325739_6572007893749465088_o.jpg",549,309,false],"portraits":["https:\/\/arantv.az\/wp-content\/uploads\/2020\/01\/83928697_2720952851325739_6572007893749465088_o.jpg",549,309,false],"thumbnail":["https:\/\/arantv.az\/wp-content\/uploads\/2020\/01\/83928697_2720952851325739_6572007893749465088_o-150x150.jpg",150,150,true],"medium":["https:\/\/arantv.az\/wp-content\/uploads\/2020\/01\/83928697_2720952851325739_6572007893749465088_o-300x169.jpg",300,169,true],"large":["https:\/\/arantv.az\/wp-content\/uploads\/2020\/01\/83928697_2720952851325739_6572007893749465088_o.jpg",549,309,false],"1536x1536":["https:\/\/arantv.az\/wp-content\/uploads\/2020\/01\/83928697_2720952851325739_6572007893749465088_o.jpg",549,309,false],"2048x2048":["https:\/\/arantv.az\/wp-content\/uploads\/2020\/01\/83928697_2720952851325739_6572007893749465088_o.jpg",549,309,false],"post-thumbnail":["https:\/\/arantv.az\/wp-content\/uploads\/2020\/01\/83928697_2720952851325739_6572007893749465088_o-240x172.jpg",240,172,true],"advps-thumb-one":["https:\/\/arantv.az\/wp-content\/uploads\/2020\/01\/83928697_2720952851325739_6572007893749465088_o.jpg",549,309,false]},"rttpg_author":{"display_name":"V\u00fcsal Rafiqo\u011flu","author_link":"https:\/\/arantv.az\/?author=2"},"rttpg_comment":0,"rttpg_category":"<a href=\"https:\/\/arantv.az\/?cat=5\" rel=\"category\">Hadis\u0259<\/a>","rttpg_excerpt":"D\u00fcn\u0259n ax\u015fam saatlar\u0131nda G\u00f6yg\u00f6l rayonunda a\u011f\u0131r yol q\u0259zas\u0131 ba\u015f verib. ARANTV.AZ\u00a0 x\u0259b\u0259r verir ki, G\u00f6yg\u00f6l-G\u0259nc\u0259 yolunda &#8220;QazEL&#8221; markal\u0131 y\u00fck ma\u015f\u0131n\u0131 il\u0259 &#8220;Mercedes&#8221; markal\u0131 minik avtomobili toqqu\u015fub. Bu zaman idar\u0259etm\u0259d\u0259n \u00e7\u0131xan y\u00fck ma\u015f\u0131n\u0131 yolun k\u0259nar\u0131na a\u015f\u0131b. Hadis\u0259 n\u0259tic\u0259sind\u0259 3 n\u0259f\u0259r m\u00fcxt\u0259lif d\u0259r\u0259c\u0259li b\u0259d\u0259n x\u0259sar\u0259tl\u0259ri al\u0131b. Q\u0259zadan g\u00f6r\u00fcnt\u00fcl\u0259ri t\u0259qdim edirik. Publika.az","_links":{"self":[{"href":"https:\/\/arantv.az\/index.php?rest_route=\/wp\/v2\/posts\/123860"}],"collection":[{"href":"https:\/\/arantv.az\/index.php?rest_route=\/wp\/v2\/posts"}],"about":[{"href":"https:\/\/arantv.az\/index.php?rest_route=\/wp\/v2\/types\/post"}],"author":[{"embeddable":true,"href":"https:\/\/arantv.az\/index.php?rest_route=\/wp\/v2\/users\/2"}],"replies":[{"embeddable":true,"href":"https:\/\/arantv.az\/index.php?rest_route=%2Fwp%2Fv2%2Fcomments&post=123860"}],"version-history":[{"count":0,"href":"https:\/\/arantv.az\/index.php?rest_route=\/wp\/v2\/posts\/123860\/revisions"}],"wp:featuredmedia":[{"embeddable":true,"href":"https:\/\/arantv.az\/index.php?rest_route=\/wp\/v2\/media\/123861"}],"wp:attachment":[{"href":"https:\/\/arantv.az\/index.php?rest_route=%2Fwp%2Fv2%2Fmedia&parent=123860"}],"wp:term":[{"taxonomy":"category","embeddable":true,"href":"https:\/\/arantv.az\/index.php?rest_route=%2Fwp%2Fv2%2Fcategories&post=123860"},{"taxonomy":"post_tag","embeddable":true,"href":"https:\/\/arantv.az\/index.php?rest_route=%2Fwp%2Fv2%2Ftags&post=123860"}],"curies":[{"name":"wp","href":"https:\/\/api.w.org\/{rel}","templated":true}]}}