{"id":123929,"date":"2020-01-28T14:23:46","date_gmt":"2020-01-28T11:23:46","guid":{"rendered":"http:\/\/arantv.az\/?p=123929"},"modified":"2020-01-28T14:23:46","modified_gmt":"2020-01-28T11:23:46","slug":"aprel-doyusl%c9%99ri-haqqinda-cizgi-filmi-hazirlanir","status":"publish","type":"post","link":"https:\/\/arantv.az\/?p=123929","title":{"rendered":"Aprel d\u00f6y\u00fc\u015fl\u0259ri haqq\u0131nda cizgi filmi haz\u0131rlan\u0131r"},"content":{"rendered":"<p>\u201cAz\u0259rbaycan Televiziya v\u0259 Radio Verili\u015fl\u0259ri\u201d QSC-nin (AzTV) yan\u0131nda B\u0259dii \u015euran\u0131n n\u00f6vb\u0259ti iclas\u0131 ke\u00e7irilib.<\/p>\n<p>Qurumun Sosial media v\u0259 ictimaiyy\u0259tl\u0259 \u0259laq\u0259l\u0259r \u015f\u00f6b\u0259sind\u0259n veril\u0259n m\u0259lumata g\u00f6r\u0259, iclasda QSC s\u0259dri\u00a0R\u00f6v\u015f\u0259n M\u0259mm\u0259dov\u00a0\u00e7\u0131x\u0131\u015f ed\u0259r\u0259k \u00f6t\u0259n d\u00f6vr bar\u0259d\u0259 q\u0131sa xat\u0131rlatma verib, yanvar\u0131n 25-d\u0259 B\u0259dii \u015euran\u0131n Sumqay\u0131t ictimaiyy\u0259ti il\u0259 ke\u00e7iril\u0259n g\u00f6r\u00fc\u015f\u00fcn\u0259 toxunub.<\/p>\n<p>Bel\u0259 g\u00f6r\u00fc\u015fl\u0259rin vacib oldu\u011funu vur\u011fulayan R.M\u0259mm\u0259dov deyib: \u201cAz\u0259rbaycan Televiziyas\u0131 olaraq tama\u015fa\u00e7\u0131 r\u0259yi bizim \u00fc\u00e7\u00fcn \u0259n vacib amill\u0259rd\u0259ndir. Bu bax\u0131mdan bu kimi g\u00f6r\u00fc\u015fl\u0259ri biz daha da intensivl\u0259\u015fdirm\u0259liyik\u201d.<\/p>\n<p>\u015eura \u00fczvl\u0259ri &#8211; Xalq artistl\u0259ri M\u00fcbariz Ta\u011f\u0131yev, Faiq S\u00fcc\u0259ddinov,\u00a0M\u0259nsum \u0130brahimov,\u00a0Ramiz Quliyev, AzTV-nin \u018fd\u0259bi-dram verili\u015fl\u0259ri redaksiyas\u0131n\u0131n ba\u015f redaktoru Flora X\u0259lilzad\u0259, \u018fm\u0259kdar inc\u0259s\u0259n\u0259t xadimi, modelyer F\u0259xriyy\u0259 X\u0259l\u0259fova v\u0259 dig\u0259rl\u0259ri Sumqay\u0131t ictimaiyy\u0259ti il\u0259 g\u00f6r\u00fc\u015f\u00fcn n\u0259tic\u0259l\u0259rini y\u00fcks\u0259k qiym\u0259tl\u0259ndirib, \u015f\u0259h\u0259r ictimaiyy\u0259tinin t\u0259klifl\u0259rini s\u0259sl\u0259ndiribl\u0259r. \u015eura \u00fczvl\u0259ri Sumqay\u0131t ictimaiyy\u0259tinin AzTV-d\u0259 son bir ild\u0259 apar\u0131lan ciddi d\u0259yi\u015fiklikl\u0259ri, onlarla yeni verili\u015fl\u0259ri, Az\u0259rbaycan Radiosunda efir d\u0259yi\u015fikliyini t\u0259qdir etdikl\u0259rini diqq\u0259t\u0259 \u00e7atd\u0131r\u0131blar.<\/p>\n<p>\u201cBir ne\u00e7\u0259si m\u0259n\u0259 yax\u0131nla\u015f\u0131b dedi ki, biz art\u0131q 6-7 ayd\u0131r AzTV-y\u0259 bax\u0131r\u0131q\u201d, &#8211; M\u0259nsum \u0130brahimov \u0259lav\u0259 edib.<\/p>\n<p>\u0130ctimaiyy\u0259tin t\u0259qdir v\u0259 t\u0259klifl\u0259rin\u0259 m\u00fcnasib\u0259t bildir\u0259n R\u00f6v\u015f\u0259n M\u0259mm\u0259dov deyib ki, Az\u0259rbaycan Radiosunda son vaxtlar 10 verili\u015f canl\u0131 efir\u0259 \u00e7\u0131xma\u011fa ba\u015flay\u0131b. U\u015faqlar \u00fc\u00e7\u00fcn cizgi filml\u0259ri il\u0259 ba\u011fl\u0131 t\u0259klifl\u0259rin m\u00fczakir\u0259si zaman\u0131 s\u0259dr \u0259lav\u0259 edib ki, art\u0131q QSC sifari\u015f verib, 2016-c\u0131 ild\u0259 Az\u0259rbaycan Ordusunun i\u015f\u011fal\u00e7\u0131 erm\u0259ni silahl\u0131lar\u0131 \u00fcz\u0259rind\u0259 q\u0259l\u0259b\u0259si il\u0259 n\u0259tic\u0259l\u0259n\u0259n d\u00f6rd g\u00fcnl\u00fck Aprel d\u00f6y\u00fc\u015fl\u0259ri haqq\u0131nda cizgi filmi haz\u0131rlan\u0131r. \u201cBiz h\u0259tta Aprel d\u00f6y\u00fc\u015fl\u0259rind\u0259 f\u0259rql\u0259nmi\u015f q\u0259hr\u0259manlar\u0131m\u0131zdan sa\u011f qalanlar\u0131n \u00fcz cizgil\u0259rini d\u0259 g\u00f6nd\u0259rmi\u015fik ki, real obrazlar\u0131n simalar\u0131 filmd\u0259 \u0259ksini taps\u0131n. Bu, ordumuzun q\u0259hr\u0259manl\u0131\u011f\u0131n\u0131n g\u0259l\u0259c\u0259k n\u0259sil\u0259 a\u015f\u0131lanmas\u0131 \u00fc\u00e7\u00fcn bir add\u0131md\u0131r\u201d, &#8211; R. M\u0259mm\u0259dov bildirib.<\/p>\n<p>Daha sonra g\u00fcnd\u0259likd\u0259ki bir s\u0131ra cari m\u0259s\u0259l\u0259l\u0259r m\u00fczakir\u0259 olunub. B\u0259dii \u015euran\u0131n ictimaiyy\u0259tl\u0259 n\u00f6vb\u0259ti g\u00f6r\u00fc\u015f\u00fc fevral\u0131n 8-d\u0259 Bak\u0131n\u0131n X\u0259z\u0259r rayonuna t\u0259yin olunub.<\/p>\n<p>&#8220;Report&#8221;<\/p>\n","protected":false},"excerpt":{"rendered":"<p>\u201cAz\u0259rbaycan Televiziya v\u0259 Radio Verili\u015fl\u0259ri\u201d QSC-nin (AzTV) yan\u0131nda B\u0259dii \u015euran\u0131n n\u00f6vb\u0259ti iclas\u0131 ke\u00e7irilib. Qurumun Sosial media v\u0259 ictimaiyy\u0259tl\u0259 \u0259laq\u0259l\u0259r \u015f\u00f6b\u0259sind\u0259n veril\u0259n m\u0259lumata g\u00f6r\u0259, iclasda QSC s\u0259dri\u00a0R\u00f6v\u015f\u0259n M\u0259mm\u0259dov\u00a0\u00e7\u0131x\u0131\u015f ed\u0259r\u0259k \u00f6t\u0259n d\u00f6vr bar\u0259d\u0259 q\u0131sa xat\u0131rlatma verib, yanvar\u0131n 25-d\u0259 B\u0259dii \u015euran\u0131n Sumqay\u0131t ictimaiyy\u0259ti il\u0259 ke\u00e7iril\u0259n g\u00f6r\u00fc\u015f\u00fcn\u0259 toxunub. Bel\u0259 g\u00f6r\u00fc\u015fl\u0259rin vacib oldu\u011funu vur\u011fulayan R.M\u0259mm\u0259dov deyib: \u201cAz\u0259rbaycan Televiziyas\u0131 olaraq tama\u015fa\u00e7\u0131 r\u0259yi bizim \u00fc\u00e7\u00fcn \u0259n vacib amill\u0259rd\u0259ndir. Bu bax\u0131mdan bu kimi g\u00f6r\u00fc\u015fl\u0259ri biz daha da intensivl\u0259\u015fdirm\u0259liyik\u201d. \u015eura \u00fczvl\u0259ri &#8211; Xalq artistl\u0259ri M\u00fcbariz Ta\u011f\u0131yev, Faiq S\u00fcc\u0259ddinov,\u00a0M\u0259nsum \u0130brahimov,\u00a0Ramiz Quliyev, AzTV-nin \u018fd\u0259bi-dram verili\u015fl\u0259ri redaksiyas\u0131n\u0131n ba\u015f redaktoru Flora X\u0259lilzad\u0259, \u018fm\u0259kdar&hellip;<\/p>\n","protected":false},"author":2,"featured_media":123930,"comment_status":"closed","ping_status":"closed","sticky":false,"template":"","format":"standard","meta":{"om_disable_all_campaigns":false,"_monsterinsights_skip_tracking":false,"_monsterinsights_sitenote_active":false,"_monsterinsights_sitenote_note":"","_monsterinsights_sitenote_category":0},"categories":[1],"tags":[],"aioseo_notices":[],"gutentor_comment":0,"rttpg_featured_image_url":{"full":["https:\/\/arantv.az\/wp-content\/uploads\/2020\/01\/2fdc60642768c73b2a30ec88e64069ec_1535_94.jpg",975,540,false],"landscape":["https:\/\/arantv.az\/wp-content\/uploads\/2020\/01\/2fdc60642768c73b2a30ec88e64069ec_1535_94.jpg",975,540,false],"portraits":["https:\/\/arantv.az\/wp-content\/uploads\/2020\/01\/2fdc60642768c73b2a30ec88e64069ec_1535_94.jpg",975,540,false],"thumbnail":["https:\/\/arantv.az\/wp-content\/uploads\/2020\/01\/2fdc60642768c73b2a30ec88e64069ec_1535_94-150x150.jpg",150,150,true],"medium":["https:\/\/arantv.az\/wp-content\/uploads\/2020\/01\/2fdc60642768c73b2a30ec88e64069ec_1535_94-300x166.jpg",300,166,true],"large":["https:\/\/arantv.az\/wp-content\/uploads\/2020\/01\/2fdc60642768c73b2a30ec88e64069ec_1535_94.jpg",640,354,false],"1536x1536":["https:\/\/arantv.az\/wp-content\/uploads\/2020\/01\/2fdc60642768c73b2a30ec88e64069ec_1535_94.jpg",975,540,false],"2048x2048":["https:\/\/arantv.az\/wp-content\/uploads\/2020\/01\/2fdc60642768c73b2a30ec88e64069ec_1535_94.jpg",975,540,false],"post-thumbnail":["https:\/\/arantv.az\/wp-content\/uploads\/2020\/01\/2fdc60642768c73b2a30ec88e64069ec_1535_94-240x172.jpg",240,172,true],"advps-thumb-one":["https:\/\/arantv.az\/wp-content\/uploads\/2020\/01\/2fdc60642768c73b2a30ec88e64069ec_1535_94.jpg",975,540,false]},"rttpg_author":{"display_name":"V\u00fcsal Rafiqo\u011flu","author_link":"https:\/\/arantv.az\/?author=2"},"rttpg_comment":0,"rttpg_category":"<a href=\"https:\/\/arantv.az\/?cat=1\" rel=\"category\">C\u0259miyy\u0259t<\/a>","rttpg_excerpt":"\u201cAz\u0259rbaycan Televiziya v\u0259 Radio Verili\u015fl\u0259ri\u201d QSC-nin (AzTV) yan\u0131nda B\u0259dii \u015euran\u0131n n\u00f6vb\u0259ti iclas\u0131 ke\u00e7irilib. Qurumun Sosial media v\u0259 ictimaiyy\u0259tl\u0259 \u0259laq\u0259l\u0259r \u015f\u00f6b\u0259sind\u0259n veril\u0259n m\u0259lumata g\u00f6r\u0259, iclasda QSC s\u0259dri\u00a0R\u00f6v\u015f\u0259n M\u0259mm\u0259dov\u00a0\u00e7\u0131x\u0131\u015f ed\u0259r\u0259k \u00f6t\u0259n d\u00f6vr bar\u0259d\u0259 q\u0131sa xat\u0131rlatma verib, yanvar\u0131n 25-d\u0259 B\u0259dii \u015euran\u0131n Sumqay\u0131t ictimaiyy\u0259ti il\u0259 ke\u00e7iril\u0259n g\u00f6r\u00fc\u015f\u00fcn\u0259 toxunub. Bel\u0259 g\u00f6r\u00fc\u015fl\u0259rin vacib oldu\u011funu vur\u011fulayan R.M\u0259mm\u0259dov deyib: \u201cAz\u0259rbaycan Televiziyas\u0131 olaraq tama\u015fa\u00e7\u0131&hellip;","_links":{"self":[{"href":"https:\/\/arantv.az\/index.php?rest_route=\/wp\/v2\/posts\/123929"}],"collection":[{"href":"https:\/\/arantv.az\/index.php?rest_route=\/wp\/v2\/posts"}],"about":[{"href":"https:\/\/arantv.az\/index.php?rest_route=\/wp\/v2\/types\/post"}],"author":[{"embeddable":true,"href":"https:\/\/arantv.az\/index.php?rest_route=\/wp\/v2\/users\/2"}],"replies":[{"embeddable":true,"href":"https:\/\/arantv.az\/index.php?rest_route=%2Fwp%2Fv2%2Fcomments&post=123929"}],"version-history":[{"count":0,"href":"https:\/\/arantv.az\/index.php?rest_route=\/wp\/v2\/posts\/123929\/revisions"}],"wp:featuredmedia":[{"embeddable":true,"href":"https:\/\/arantv.az\/index.php?rest_route=\/wp\/v2\/media\/123930"}],"wp:attachment":[{"href":"https:\/\/arantv.az\/index.php?rest_route=%2Fwp%2Fv2%2Fmedia&parent=123929"}],"wp:term":[{"taxonomy":"category","embeddable":true,"href":"https:\/\/arantv.az\/index.php?rest_route=%2Fwp%2Fv2%2Fcategories&post=123929"},{"taxonomy":"post_tag","embeddable":true,"href":"https:\/\/arantv.az\/index.php?rest_route=%2Fwp%2Fv2%2Ftags&post=123929"}],"curies":[{"name":"wp","href":"https:\/\/api.w.org\/{rel}","templated":true}]}}