{"id":123953,"date":"2020-01-28T14:43:41","date_gmt":"2020-01-28T11:43:41","guid":{"rendered":"http:\/\/arantv.az\/?p=123953"},"modified":"2020-01-28T14:43:41","modified_gmt":"2020-01-28T11:43:41","slug":"ilham-%c9%99liyev-koronavirusla-bagli-tapsiriq-verdi-qurumlar-gucl%c9%99ndirilmis-rejim%c9%99-kecdi","status":"publish","type":"post","link":"https:\/\/arantv.az\/?p=123953","title":{"rendered":"\u0130lham \u018fliyev koronavirusla ba\u011fl\u0131 tap\u015f\u0131r\u0131q verdi &#8211; Qurumlar g\u00fccl\u0259ndirilmi\u015f rejim\u0259 ke\u00e7di"},"content":{"rendered":"<p>Bu g\u00fcn Az\u0259rbaycan Respublikas\u0131n\u0131n Prezidenti \u0130lham \u018fliyevin tap\u015f\u0131r\u0131\u011f\u0131na \u0259sas\u0259n, Nazirl\u0259r Kabinetind\u0259, \u00dcmumd\u00fcnya S\u0259hiyy\u0259 T\u0259\u015fkilat\u0131n\u0131n v\u0259 \u00c7in Xalq Respublikas\u0131 h\u00f6kum\u0259tinin elan etdiyi kimi, \u00c7XR-in Uhan \u015f\u0259h\u0259rind\u0259 yay\u0131lm\u0131\u015f v\u0259 art\u0131q d\u00fcnyan\u0131n ba\u015fqa regionlar\u0131nda da qeyd\u0259 al\u0131nm\u0131\u015f koronavirus epidemiyas\u0131na qar\u015f\u0131 qabaqlay\u0131c\u0131 t\u0259dbirl\u0259rin g\u00f6r\u00fclm\u0259si \u00fc\u00e7\u00fcn m\u00fc\u015favir\u0259 ke\u00e7irilib.<\/p>\n<p>Bu bar\u0259d\u0259\u00a0<strong>Oxu.Az<\/strong>-a Nazirl\u0259r Kabinetinin M\u0259tbuat Xidm\u0259tind\u0259n m\u0259lumat verilib.<\/p>\n<p>Ba\u015f nazirin s\u0259drlik etdiyi m\u00fc\u015favir\u0259d\u0259 aidiyy\u0259ti d\u00f6vl\u0259t qurumlar\u0131n\u0131n r\u0259hb\u0259rl\u0259ri i\u015ftirak edibl\u0259r.<\/p>\n<div id=\"AdviadNativeVideo0\" class=\"AdviadNativeVideo\"><\/div>\n<p>M\u00fc\u015favir\u0259d\u0259 epidemiyan\u0131n Az\u0259rbaycana daxil olmas\u0131n\u0131n qar\u015f\u0131s\u0131n\u0131n al\u0131nmas\u0131 \u00fc\u00e7\u00fcn m\u00fczakir\u0259l\u0259r apar\u0131l\u0131b.<\/p>\n<p>M\u00fc\u015favir\u0259nin yekununda bel\u0259 hallar \u00fc\u00e7\u00fcn n\u0259z\u0259rd\u0259 tutulmu\u015f a\u015fa\u011f\u0131dak\u0131 t\u0259dbirl\u0259rin g\u00f6r\u00fclm\u0259si haqda q\u0259rar q\u0259bul edildi:<\/p>\n<p>&#8211; s\u0259rh\u0259d-ke\u00e7id m\u0259nt\u0259q\u0259l\u0259rind\u0259 g\u00fccl\u0259ndirilmi\u015f i\u015f rejimin\u0259 ke\u00e7ilm\u0259si;<\/p>\n<p>&#8211; \u00c7XR-d\u0259n, x\u00fcsusil\u0259 epidemiya zonas\u0131ndan \u00f6lk\u0259y\u0259 g\u0259l\u0259n b\u00fct\u00fcn \u015f\u0259xsl\u0259rin m\u00fctl\u0259q \u015f\u0259kild\u0259 ciddi tibbi m\u00fcayin\u0259d\u0259n ke\u00e7irilm\u0259si v\u0259 n\u0259zar\u0259t alt\u0131na al\u0131nmas\u0131;<\/p>\n<p>&#8211; x\u00fcsusi riskli hesab olunan v\u0259 virusun ke\u00e7\u0259 bil\u0259c\u0259yi \u0259rzaq m\u0259hsullar\u0131n\u0131n siyah\u0131s\u0131n\u0131n haz\u0131rlanmas\u0131 v\u0259 \u0259rzaq bazar\u0131nda h\u0259min m\u0259hsullara n\u0259zar\u0259tin g\u00fccl\u0259ndirilm\u0259si;<\/p>\n<p>&#8211; s\u0259hiyy\u0259 ocaqlar\u0131nda qaynar x\u0259tl\u0259rin yarad\u0131lmas\u0131;<\/p>\n<p>&#8211; virus v\u0259 onunla m\u00fcbariz\u0259 metodlar\u0131 haqda \u0259hali il\u0259 maarifl\u0259ndirm\u0259 i\u015fl\u0259rinin apar\u0131lmas\u0131;<\/p>\n<p>&#8211; v\u0259ziyy\u0259tl\u0259 ba\u011fl\u0131 \u0259haliy\u0259 m\u00fct\u0259madi m\u0259lumat verilm\u0259si.<\/p>\n<p>\u018fhalinin n\u0259z\u0259rin\u0259 \u00e7atd\u0131r\u0131l\u0131r ki, \u00f6lk\u0259d\u0259 bel\u0259 v\u0259ziyy\u0259tl\u0259rd\u0259 ehtiyac\u0131n yarana bil\u0259c\u0259yi b\u00fct\u00fcn tibbi l\u0259vazimatlar kifay\u0259t q\u0259d\u0259rdir.<\/p>\n<p>O da vur\u011fulan\u0131b ki, haz\u0131rda \u00f6lk\u0259mizd\u0259 bel\u0259 x\u0259st\u0259liy\u0259 yoluxma hallar\u0131 m\u00fc\u015fahid\u0259 olunmay\u0131b, Az\u0259rbaycanda \u0259halinin sa\u011flaml\u0131\u011f\u0131 il\u0259 ba\u011fl\u0131 v\u0259ziyy\u0259t d\u00f6vl\u0259tin tam n\u0259zar\u0259tind\u0259dir v\u0259 narahatl\u0131q \u00fc\u00e7\u00fcn he\u00e7 bir \u0259sas yoxdur.<\/p>\n<p>M\u00fc\u015favir\u0259d\u0259 S\u0259hiyy\u0259 nazirinin r\u0259hb\u0259rliyi il\u0259 v\u0259 aidiyy\u0259ti qurumlar\u0131n i\u015ftirak\u0131 il\u0259 \u0130\u015f\u00e7i qrupunun yarad\u0131lmas\u0131 q\u0259rar\u0131 q\u0259bul edilib.<\/p>\n<p>T\u0259dbirl\u0259rin g\u00f6r\u00fclm\u0259sind\u0259 \u00dcmumd\u00fcnya S\u0259hiyy\u0259 T\u0259\u015fkilat\u0131n\u0131n m\u00fcvafiq t\u00f6vsiyy\u0259l\u0259ri n\u0259z\u0259r\u0259 al\u0131n\u0131r.<\/p>\n<p>Az\u0259rbaycan\u0131n \u00c7XR-d\u0259k\u0131 s\u0259firliyi v\u0259 \u00c7XR-in Az\u0259rbaycandak\u0131 s\u0259firliyi il\u0259 s\u0131x \u0259laq\u0259 saxlan\u0131l\u0131r. Habel\u0259, Az\u0259rbaycan\u0131n \u00c7ind\u0259ki s\u0259firliyi \u00c7XR-in d\u00f6vl\u0259t qurumlar\u0131 v\u0259 \u00c7ind\u0259 olan Az\u0259rbaycan v\u0259t\u0259nda\u015flar\u0131 il\u0259 daimi t\u0259masdad\u0131r.<\/p>\n","protected":false},"excerpt":{"rendered":"<p>Bu g\u00fcn Az\u0259rbaycan Respublikas\u0131n\u0131n Prezidenti \u0130lham \u018fliyevin tap\u015f\u0131r\u0131\u011f\u0131na \u0259sas\u0259n, Nazirl\u0259r Kabinetind\u0259, \u00dcmumd\u00fcnya S\u0259hiyy\u0259 T\u0259\u015fkilat\u0131n\u0131n v\u0259 \u00c7in Xalq Respublikas\u0131 h\u00f6kum\u0259tinin elan etdiyi kimi, \u00c7XR-in Uhan \u015f\u0259h\u0259rind\u0259 yay\u0131lm\u0131\u015f v\u0259 art\u0131q d\u00fcnyan\u0131n ba\u015fqa regionlar\u0131nda da qeyd\u0259 al\u0131nm\u0131\u015f koronavirus epidemiyas\u0131na qar\u015f\u0131 qabaqlay\u0131c\u0131 t\u0259dbirl\u0259rin g\u00f6r\u00fclm\u0259si \u00fc\u00e7\u00fcn m\u00fc\u015favir\u0259 ke\u00e7irilib. Bu bar\u0259d\u0259\u00a0Oxu.Az-a Nazirl\u0259r Kabinetinin M\u0259tbuat Xidm\u0259tind\u0259n m\u0259lumat verilib. Ba\u015f nazirin s\u0259drlik etdiyi m\u00fc\u015favir\u0259d\u0259 aidiyy\u0259ti d\u00f6vl\u0259t qurumlar\u0131n\u0131n r\u0259hb\u0259rl\u0259ri i\u015ftirak edibl\u0259r. M\u00fc\u015favir\u0259d\u0259 epidemiyan\u0131n Az\u0259rbaycana daxil olmas\u0131n\u0131n qar\u015f\u0131s\u0131n\u0131n al\u0131nmas\u0131 \u00fc\u00e7\u00fcn m\u00fczakir\u0259l\u0259r apar\u0131l\u0131b. M\u00fc\u015favir\u0259nin yekununda bel\u0259 hallar \u00fc\u00e7\u00fcn n\u0259z\u0259rd\u0259 tutulmu\u015f a\u015fa\u011f\u0131dak\u0131 t\u0259dbirl\u0259rin g\u00f6r\u00fclm\u0259si haqda q\u0259rar q\u0259bul edildi: &#8211; s\u0259rh\u0259d-ke\u00e7id m\u0259nt\u0259q\u0259l\u0259rind\u0259 g\u00fccl\u0259ndirilmi\u015f&hellip;<\/p>\n","protected":false},"author":2,"featured_media":123954,"comment_status":"closed","ping_status":"closed","sticky":false,"template":"","format":"standard","meta":{"om_disable_all_campaigns":false,"_monsterinsights_skip_tracking":false,"_monsterinsights_sitenote_active":false,"_monsterinsights_sitenote_note":"","_monsterinsights_sitenote_category":0},"categories":[8],"tags":[],"aioseo_notices":[],"gutentor_comment":0,"rttpg_featured_image_url":{"full":["https:\/\/arantv.az\/wp-content\/uploads\/2020\/01\/mFRJse4KtkpO6y3i593BQcKGWfiFmVWIn07k6dmw.jpg",620,419,false],"landscape":["https:\/\/arantv.az\/wp-content\/uploads\/2020\/01\/mFRJse4KtkpO6y3i593BQcKGWfiFmVWIn07k6dmw.jpg",620,419,false],"portraits":["https:\/\/arantv.az\/wp-content\/uploads\/2020\/01\/mFRJse4KtkpO6y3i593BQcKGWfiFmVWIn07k6dmw.jpg",620,419,false],"thumbnail":["https:\/\/arantv.az\/wp-content\/uploads\/2020\/01\/mFRJse4KtkpO6y3i593BQcKGWfiFmVWIn07k6dmw-150x150.jpg",150,150,true],"medium":["https:\/\/arantv.az\/wp-content\/uploads\/2020\/01\/mFRJse4KtkpO6y3i593BQcKGWfiFmVWIn07k6dmw-300x203.jpg",300,203,true],"large":["https:\/\/arantv.az\/wp-content\/uploads\/2020\/01\/mFRJse4KtkpO6y3i593BQcKGWfiFmVWIn07k6dmw.jpg",620,419,false],"1536x1536":["https:\/\/arantv.az\/wp-content\/uploads\/2020\/01\/mFRJse4KtkpO6y3i593BQcKGWfiFmVWIn07k6dmw.jpg",620,419,false],"2048x2048":["https:\/\/arantv.az\/wp-content\/uploads\/2020\/01\/mFRJse4KtkpO6y3i593BQcKGWfiFmVWIn07k6dmw.jpg",620,419,false],"post-thumbnail":["https:\/\/arantv.az\/wp-content\/uploads\/2020\/01\/mFRJse4KtkpO6y3i593BQcKGWfiFmVWIn07k6dmw-240x172.jpg",240,172,true],"advps-thumb-one":["https:\/\/arantv.az\/wp-content\/uploads\/2020\/01\/mFRJse4KtkpO6y3i593BQcKGWfiFmVWIn07k6dmw.jpg",620,419,false]},"rttpg_author":{"display_name":"V\u00fcsal Rafiqo\u011flu","author_link":"https:\/\/arantv.az\/?author=2"},"rttpg_comment":0,"rttpg_category":"<a href=\"https:\/\/arantv.az\/?cat=8\" rel=\"category\">\u018fsas s\u0259hif\u0259<\/a>","rttpg_excerpt":"Bu g\u00fcn Az\u0259rbaycan Respublikas\u0131n\u0131n Prezidenti \u0130lham \u018fliyevin tap\u015f\u0131r\u0131\u011f\u0131na \u0259sas\u0259n, Nazirl\u0259r Kabinetind\u0259, \u00dcmumd\u00fcnya S\u0259hiyy\u0259 T\u0259\u015fkilat\u0131n\u0131n v\u0259 \u00c7in Xalq Respublikas\u0131 h\u00f6kum\u0259tinin elan etdiyi kimi, \u00c7XR-in Uhan \u015f\u0259h\u0259rind\u0259 yay\u0131lm\u0131\u015f v\u0259 art\u0131q d\u00fcnyan\u0131n ba\u015fqa regionlar\u0131nda da qeyd\u0259 al\u0131nm\u0131\u015f koronavirus epidemiyas\u0131na qar\u015f\u0131 qabaqlay\u0131c\u0131 t\u0259dbirl\u0259rin g\u00f6r\u00fclm\u0259si \u00fc\u00e7\u00fcn m\u00fc\u015favir\u0259 ke\u00e7irilib. Bu bar\u0259d\u0259\u00a0Oxu.Az-a Nazirl\u0259r Kabinetinin M\u0259tbuat Xidm\u0259tind\u0259n m\u0259lumat verilib. Ba\u015f nazirin s\u0259drlik etdiyi&hellip;","_links":{"self":[{"href":"https:\/\/arantv.az\/index.php?rest_route=\/wp\/v2\/posts\/123953"}],"collection":[{"href":"https:\/\/arantv.az\/index.php?rest_route=\/wp\/v2\/posts"}],"about":[{"href":"https:\/\/arantv.az\/index.php?rest_route=\/wp\/v2\/types\/post"}],"author":[{"embeddable":true,"href":"https:\/\/arantv.az\/index.php?rest_route=\/wp\/v2\/users\/2"}],"replies":[{"embeddable":true,"href":"https:\/\/arantv.az\/index.php?rest_route=%2Fwp%2Fv2%2Fcomments&post=123953"}],"version-history":[{"count":0,"href":"https:\/\/arantv.az\/index.php?rest_route=\/wp\/v2\/posts\/123953\/revisions"}],"wp:featuredmedia":[{"embeddable":true,"href":"https:\/\/arantv.az\/index.php?rest_route=\/wp\/v2\/media\/123954"}],"wp:attachment":[{"href":"https:\/\/arantv.az\/index.php?rest_route=%2Fwp%2Fv2%2Fmedia&parent=123953"}],"wp:term":[{"taxonomy":"category","embeddable":true,"href":"https:\/\/arantv.az\/index.php?rest_route=%2Fwp%2Fv2%2Fcategories&post=123953"},{"taxonomy":"post_tag","embeddable":true,"href":"https:\/\/arantv.az\/index.php?rest_route=%2Fwp%2Fv2%2Ftags&post=123953"}],"curies":[{"name":"wp","href":"https:\/\/api.w.org\/{rel}","templated":true}]}}