{"id":123961,"date":"2020-01-28T14:46:17","date_gmt":"2020-01-28T11:46:17","guid":{"rendered":"http:\/\/arantv.az\/?p=123961"},"modified":"2020-01-28T14:46:17","modified_gmt":"2020-01-28T11:46:17","slug":"kuc%c9%99y%c9%99-cixmaq-qadagandir-cind%c9%99ki-s%c9%99firimiz-t%c9%99l%c9%99b%c9%99l%c9%99rd%c9%99n-danisdi","status":"publish","type":"post","link":"https:\/\/arantv.az\/?p=123961","title":{"rendered":"\u201cK\u00fc\u00e7\u0259y\u0259 \u00e7\u0131xmaq qada\u011fand\u0131r\u201d &#8211; \u00c7ind\u0259ki s\u0259firimiz t\u0259l\u0259b\u0259l\u0259rd\u0259n dan\u0131\u015fd\u0131"},"content":{"rendered":"<blockquote><p><em><strong>Haz\u0131rda \u00c7in h\u00f6kum\u0259tiyl\u0259 dan\u0131\u015f\u0131qlar prosesini davam etdiririk. \u00dcmid edir\u0259m ki, yax\u0131n zamanlarda m\u00fcsb\u0259t n\u0259tic\u0259 \u0259ld\u0259 ed\u0259c\u0259yik.\u00a0<\/strong><\/em><\/p><\/blockquote>\n<p><strong>ARANTV.AZ<\/strong>\u00a0 qafqazinfo-ya istinad\u0259n\u00a0x\u0259b\u0259r verir ki, bu s\u00f6zl\u0259ri Az\u0259rbaycan\u0131n \u00c7ind\u0259ki s\u0259firi \u018fkr\u0259m Zeynall\u0131 AzTV- nin &#8220;H\u0259d\u0259f&#8221; veri\u015filinin efirind\u0259 deyib. S\u0259fir bildirib ki, \u00c7in h\u00f6kum\u0259tiyl\u0259 Az\u0259rbaycan s\u0259firliyi aras\u0131nda dan\u0131\u015f\u0131qlar apar\u0131l\u0131r: &#8220;Bir \u00e7ox \u00f6lk\u0259l\u0259rin v\u0259t\u0259nda\u015flar\u0131 haz\u0131rda h\u0259min t\u0259crid olunmu\u015f \u015f\u0259h\u0259rd\u0259dirl\u0259r. \u00c7in h\u00f6kum\u0259ti karantin b\u00f6lg\u0259sind\u0259n, \u00fcmumiyy\u0259tl\u0259, v\u0259t\u0259nda\u015flar\u0131n \u00e7\u0131xar\u0131lmas\u0131n\u0131 ilkin m\u0259rh\u0259l\u0259d\u0259 t\u0259hl\u00fck\u0259li hesab edir.<\/p>\n<p>Az\u0259rbaycan h\u00f6kum\u0259ti v\u0259t\u0259nda\u015flar\u0131n\u0131n \u00e7\u0131xar\u0131lmas\u0131na\u00a0\u00e7ox ciddi yana\u015f\u0131r. \u00dcmid edir\u0259m ki, yax\u0131n zamanlarda biz m\u00fcsb\u0259t n\u0259tic\u0259 \u0259ld\u0259 ed\u0259c\u0259yik&#8221;.<\/p>\n<p>\u018f. Zeynall\u0131 bildirib ki, \u00c7in S\u0259hiyy\u0259 Komit\u0259sinin bu g\u00fcn\u0259 olan son m\u0259lumat\u0131na g\u00f6r\u0259, \u00f6lk\u0259d\u0259 4599 n\u0259f\u0259r art\u0131q virusa yoluxub: &#8220;Onlardan da 106-s\u0131 d\u00fcnyas\u0131n\u0131 d\u0259yi\u015fib.\u00a0 Virusa yoluxma \u015f\u00fcbh\u0259siyl\u0259 6973 n\u0259f\u0259r karantind\u0259dir. Onlarla t\u0259masda olan 50 mind\u0259n art\u0131q insan is\u0259 \u00fcmumilikd\u0259 n\u0259zar\u0259t\u0259 g\u00f6t\u00fcr\u00fcl\u00fcb. Bu faktlar onu dem\u0259y\u0259 \u0259sas verir ki, koronavirus \u00e7ox s\u00fcr\u0259tl\u0259 yay\u0131l\u0131r.<\/p>\n<p>Buna baxmayaraq \u00c7in h\u00f6kum\u0259ti t\u0259r\u0259find\u0259n \u00e7ox ciddi preventiv add\u0131mlar at\u0131l\u0131r ki, yay\u0131lman\u0131n qar\u015f\u0131s\u0131 al\u0131ns\u0131n. Bizim,\u00a0\u0259sas\u0259n, narahatl\u0131\u011f\u0131m\u0131za s\u0259b\u0259b olan epidemiyan\u0131n yay\u0131ld\u0131\u011f\u0131 Uhan \u015f\u0259h\u0259rind\u0259 olan t\u0259l\u0259b\u0259l\u0259rimizdir. Haz\u0131rda orada 7 v\u0259t\u0259nda\u015f\u0131m\u0131z var. Onlardan 4-\u00fc t\u0259l\u0259b\u0259dir.\u00a0S\u0259firlik olaraq 23 yanvar tarixind\u0259n etibar\u0259n v\u0259t\u0259nda\u015flar\u0131m\u0131zla g\u00fcnd\u0259lik \u0259laq\u0259 yarad\u0131r\u0131q. Onlar\u0131n qar\u015f\u0131la\u015fd\u0131qlar\u0131 probleml\u0259ri h\u0259ll etm\u0259y\u0259 \u00e7al\u0131\u015f\u0131r\u0131q. Uhanda olan v\u0259t\u0259nda\u015flar\u0131m\u0131z\u0131n v\u0259ziyy\u0259ti \u00c7inin dig\u0259r b\u00f6lg\u0259l\u0259rind\u0259 olan v\u0259t\u0259nda\u015flar\u0131n v\u0259ziyy\u0259tiyl\u0259 m\u00fcqayis\u0259d\u0259 daha a\u011f\u0131rd\u0131r. \u00c7\u00fcnki onlar \u00f6z m\u0259nzill\u0259rind\u0259, t\u0259hsil ald\u0131qlar\u0131 universitetl\u0259rin yataqxanalar\u0131nda tamamil\u0259 t\u0259crid olunmu\u015f v\u0259ziyy\u0259td\u0259dirl\u0259r.<\/p>\n<div><\/div>\n<p>Uhan \u015f\u0259h\u0259rind\u0259, \u00fcmumiyy\u0259tl\u0259, k\u00fc\u00e7\u0259y\u0259 \u00e7\u0131xmaq qada\u011fand\u0131r. Yataqxanada qalan t\u0259l\u0259b\u0259l\u0259rimiz universitetl\u0259r t\u0259r\u0259find\u0259n yem\u0259kxanalarda yem\u0259kl\u0259 t\u0259min olunurlar. Yataqxanalarda olmayanlara is\u0259 \u015f\u0259h\u0259r b\u0259l\u0259diyy\u0259si t\u0259r\u0259find\u0259n yem\u0259kl\u0259rin \u00e7atd\u0131r\u0131lmas\u0131 t\u0259min olunur. Evd\u0259 ya\u015fayan t\u0259l\u0259b\u0259l\u0259rimiz is\u0259 uzunm\u00fcdd\u0259tli azuq\u0259 toplay\u0131blar.\u00a0\u00c7\u0259tinlik oldu\u011fu t\u0259qdird\u0259 biz Xarici \u0130\u015fl\u0259r Nazirliyinin h\u0259min \u015f\u0259h\u0259rd\u0259ki v\u0259 \u0259yal\u0259td\u0259ki \u015f\u00f6b\u0259l\u0259ri vasit\u0259siyl\u0259 v\u0259t\u0259nda\u015flar\u0131m\u0131za yard\u0131m\u0131 h\u0259yata ke\u00e7iririk&#8221;.<\/p>\n","protected":false},"excerpt":{"rendered":"<p>Haz\u0131rda \u00c7in h\u00f6kum\u0259tiyl\u0259 dan\u0131\u015f\u0131qlar prosesini davam etdiririk. \u00dcmid edir\u0259m ki, yax\u0131n zamanlarda m\u00fcsb\u0259t n\u0259tic\u0259 \u0259ld\u0259 ed\u0259c\u0259yik.\u00a0 ARANTV.AZ\u00a0 qafqazinfo-ya istinad\u0259n\u00a0x\u0259b\u0259r verir ki, bu s\u00f6zl\u0259ri Az\u0259rbaycan\u0131n \u00c7ind\u0259ki s\u0259firi \u018fkr\u0259m Zeynall\u0131 AzTV- nin &#8220;H\u0259d\u0259f&#8221; veri\u015filinin efirind\u0259 deyib. S\u0259fir bildirib ki, \u00c7in h\u00f6kum\u0259tiyl\u0259 Az\u0259rbaycan s\u0259firliyi aras\u0131nda dan\u0131\u015f\u0131qlar apar\u0131l\u0131r: &#8220;Bir \u00e7ox \u00f6lk\u0259l\u0259rin v\u0259t\u0259nda\u015flar\u0131 haz\u0131rda h\u0259min t\u0259crid olunmu\u015f \u015f\u0259h\u0259rd\u0259dirl\u0259r. \u00c7in h\u00f6kum\u0259ti karantin b\u00f6lg\u0259sind\u0259n, \u00fcmumiyy\u0259tl\u0259, v\u0259t\u0259nda\u015flar\u0131n \u00e7\u0131xar\u0131lmas\u0131n\u0131 ilkin m\u0259rh\u0259l\u0259d\u0259 t\u0259hl\u00fck\u0259li hesab edir. Az\u0259rbaycan h\u00f6kum\u0259ti v\u0259t\u0259nda\u015flar\u0131n\u0131n \u00e7\u0131xar\u0131lmas\u0131na\u00a0\u00e7ox ciddi yana\u015f\u0131r. \u00dcmid edir\u0259m ki, yax\u0131n zamanlarda biz m\u00fcsb\u0259t n\u0259tic\u0259 \u0259ld\u0259 ed\u0259c\u0259yik&#8221;. \u018f. Zeynall\u0131 bildirib ki, \u00c7in S\u0259hiyy\u0259 Komit\u0259sinin bu g\u00fcn\u0259&hellip;<\/p>\n","protected":false},"author":2,"featured_media":123962,"comment_status":"closed","ping_status":"closed","sticky":false,"template":"","format":"standard","meta":{"om_disable_all_campaigns":false,"_monsterinsights_skip_tracking":false,"_monsterinsights_sitenote_active":false,"_monsterinsights_sitenote_note":"","_monsterinsights_sitenote_category":0},"categories":[7],"tags":[],"aioseo_notices":[],"gutentor_comment":0,"rttpg_featured_image_url":{"full":["https:\/\/arantv.az\/wp-content\/uploads\/2020\/01\/821449.jpg",800,600,false],"landscape":["https:\/\/arantv.az\/wp-content\/uploads\/2020\/01\/821449.jpg",800,600,false],"portraits":["https:\/\/arantv.az\/wp-content\/uploads\/2020\/01\/821449.jpg",800,600,false],"thumbnail":["https:\/\/arantv.az\/wp-content\/uploads\/2020\/01\/821449-150x150.jpg",150,150,true],"medium":["https:\/\/arantv.az\/wp-content\/uploads\/2020\/01\/821449-300x225.jpg",300,225,true],"large":["https:\/\/arantv.az\/wp-content\/uploads\/2020\/01\/821449.jpg",640,480,false],"1536x1536":["https:\/\/arantv.az\/wp-content\/uploads\/2020\/01\/821449.jpg",800,600,false],"2048x2048":["https:\/\/arantv.az\/wp-content\/uploads\/2020\/01\/821449.jpg",800,600,false],"post-thumbnail":["https:\/\/arantv.az\/wp-content\/uploads\/2020\/01\/821449-240x172.jpg",240,172,true],"advps-thumb-one":["https:\/\/arantv.az\/wp-content\/uploads\/2020\/01\/821449.jpg",800,600,false]},"rttpg_author":{"display_name":"V\u00fcsal Rafiqo\u011flu","author_link":"https:\/\/arantv.az\/?author=2"},"rttpg_comment":0,"rttpg_category":"<a href=\"https:\/\/arantv.az\/?cat=7\" rel=\"category\">D\u00fcnya<\/a>","rttpg_excerpt":"Haz\u0131rda \u00c7in h\u00f6kum\u0259tiyl\u0259 dan\u0131\u015f\u0131qlar prosesini davam etdiririk. \u00dcmid edir\u0259m ki, yax\u0131n zamanlarda m\u00fcsb\u0259t n\u0259tic\u0259 \u0259ld\u0259 ed\u0259c\u0259yik.\u00a0 ARANTV.AZ\u00a0 qafqazinfo-ya istinad\u0259n\u00a0x\u0259b\u0259r verir ki, bu s\u00f6zl\u0259ri Az\u0259rbaycan\u0131n \u00c7ind\u0259ki s\u0259firi \u018fkr\u0259m Zeynall\u0131 AzTV- nin &#8220;H\u0259d\u0259f&#8221; veri\u015filinin efirind\u0259 deyib. S\u0259fir bildirib ki, \u00c7in h\u00f6kum\u0259tiyl\u0259 Az\u0259rbaycan s\u0259firliyi aras\u0131nda dan\u0131\u015f\u0131qlar apar\u0131l\u0131r: &#8220;Bir \u00e7ox \u00f6lk\u0259l\u0259rin v\u0259t\u0259nda\u015flar\u0131 haz\u0131rda h\u0259min t\u0259crid olunmu\u015f \u015f\u0259h\u0259rd\u0259dirl\u0259r. \u00c7in h\u00f6kum\u0259ti&hellip;","_links":{"self":[{"href":"https:\/\/arantv.az\/index.php?rest_route=\/wp\/v2\/posts\/123961"}],"collection":[{"href":"https:\/\/arantv.az\/index.php?rest_route=\/wp\/v2\/posts"}],"about":[{"href":"https:\/\/arantv.az\/index.php?rest_route=\/wp\/v2\/types\/post"}],"author":[{"embeddable":true,"href":"https:\/\/arantv.az\/index.php?rest_route=\/wp\/v2\/users\/2"}],"replies":[{"embeddable":true,"href":"https:\/\/arantv.az\/index.php?rest_route=%2Fwp%2Fv2%2Fcomments&post=123961"}],"version-history":[{"count":0,"href":"https:\/\/arantv.az\/index.php?rest_route=\/wp\/v2\/posts\/123961\/revisions"}],"wp:featuredmedia":[{"embeddable":true,"href":"https:\/\/arantv.az\/index.php?rest_route=\/wp\/v2\/media\/123962"}],"wp:attachment":[{"href":"https:\/\/arantv.az\/index.php?rest_route=%2Fwp%2Fv2%2Fmedia&parent=123961"}],"wp:term":[{"taxonomy":"category","embeddable":true,"href":"https:\/\/arantv.az\/index.php?rest_route=%2Fwp%2Fv2%2Fcategories&post=123961"},{"taxonomy":"post_tag","embeddable":true,"href":"https:\/\/arantv.az\/index.php?rest_route=%2Fwp%2Fv2%2Ftags&post=123961"}],"curies":[{"name":"wp","href":"https:\/\/api.w.org\/{rel}","templated":true}]}}