{"id":123965,"date":"2020-01-28T14:49:11","date_gmt":"2020-01-28T11:49:11","guid":{"rendered":"http:\/\/arantv.az\/?p=123965"},"modified":"2020-01-28T14:49:11","modified_gmt":"2020-01-28T11:49:11","slug":"az%c9%99rbaycanda-koronavirusla-bagli-isci-qrupu-yaradildi-q%c9%99rar","status":"publish","type":"post","link":"https:\/\/arantv.az\/?p=123965","title":{"rendered":"Az\u0259rbaycanda koronavirusla ba\u011fl\u0131 \u0130\u015f\u00e7i qrupu yarad\u0131ld\u0131 &#8211; Q\u018fRAR"},"content":{"rendered":"<p>Az\u0259rbaycanda koronavirusla ba\u011fl\u0131 \u0130\u015f\u00e7i qrupu yarad\u0131l\u0131b.<\/p>\n<p><b>ARANTV.AZ\u00a0<\/b>x\u0259b\u0259r verir ki, bununla ba\u011fl\u0131 Nazirl\u0259r Kabinetind\u0259 ke\u00e7iril\u0259n m\u00fc\u015favir\u0259d\u0259 q\u0259rar q\u0259bul olunub.<\/p>\n<p>M\u00fc\u015favir\u0259d\u0259 S\u0259hiyy\u0259 nazirinin r\u0259hb\u0259rliyi il\u0259 v\u0259 aidiyy\u0259ti qurumlar\u0131n i\u015ftirak\u0131 il\u0259 \u0130\u015f\u00e7i qrupunun yarad\u0131lmas\u0131 q\u0259rar\u0131 q\u0259bul edilib.<\/p>\n<div id=\"AdviadNativeVideo0\" class=\"AdviadNativeVideo\"><\/div>\n<p>Ba\u015f nazirin s\u0259drlik etdiyi m\u00fc\u015favir\u0259d\u0259 aidiyy\u0259ti d\u00f6vl\u0259t qurumlar\u0131n\u0131n r\u0259hb\u0259rl\u0259ri i\u015ftirak edibl\u0259r.<\/p>\n<p>M\u00fc\u015favir\u0259d\u0259 epidemiyan\u0131n Az\u0259rbaycana daxil olmas\u0131n\u0131n qar\u015f\u0131s\u0131n\u0131n al\u0131nmas\u0131 \u00fc\u00e7\u00fcn m\u00fczakir\u0259l\u0259r apar\u0131l\u0131b.<\/p>\n<p>Bundan ba\u015fqa,\u00a0Az\u0259rbaycan\u0131n s\u0259hiyy\u0259 ocaqlar\u0131nda koronavirusla ba\u011fl\u0131 qaynar x\u0259tl\u0259rin yarad\u0131lmas\u0131 il\u0259 ba\u011fl\u0131 da q\u0259rar q\u0259bul edilib.\u00a0Oxu.Az<\/p>\n","protected":false},"excerpt":{"rendered":"<p>Az\u0259rbaycanda koronavirusla ba\u011fl\u0131 \u0130\u015f\u00e7i qrupu yarad\u0131l\u0131b. ARANTV.AZ\u00a0x\u0259b\u0259r verir ki, bununla ba\u011fl\u0131 Nazirl\u0259r Kabinetind\u0259 ke\u00e7iril\u0259n m\u00fc\u015favir\u0259d\u0259 q\u0259rar q\u0259bul olunub. M\u00fc\u015favir\u0259d\u0259 S\u0259hiyy\u0259 nazirinin r\u0259hb\u0259rliyi il\u0259 v\u0259 aidiyy\u0259ti qurumlar\u0131n i\u015ftirak\u0131 il\u0259 \u0130\u015f\u00e7i qrupunun yarad\u0131lmas\u0131 q\u0259rar\u0131 q\u0259bul edilib. Ba\u015f nazirin s\u0259drlik etdiyi m\u00fc\u015favir\u0259d\u0259 aidiyy\u0259ti d\u00f6vl\u0259t qurumlar\u0131n\u0131n r\u0259hb\u0259rl\u0259ri i\u015ftirak edibl\u0259r. M\u00fc\u015favir\u0259d\u0259 epidemiyan\u0131n Az\u0259rbaycana daxil olmas\u0131n\u0131n qar\u015f\u0131s\u0131n\u0131n al\u0131nmas\u0131 \u00fc\u00e7\u00fcn m\u00fczakir\u0259l\u0259r apar\u0131l\u0131b. Bundan ba\u015fqa,\u00a0Az\u0259rbaycan\u0131n s\u0259hiyy\u0259 ocaqlar\u0131nda koronavirusla ba\u011fl\u0131 qaynar x\u0259tl\u0259rin yarad\u0131lmas\u0131 il\u0259 ba\u011fl\u0131 da q\u0259rar q\u0259bul edilib.\u00a0Oxu.Az<\/p>\n","protected":false},"author":2,"featured_media":123966,"comment_status":"closed","ping_status":"closed","sticky":false,"template":"","format":"standard","meta":{"om_disable_all_campaigns":false,"_monsterinsights_skip_tracking":false,"_monsterinsights_sitenote_active":false,"_monsterinsights_sitenote_note":"","_monsterinsights_sitenote_category":0},"categories":[1],"tags":[],"aioseo_notices":[],"gutentor_comment":0,"rttpg_featured_image_url":{"full":["https:\/\/arantv.az\/wp-content\/uploads\/2020\/01\/WUHAN-CHINA-VIRUS.jpg",620,413,false],"landscape":["https:\/\/arantv.az\/wp-content\/uploads\/2020\/01\/WUHAN-CHINA-VIRUS.jpg",620,413,false],"portraits":["https:\/\/arantv.az\/wp-content\/uploads\/2020\/01\/WUHAN-CHINA-VIRUS.jpg",620,413,false],"thumbnail":["https:\/\/arantv.az\/wp-content\/uploads\/2020\/01\/WUHAN-CHINA-VIRUS-150x150.jpg",150,150,true],"medium":["https:\/\/arantv.az\/wp-content\/uploads\/2020\/01\/WUHAN-CHINA-VIRUS-300x200.jpg",300,200,true],"large":["https:\/\/arantv.az\/wp-content\/uploads\/2020\/01\/WUHAN-CHINA-VIRUS.jpg",620,413,false],"1536x1536":["https:\/\/arantv.az\/wp-content\/uploads\/2020\/01\/WUHAN-CHINA-VIRUS.jpg",620,413,false],"2048x2048":["https:\/\/arantv.az\/wp-content\/uploads\/2020\/01\/WUHAN-CHINA-VIRUS.jpg",620,413,false],"post-thumbnail":["https:\/\/arantv.az\/wp-content\/uploads\/2020\/01\/WUHAN-CHINA-VIRUS-240x172.jpg",240,172,true],"advps-thumb-one":["https:\/\/arantv.az\/wp-content\/uploads\/2020\/01\/WUHAN-CHINA-VIRUS.jpg",620,413,false]},"rttpg_author":{"display_name":"V\u00fcsal Rafiqo\u011flu","author_link":"https:\/\/arantv.az\/?author=2"},"rttpg_comment":0,"rttpg_category":"<a href=\"https:\/\/arantv.az\/?cat=1\" rel=\"category\">C\u0259miyy\u0259t<\/a>","rttpg_excerpt":"Az\u0259rbaycanda koronavirusla ba\u011fl\u0131 \u0130\u015f\u00e7i qrupu yarad\u0131l\u0131b. ARANTV.AZ\u00a0x\u0259b\u0259r verir ki, bununla ba\u011fl\u0131 Nazirl\u0259r Kabinetind\u0259 ke\u00e7iril\u0259n m\u00fc\u015favir\u0259d\u0259 q\u0259rar q\u0259bul olunub. M\u00fc\u015favir\u0259d\u0259 S\u0259hiyy\u0259 nazirinin r\u0259hb\u0259rliyi il\u0259 v\u0259 aidiyy\u0259ti qurumlar\u0131n i\u015ftirak\u0131 il\u0259 \u0130\u015f\u00e7i qrupunun yarad\u0131lmas\u0131 q\u0259rar\u0131 q\u0259bul edilib. Ba\u015f nazirin s\u0259drlik etdiyi m\u00fc\u015favir\u0259d\u0259 aidiyy\u0259ti d\u00f6vl\u0259t qurumlar\u0131n\u0131n r\u0259hb\u0259rl\u0259ri i\u015ftirak edibl\u0259r. M\u00fc\u015favir\u0259d\u0259 epidemiyan\u0131n Az\u0259rbaycana daxil olmas\u0131n\u0131n qar\u015f\u0131s\u0131n\u0131n al\u0131nmas\u0131 \u00fc\u00e7\u00fcn m\u00fczakir\u0259l\u0259r apar\u0131l\u0131b.&hellip;","_links":{"self":[{"href":"https:\/\/arantv.az\/index.php?rest_route=\/wp\/v2\/posts\/123965"}],"collection":[{"href":"https:\/\/arantv.az\/index.php?rest_route=\/wp\/v2\/posts"}],"about":[{"href":"https:\/\/arantv.az\/index.php?rest_route=\/wp\/v2\/types\/post"}],"author":[{"embeddable":true,"href":"https:\/\/arantv.az\/index.php?rest_route=\/wp\/v2\/users\/2"}],"replies":[{"embeddable":true,"href":"https:\/\/arantv.az\/index.php?rest_route=%2Fwp%2Fv2%2Fcomments&post=123965"}],"version-history":[{"count":0,"href":"https:\/\/arantv.az\/index.php?rest_route=\/wp\/v2\/posts\/123965\/revisions"}],"wp:featuredmedia":[{"embeddable":true,"href":"https:\/\/arantv.az\/index.php?rest_route=\/wp\/v2\/media\/123966"}],"wp:attachment":[{"href":"https:\/\/arantv.az\/index.php?rest_route=%2Fwp%2Fv2%2Fmedia&parent=123965"}],"wp:term":[{"taxonomy":"category","embeddable":true,"href":"https:\/\/arantv.az\/index.php?rest_route=%2Fwp%2Fv2%2Fcategories&post=123965"},{"taxonomy":"post_tag","embeddable":true,"href":"https:\/\/arantv.az\/index.php?rest_route=%2Fwp%2Fv2%2Ftags&post=123965"}],"curies":[{"name":"wp","href":"https:\/\/api.w.org\/{rel}","templated":true}]}}