{"id":124291,"date":"2020-01-29T11:08:41","date_gmt":"2020-01-29T08:08:41","guid":{"rendered":"http:\/\/arantv.az\/?p=124291"},"modified":"2020-01-29T11:08:41","modified_gmt":"2020-01-29T08:08:41","slug":"prezident-ilham-%c9%99liyevin-davos-dunya-iqtisadi-forumundaki-istirakinin-siyasi-iqtisadi-%c9%99h%c9%99miyy%c9%99ti-haqqinda","status":"publish","type":"post","link":"https:\/\/arantv.az\/?p=124291","title":{"rendered":"Prezident \u0130lham \u018fliyevin Davos D\u00fcnya \u0130qtisadi Forumundak\u0131 i\u015ftirak\u0131n\u0131n siyasi-iqtisadi \u0259h\u0259miyy\u0259ti haqq\u0131nda"},"content":{"rendered":"<p>H\u0259r il yanvar ay\u0131n\u0131n ikinci yar\u0131s\u0131nda \u0130sve\u00e7r\u0259nin Davos da\u011f\u0131n\u0131n \u0259t\u0259yind\u0259 ke\u00e7iril\u0259n D\u00fcnya \u0130qtisadi Forumu qlobal siyasi-iqtisadi al\u0259minin n\u00fcfuzlu simalar\u0131n\u0131n \u0259sas toplant\u0131 v\u0259 \u00fcnsiyy\u0259t yerl\u0259rind\u0259n biridir. Forumun \u0259sas\u0131 1971-ci ild\u0259 qoyulmu\u015fdur v\u0259 onun ba\u015fl\u0131ca missiyas\u0131 d\u00fcnyan\u0131n qlobal, regional v\u0259 s\u0259naye g\u00fcnd\u0259liyini formala\u015fd\u0131rmaq \u00fc\u00e7\u00fcn tan\u0131nm\u0131\u015f siyasi, biznes, akademik v\u0259 media dair\u0259l\u0259rinin n\u00fcmay\u0259nd\u0259l\u0259rini bir araya g\u0259tirm\u0259kd\u0259n ibar\u0259tdir. Do\u011frudur, siyasi liderl\u0259rin illik forumlara d\u0259v\u0259t edilm\u0259si praktikas\u0131na, bir q\u0259d\u0259r gec, m\u0259hz 1973-c\u00fc ild\u0259 \u018fr\u0259b-\u0130srail m\u00fcharib\u0259si v\u0259 Breton Vuds sabit valyuta-d\u0259yi\u015fm\u0259 mexanizminin kollaps\u0131 kimi hadis\u0259l\u0259r ba\u015f verdikd\u0259n sonra ba\u015flan\u0131lm\u0131\u015fd\u0131r. Lakin g\u00fcn\u00fcm\u00fczd\u0259 m\u0259hz Davos Forumu\u0131 d\u00fcnyan\u0131n apar\u0131c\u0131 siyasi liderl\u0259rinin \u0259n\u0259n\u0259vi v\u0259 \u0259h\u0259miyy\u0259tli toplant\u0131 yerl\u0259rind\u0259n biri hesab olunur. Haz\u0131rda n\u00fcfuzlu siyasi liderl\u0259ri v\u0259 \u015firk\u0259t r\u0259hb\u0259rl\u0259rini bir araya g\u0259tirm\u0259k v\u0259 onlar\u0131n i\u015ftirak\u0131 il\u0259 i\u015fg\u00fczar g\u00f6r\u00fc\u015fl\u0259r ke\u00e7irm\u0259k \u00fc\u00e7\u00fcn bundan \u0259lveri\u015fli imkan tapmaq, \u00e7\u0259tin ki, m\u00fcmk\u00fcn olsun.<\/p>\n<p>Bu il yanvar ay\u0131n\u0131n 20-24 tarixl\u0259rind\u0259 Davosda ba\u015f tutmu\u015f D\u00fcnya \u0130qtisadi Forumu &#8220;M\u00fct\u0259\u015f\u0259kkil v\u0259 dayan\u0131ql\u0131 d\u00fcnya \u00fc\u00e7\u00fcn maraql\u0131 t\u0259r\u0259fl\u0259r&#8221; m\u00f6vzusuna h\u0259sr edilmi\u015fd\u0131. Qeyd edildiyi kimi, d\u00fcnyan\u0131n apar\u0131c\u0131 liderl\u0259ri s\u0131ras\u0131nda Az\u0259rbaycan Respublikas\u0131n\u0131n Prezidenti \u0130lham \u018fliyev d\u0259 bu m\u00f6t\u0259b\u0259r t\u0259dbird\u0259 i\u015ftirak etmi\u015fdir. Bu ilki forum \u00f6lk\u0259mizin beyn\u0259lxalq s\u0259viyy\u0259d\u0259 siyasi v\u0259 iqtisadi n\u00fcfuzunun g\u00fccl\u0259nm\u0259si bax\u0131m\u0131ndan x\u00fcsusil\u0259 \u0259lam\u0259tdar olmu\u015fdur. Bel\u0259 ki, \u0259g\u0259r biz Prezident \u0130.\u018fliyevin sad\u0259c\u0259 g\u00f6r\u00fc\u015fl\u0259rinin intensivliyin\u0259 v\u0259 m\u00fczakir\u0259 edil\u0259n m\u00f6vzular\u0131n r\u0259ngar\u0259ngliyin\u0259 n\u0259z\u0259r yetirs\u0259k, onda ayd\u0131n olar ki, bu m\u00f6t\u0259dil beyn\u0259lxalq t\u0259dbir \u00f6lk\u0259mizin siyasi, iqtisadi v\u0259 sosial inki\u015faf\u0131n\u0131n b\u00fct\u00fcn komponentl\u0259rin\u0259 \u00f6z \u0259h\u0259miyy\u0259tli t\u00f6hf\u0259sini vermi\u015fdir.<\/p>\n<p>Bel\u0259 ki, yanvar\u0131n 20-d\u0259 &#8220;VTB Bank&#8221;\u0131n prezidenti-idar\u0259 hey\u0259tinin s\u0259dri c\u0259nab Andrey Kostin il\u0259 ke\u00e7irilmi\u015f ilk g\u00f6r\u00fc\u015fd\u0259 Prezident \u0130.\u018fliyev bir s\u0131ra maraq do\u011furan iqtisadi m\u00f6vzular s\u0131ras\u0131nda m\u0259hz Az\u0259rbaycan iqtisadiyyat\u0131n\u0131n real sektoruna kredit qoyulu\u015funun art\u0131r\u0131lmas\u0131n\u0131 t\u0259klif etmi\u015f v\u0259 bir pe\u015f\u0259kar diplomat kimi, qar\u015f\u0131 t\u0259r\u0259fin bu bar\u0259d\u0259 faktiki raz\u0131l\u0131\u011f\u0131n\u0131 alm\u0131\u015fd\u0131r. Ekspertl\u0259r t\u0259r\u0259find\u0259n iqtisadi diplomatiyam\u0131z\u0131n n\u00f6vb\u0259ti u\u011furu kimi qiym\u0259tl\u0259ndirilmi\u015f bu g\u00f6r\u00fc\u015f\u00fcn arxas\u0131nda m\u0259hz \u00f6lk\u0259mizd\u0259 real sektorun inki\u015faf\u0131n\u0131n \u00f6lk\u0259 r\u0259hb\u0259rliyi t\u0259r\u0259find\u0259n daim diqq\u0259t m\u0259rk\u0259zind\u0259 saxlan\u0131lmas\u0131 m\u0259s\u0259l\u0259si olmu\u015fdur. Bel\u0259 ki, \u00f6lk\u0259mizin formala\u015fmaqda olan dinamik maliyy\u0259 bazar\u0131nda \u0259sas oyun\u00e7ular\u0131n, o c\u00fcml\u0259d\u0259n ad\u0131 \u00e7\u0259kil\u0259n holdinqin \u00f6lk\u0259 r\u0259hb\u0259rliyinin t\u00f6vsiy\u0259si il\u0259 iqtisadiyyat\u0131n qeyri-neft sektoruna, x\u00fcsus\u0259n d\u0259 dig\u0259r sektorlar\u0131n inki\u015faf\u0131n\u0131 s\u00fcr\u0259tl\u0259ndir\u0259n real sektorun kreditl\u0259\u015fm\u0259sin\u0259 c\u0259lb edilm\u0259si iqtisadi blokun haz\u0131rda \u0259n aktual \u00e7a\u011f\u0131r\u0131\u015flar\u0131ndan biri kimi b\u00f6y\u00fck \u0259h\u0259miyy\u0259t k\u0259sb ed\u0131r. \u00d6lk\u0259mizd\u0259 m\u00fc\u015fahid\u0259 edil\u0259n inkl\u00fcziv iqtisadi inkisaf v\u0259 apar\u0131lan m\u0259qs\u0259dy\u00f6nl\u00fc siyas\u0259t fonunda realla\u015fan islahatlar \u00f6lk\u0259 iqtisadiyyat\u0131n\u0131n imkanlar\u0131ndan s\u0259m\u0259r\u0259li istifad\u0259 n\u0259tic\u0259sind\u0259 \u0259ld\u0259 edilmi\u015fdir. \u0130st\u0259r institusional, ist\u0259rs\u0259 d\u0259 qanunvericilik sah\u0259l\u0259rini \u0259hat\u0259 ed\u0259n bu islahatlar \u00f6lk\u0259d\u0259 makroiqtisadi formada dayan\u0131ql\u0131\u011f\u0131n qorunub saxlan\u0131lmas\u0131nda, investisiya m\u00fchitinin v\u0259 \u0259sas\u0259n infrastruktur t\u0259minat\u0131n\u0131n daha da yax\u015f\u0131la\u015fd\u0131r\u0131lmas\u0131na \u00e7ox b\u00f6y\u00fck \u0259h\u0259miyy\u0259t k\u0259sb edir. Real sektorun strukturunun t\u0259kmill\u0259sdirilm\u0259si v\u0259 potensial\u0131n\u0131n art\u0131r\u0131lmas\u0131 is\u0259 iqtisadiyyat\u0131n diversifikasiyas\u0131 \u0259sas\u0131nda \u00f6lk\u0259 iqtisadiyyat\u0131n\u0131n r\u0259qab\u0259t qabiliyy\u0259tinin art\u0131r\u0131lmas\u0131 v\u0259 qeyri-neft sah\u0259sinin t\u0259kmill\u0259\u015fm\u0259sin\u0259 g\u0259tirib \u00e7\u0131xarmal\u0131d\u0131r.<\/p>\n<p>Bu m\u0259nada Prezident \u0130lham \u018fliyevin yanvar\u0131n 22-d\u0259 forum \u00e7\u0259r\u00e7iv\u0259sind\u0259 &#8220;Strateji bax\u0131\u015f: Avrasiya&#8221; m\u00f6vzusunda ke\u00e7irilmi\u015f panel iclas\u0131ndak\u0131 \u00e7\u0131x\u0131\u015f\u0131 x\u00fcsusil\u0259 \u0259lam\u0259tdar hadis\u0259 kimi m\u00fct\u0259x\u0259ssisl\u0259r t\u0259r\u0259find\u0259n maraqla qar\u015f\u0131lanm\u0131\u015fd\u0131r. Bel\u0259 ki, \u00f6lk\u0259mizd\u0259 h\u00f6kum\u0259tin yenil\u0259nm\u0259si il\u0259 ba\u011fl\u0131 panelin moderatorunun sual\u0131na cavab ver\u0259n c\u0259nab Prezident bildirmi\u015fdir: &#8220;&#8230;H\u00f6kum\u0259t\u0259 yax\u015f\u0131 t\u0259hsil alm\u0131\u015f, m\u00fcasir bax\u0131\u015fl\u0131 yeni insanlar d\u0259v\u0259t olunmu\u015fdur. \u00c7\u00fcnki d\u0259f\u0259l\u0259rl\u0259 ictimaiyy\u0259t\u0259 a\u00e7\u0131qlamalar\u0131mda dediyim kimi, iyirmi birinci \u0259srd\u0259 iyirminci \u0259srin bax\u0131\u015f\u0131 il\u0259 u\u011fur qazanmaq olmaz. Buna g\u00f6r\u0259 d\u0259 yeni insanlar n\u0259inki t\u0259kc\u0259 h\u00f6kum\u0259t\u0259, eyni zamanda, \u00e7ox b\u00f6y\u00fck d\u0259yi\u015fiklikl\u0259r\u0259 m\u0259ruz qalm\u0131\u015f Prezident Administrasiyas\u0131na da g\u0259tirilmi\u015fdir. G\u0259l\u0259n ay bizd\u0259 erk\u0259n parlament se\u00e7kil\u0259ri ke\u00e7iril\u0259c\u0259k. Bu se\u00e7kil\u0259rin m\u0259qs\u0259di insanlara etimad g\u00f6st\u0259rdikl\u0259ri namiz\u0259dl\u0259ri se\u00e7m\u0259k \u00fc\u00e7\u00fcn imkan verm\u0259k idi. \u018fmin\u0259m ki, se\u00e7kil\u0259rd\u0259n sonra parlament d\u0259 islahatlar\u0131n davam\u0131n\u0131n m\u00fch\u00fcm hiss\u0259si olacaqd\u0131r.&#8221; Bununla da, c\u0259nab Prezident bir daha beyn\u0259lxalq ictimaiyy\u0259t\u0259 b\u0259yan etmi\u015fdir ki, \u00f6lk\u0259mizd\u0259 yeni, innovativ d\u00fc\u015f\u00fcnc\u0259li, V\u0259t\u0259n\u0259, d\u00f6vl\u0259t\u00e7iliyimiz\u0259 sadiq insanlar d\u00f6vl\u0259t idar\u0259\u00e7iliyind\u0259 aktiv rol alma\u011fa d\u0259v\u0259t edilmi\u015f. Onlar\u0131n haz\u0131rda h\u0259yata ke\u00e7iril\u0259n islahatlar\u0131n davam\u0131nda aktiv rol oynayacaqlar\u0131na \u00fcmid edildiyi ifad\u0259 olunmu\u015fdur. O, infrastruktur layih\u0259l\u0259ri bar\u0259d\u0259 fikrini davam etdir\u0259r\u0259k, m\u0259hz Davos Forumuna \u0259sas\u0259n Az\u0259rbaycan\u0131n bu g\u00fcn elektrik enerjisin\u0259 \u00e7\u0131x\u0131\u015f imkan\u0131na g\u00f6r\u0259 ikinci yerd\u0259 oldu\u011funu, \u00f6lk\u0259mizd\u0259 qazla\u015fd\u0131rma s\u0259viyy\u0259sinin 96 faiz t\u0259\u015fkil etdiyini, 16 min kilometr yol, 3 mind\u0259n \u00e7ox m\u0259kt\u0259b v\u0259 700 x\u0259st\u0259xana in\u015fa edildiyini bildirmi\u015fdir. C\u0259nab Prezident idar\u0259\u00e7ilikd\u0259, \u015f\u0259ffafl\u0131qda, hesabatl\u0131l\u0131qda, h\u0259yat v\u0259 ya\u015fay\u0131\u015f standartlar\u0131 il\u0259 ba\u011fl\u0131 meyarlar\u0131n Avropa \u0130ttifaq\u0131n\u0131n standartlar\u0131na toxunaraq, bu standartlara nail olmaq \u00fc\u00e7\u00fcn \u00f6lk\u0259d\u0259 g\u00fccl\u00fc siyasi d\u0259st\u0259yin oldu\u011funu bildirmi\u015fdir. Bunun \u00fc\u00e7\u00fcn obyektiv imkanlar\u0131n oldu\u011fu da vur\u011fulanm\u0131\u015fd\u0131r. Bel\u0259 ki, yen\u0259 d\u0259 Davos Forumunun qiym\u0259tl\u0259ndirm\u0259sin\u0259 g\u00f6r\u0259, Az\u0259rbaycan h\u00f6kum\u0259tinin strateji bax\u0131\u015f\u0131 10-cu yer\u0259, h\u00f6kum\u0259tin sabitliyi t\u0259min etm\u0259k bacar\u0131\u011f\u0131 is\u0259 d\u00fcnyada 11-ci yer\u0259 layiq g\u00f6r\u00fclm\u00fc\u015fd\u00fcr.<\/p>\n<p>C\u0259nab Prezidentin qeyd olunan paneld\u0259ki \u00e7\u0131x\u0131\u015f\u0131n\u0131 \u00f6lk\u0259miz\u0131n 2015-ci ild\u0259 BMT Ba\u015f Assambleyas\u0131n\u0131n format\u0131nda \u00fcz\u0259rin\u0259 g\u00f6t\u00fcrd\u00fcy\u00fc beyn\u0259lxalq \u00f6hd\u0259lik kimi Dayan\u0131ql\u0131 \u0130nki\u015faf M\u0259qs\u0259dl\u0259rinin realizasiyas\u0131 rakursundan yana\u015fsaq, g\u00f6r\u0259rik ki, m\u0259s\u0259l\u0259n, 1-ci M\u0259qs\u0259din (Yoxsullu\u011fun azald\u0131lmas\u0131) icras\u0131 istiqam\u0259tind\u0259 \u00f6lk\u0259d\u0259 art\u0131q xeyli i\u015fl\u0259r g\u00f6r\u00fclm\u00fc\u015f, haz\u0131rda yoxsulluq s\u0259viyy\u0259si 5 faizd\u0259n a\u015fa\u011f\u0131 s\u0259viyy\u0259d\u0259 saxlan\u0131lm\u0131\u015fd\u0131r. Bundan \u0259lav\u0259, 8-ci M\u0259qs\u0259din icras\u0131 \u00fczr\u0259 c\u0259nab Prezident haz\u0131rda \u0259halimizin say art\u0131m\u0131na g\u00f6r\u0259 h\u0259r il 100 mind\u0259n \u00e7ox yeni i\u015f yerinin a\u00e7\u0131lmas\u0131na yeni h\u00f6kum\u0259tin \u00e7al\u0131\u015faca\u011f\u0131n\u0131 ifad\u0259 etmi\u015f v\u0259 bildirmi\u015fdir ki, yeni i\u015f yerl\u0259rinin say\u0131 h\u0259tta demoqrafik art\u0131mdan daha \u00e7ox olmal\u0131d\u0131r. Bundan \u0259lav\u0259 o, inflyasiyan\u0131n ke\u00e7\u0259n il oldu\u011fu kimi 2,5 faiz s\u0259viyy\u0259sind\u0259 oldu\u011funu, birba\u015fa xarici borcun haz\u0131rda \u00e7ox a\u015fa\u011f\u0131 s\u0259viyy\u0259d\u0259 oldu\u011funu v\u0259 \u00fcmumi daxili m\u0259hsulun 17 faizini t\u0259\u015fkil etdiyini vur\u011fulam\u0131\u015f, h\u00f6kum\u0259tin \u0259sas h\u0259d\u0259finin is\u0259 \u00dcDM-in 10 faizin\u0259 q\u0259d\u0259r endirm\u0259kd\u0259n ibar\u0259t oldu\u011funu s\u00f6yl\u0259mi\u015fdir.<\/p>\n<p>Qeyd ed\u0259k ki, haz\u0131rda \u00f6lk\u0259mizd\u0259 aktiv i\u015f\u00e7i q\u00fcvv\u0259sinin t\u0259xmin\u0259n 40 faizinin \u00e7al\u0131\u015fd\u0131\u011f\u0131 k\u0259nd t\u0259s\u0259rr\u00fcfat\u0131 m\u00f6vzusu da Davos Forumu \u00e7\u0259r\u00e7iv\u0259sind\u0259 \u00f6lk\u0259 ba\u015f\u00e7\u0131s\u0131n\u0131n diqq\u0259tind\u0259n yay\u0131nmam\u0131\u015fd\u0131r. Bel\u0259 ki, yanvar\u0131n 22-d\u0259 Davosda Monqolustan Prezidenti Xaltmaaqiyn Battulqa il\u0259 g\u00f6r\u00fc\u015fd\u0259 Prezident \u0130lham \u018fliyev iki \u00f6lk\u0259 aras\u0131nda siyasi-iqtisadi \u0259laq\u0259l\u0259rin d\u0259rinl\u0259\u015fdirilm\u0259si, o c\u00fcml\u0259d\u0259n k\u0259nd t\u0259s\u0259rr\u00fcfat\u0131 sah\u0259sind\u0259, x\u00fcsusil\u0259 d\u0259 heyvandarl\u0131q sektorunda geni\u015f \u0259m\u0259kda\u015fl\u0131q imkanlar\u0131n\u0131n oldu\u011fun\u0131 vur\u011fulam\u0131\u015f, mis v\u0259 q\u0131z\u0131l m\u0259d\u0259nl\u0259ri s\u0259nayesi sektorunda investisiya imkanlar\u0131 bar\u0259d\u0259 b\u0259hs etmi\u015fdir.<\/p>\n<p>Bununla yana\u015f\u0131, \u00f6lk\u0259mizin neft-qaz sektorunun inki\u015faf\u0131 \u00fczr\u0259 h\u0259yata ke\u00e7iril\u0259n qlobal enerji layih\u0259l\u0259rinin m\u00fczakir\u0259si d\u0259 c\u0259nab Prezidentin Davos t\u0259maslar\u0131n\u0131n \u0259sas m\u00f6vzular\u0131ndan biri olmu\u015fdur. Bel\u0259 ki, yanvar\u0131n 22-d\u0259 d\u00f6vl\u0259t ba\u015f\u00e7\u0131s\u0131 Davosda BP \u015firk\u0259tinin ba\u015f icra\u00e7\u0131 direktoru Robert Dadli il\u0259 ke\u00e7irdiyi g\u00f6r\u00fc\u015fd\u0259 TANAP layih\u0259sinin art\u0131q istifad\u0259y\u0259 verildiyi, TAP-\u0131n is\u0259 bu ilin ax\u0131r\u0131nad\u0259k haz\u0131r olaca\u011f\u0131 qeyd edilmi\u015f, habel\u0259 &#8220;Az\u0259ri-\u00c7\u0131raq-G\u00fcn\u0259\u015fli&#8221; yataqlar blokunun i\u015fl\u0259nilm\u0259sinin n\u00f6vb\u0259ti m\u0259rh\u0259l\u0259si \u00fczr\u0259 yeni layih\u0259y\u0259 dair m\u00fczakir\u0259l\u0259r apar\u0131lm\u0131\u015fd\u0131r. D\u00f6vl\u0259timizin ba\u015f\u00e7\u0131s\u0131 bu ilin fevral\u0131nda Bak\u0131da &#8220;C\u0259nub Qaz D\u0259hlizi&#8221; M\u0259\u015fv\u0259r\u0259t \u015euras\u0131n\u0131n nazirl\u0259r s\u0259viyy\u0259sind\u0259 g\u00f6r\u00fc\u015f\u00fcn\u00fcn ke\u00e7iril\u0259c\u0259yini d\u0259 qeyd etmi\u015fdir.<\/p>\n<p>El\u0259 h\u0259min g\u00fcn, y\u0259ni yanvar\u0131n 22-d\u0259 Az\u0259rbaycan Respublikas\u0131n\u0131n Prezidenti \u0130lham \u018fliyevin Davosda G\u00fcrc\u00fcstan\u0131n Ba\u015f Naziri Giorgi Qaxariya il\u0259 g\u00f6r\u00fc\u015f\u00fc \u00f6lk\u0259l\u0259rimiz aras\u0131nda ikit\u0259r\u0259fli siyasi v\u0259 iqtisadi m\u00fcnasib\u0259tl\u0259rin inki\u015faf\u0131na m\u00fch\u00fcm t\u00f6hf\u0259 vermi\u015fdir. Bel\u0259 ki, g\u00f6r\u00fc\u015f zaman\u0131 \u00f6lk\u0259l\u0259rimizin i\u015ftirak\u0131 il\u0259 qlobal v\u0259 regional enerji v\u0259 n\u0259qliyyat layih\u0259l\u0259ri s\u0131ras\u0131nda Bak\u0131-Tbilisi-Qars d\u0259mir yolu x\u0259ttinin \u0259h\u0259miyy\u0259ti bar\u0259d\u0259 b\u0259hs edil\u0259rk\u0259n yanvar\u0131n 21-d\u0259 Davosda D\u00fcnya \u0130qtisadi Forumu \u00e7\u0259r\u00e7iv\u0259sind\u0259 &#8220;Avrasiya \u00fc\u00e7\u00fcn yeni bax\u0131\u015f &#8211; dayan\u0131ql\u0131 inki\u015faf \u00fc\u00e7\u00fcn t\u0259r\u0259fda\u015fl\u0131q&#8221; m\u00f6vzusunda ke\u00e7irilmi\u015f iclasda bu layih\u0259nin \u00f6n\u0259minin qeyd edildiyi bildirilmi\u015fdir. M\u0259hz bu layih\u0259nin regionda yeni \u0259m\u0259kda\u015fl\u0131q perspektivl\u0259ri yaratd\u0131\u011f\u0131 x\u00fcsusi vur\u011fulanm\u0131\u015fd\u0131r. Qeyd ed\u0259k ki, bu layih\u0259nin ilk d\u0259f\u0259 beyn\u0259lxalq icitimaiyy\u0259t\u0259 t\u0259qdim edildiyi d\u00f6vrd\u0259, y\u0259ni ikimininci ill\u0259rin \u0259vv\u0259ll\u0259rind\u0259 guya &#8220;ER-\u0131n iqtisadi blokadas\u0131n\u0131 g\u00fccl\u0259ndirm\u0259k m\u0259qs\u0259di da\u015f\u0131mas\u0131&#8221; s\u0259b\u0259bind\u0259n ilk n\u00f6vb\u0259d\u0259 Avropa Birliyinin b\u0259zi apar\u0131c\u0131 d\u00f6vl\u0259tl\u0259rind\u0259ki erm\u0259nip\u0259r\u0259st siyasi dair\u0259l\u0259r t\u0259r\u0259find\u0259n nec\u0259 k\u0259skin t\u0259nqid\u0259 v\u0259 mane\u0259l\u0259r\u0259 rast g\u0259lm\u0259si \u015f\u0259xs\u0259n bu yaz\u0131n\u0131n m\u00fc\u0259llifinin yax\u015f\u0131 yad\u0131ndad\u0131r. Bel\u0259 ki, h\u0259min d\u00f6vrd\u0259 Az\u0259rbaycan\u0131n Avropa Birliyi N\u00fcmay\u0259nd\u0259liyind\u0259 Birinci katibi v\u0259zif\u0259sind\u0259 \u00e7al\u0131\u015fark\u0259n, onun bu destruktiv m\u00fcnasib\u0259tin canl\u0131 \u015fahidi olmu\u015fdur. Lakin AR Prezidenti c\u0259nab \u0130lham \u018fliyevin bu m\u0259s\u0259l\u0259d\u0259 q\u0259tiyy\u0259tli v\u0259 prinsipial m\u00f6vqeyi, habel\u0259 z\u0259rg\u0259r d\u0259qiqliyi il\u0259 apad\u0131\u011f\u0131 effektiv v\u0259 ard\u0131c\u0131l xarici siyas\u0259t x\u0259tti n\u0259tic\u0259sind\u0259 qeyd olunan layih\u0259 2017-ci ilin oktyabr ay\u0131n\u0131n 30-da u\u011furla ba\u015fa \u00e7atd\u0131r\u0131ld\u0131 v\u0259 haz\u0131rda onun m\u00fch\u00fcm regional layih\u0259 kimi \u0259h\u0259miyy\u0259ti g\u00fcnd\u0259n-g\u00fcn\u0259 artmaqdad\u0131r.<\/p>\n<p>Bundan \u0259lav\u0259, yanvar\u0131n 22-d\u0259 c\u0259nab Prezident Davosda \u0130sve\u00e7r\u0259 Konfederasiyas\u0131n\u0131n Prezidenti xan\u0131m Simonetta Sommaruqa il\u0259 g\u00f6r\u00fc\u015f\u00fc ba\u015f tutmu\u015f v\u0259 orada ikit\u0259r\u0259fli \u0259laq\u0259l\u0259r m\u00fczakir\u0259 olunark\u0259n, BMT T\u0259hl\u00fck\u0259sizlik \u015euras\u0131na s\u0259drliyi d\u00f6vr\u00fcnd\u0259 Az\u0259rbaycan\u0131n t\u0259cr\u00fcb\u0259si x\u00fcsusi vur\u011fulanm\u0131\u015fd\u0131r. H\u0259min g\u00f6r\u00fc\u015fd\u0259 \u00f6lk\u0259mizin Avropan\u0131n enerji t\u0259hl\u00fck\u0259sizliyind\u0259ki v\u0259 \u00fcmumilikd\u0259, regionun t\u0259hl\u00fck\u0259sizliyind\u0259ki rolu, habel\u0259 Az\u0259rbaycan il\u0259 \u0130sve\u00e7r\u0259 aras\u0131nda iqtisadi \u0259laq\u0259l\u0259r bar\u0259d\u0259 fikir m\u00fcbadil\u0259si apar\u0131lm\u0131\u015f v\u0259 bu m\u00fcnasib\u0259tl\u0259rin inki\u015faf\u0131ndan m\u0259mnunluq ifad\u0259 olunmu\u015fdur. G\u00f6r\u00fc\u015fd\u0259 s\u0259sl\u0259ndiril\u0259n maraql\u0131 m\u00fczakir\u0259 m\u00f6vzular\u0131ndan biri Az\u0259rbaycanda b\u0259rpaolunan enerji sah\u0259sind\u0259 \u0259m\u0259kda\u015fl\u0131q m\u0259s\u0259l\u0259si olmu\u015fdur. \u00d6lk\u0259mizd\u0259 alternativ enerjinin b\u00f6y\u00fck potensial\u0131n\u0131n m\u00f6vcudlu\u011funu v\u00fcr\u011fulayan Prezident \u0130lham \u018fliyev realla\u015fd\u0131r\u0131lan b\u0259rpaolunan enerji layih\u0259l\u0259ri bar\u0259d\u0259 m\u0259lumat ver\u0259r\u0259k, g\u0259l\u0259c\u0259kd\u0259 turizm, n\u0259qliyyat, k\u0259nd t\u0259s\u0259rr\u00fcfat\u0131 sah\u0259l\u0259rind\u0259 d\u0259 b\u0259rpaolunan enerjid\u0259n istifad\u0259nin m\u00fcmk\u00fcnl\u00fcy\u00fcn\u00fc bildirmi\u015fdir.<\/p>\n<p>Az\u0259rbaycan-\u0130sve\u00e7r\u0259 ikit\u0259r\u0259fli m\u00fcnasib\u0259tl\u0259ri Prezident \u0130lham \u018fliyevin Davosda \u0130sve\u00e7r\u0259nin Montr\u00f6 \u015f\u0259h\u0259rinin meri, Az\u0259rbaycan-\u0130sve\u00e7r\u0259 Dostluq Qrupunun h\u0259ms\u0259dri Loran Verli il\u0259 g\u00f6r\u00fc\u015f\u00fcn\u00fcn d\u0259 \u0259sas leytmotivini t\u0259\u015fkil etmi\u015fdir. Bel\u0259 ki, bu g\u00f6r\u00fc\u015fd\u0259 iki ay \u0259vv\u0259l \u0130sve\u00e7r\u0259 parlamentind\u0259 Az\u0259rbaycan il\u0259 dostluq qrupunun h\u0259ms\u0259dri t\u0259yin olunmu\u015f Loran Verli Az\u0259rbaycan il\u0259 \u0130sve\u00e7r\u0259, o c\u00fcml\u0259d\u0259n iki \u00f6lk\u0259nin qanunverici orqanlar\u0131 aras\u0131nda \u0259laq\u0259l\u0259rin daha da s\u00fcr\u0259tl\u0259 inki\u015faf etm\u0259si \u00fc\u00e7\u00fcn s\u0259yl\u0259rini \u0259sirg\u0259m\u0259y\u0259c\u0259yini bildirmi\u015fdir. S\u00f6hb\u0259t zaman\u0131 Az\u0259rbaycan il\u0259 \u0130sve\u00e7r\u0259nin \u015f\u0259h\u0259rl\u0259ri aras\u0131nda \u0259m\u0259kda\u015fl\u0131q m\u00fcnasib\u0259tl\u0259rinin qurulmas\u0131 il\u0259 ba\u011fl\u0131 fikir m\u00fcbadil\u0259si apar\u0131lm\u0131\u015f, bir m\u00fcdd\u0259t \u0259vv\u0259l Montr\u00f6 \u015f\u0259h\u0259ri il\u0259 Bak\u0131n\u0131n S\u0259bail rayonunun qarda\u015fla\u015fd\u0131\u011f\u0131 bildirilm\u0131\u015fdir.<\/p>\n<p>Bununla yana\u015f\u0131, iqtisad\u00e7\u0131 ekspertl\u0259r Prezident \u0130lham \u018fliyevin Davosda &#8220;Swiss Re&#8221; \u015firk\u0259tinin ictimaiyy\u0259tl\u0259 \u0259laq\u0259l\u0259r \u00fczr\u0259 s\u0259dri Veronika Skotti il\u0259 g\u00f6r\u00fc\u015f\u00fcn\u00fcn \u00f6lk\u0259mizin s\u0131\u011forta bazar\u0131n\u0131n inki\u015faf\u0131na m\u00fch\u00fcm t\u00f6hf\u0259 ver\u0259 bil\u0259c\u0259yini ifad\u0259 etmi\u015fl\u0259r. Bel\u0259 ki, xan\u0131m Skotti il\u0259 g\u00f6r\u00fc\u015f zaman\u0131 d\u00f6vl\u0259timizin ba\u015f\u00e7\u0131s\u0131 son ill\u0259rd\u0259 apar\u0131lan islahatlar n\u0259tic\u0259sind\u0259 Az\u0259rbaycanda s\u0131\u011forta sah\u0259sinin inki\u015faf\u0131 v\u0259 t\u0259kmill\u0259\u015fm\u0259si \u00fc\u00e7\u00fcn yax\u015f\u0131 imkanlar\u0131n yarand\u0131\u011f\u0131n\u0131 bildirmi\u015fdir. \u00d6z n\u00f6vb\u0259sind\u0259 xan\u0131m Skotti qeyd etmi\u015fdir ki, &#8220;Swiss Re&#8221; \u015firk\u0259ti Prezident \u0130lham \u018fliyevin h\u0259yata ke\u00e7irdiyi islahatlarda i\u015ftirak etm\u0259y\u0259, Az\u0259rbaycanda s\u0131\u011forta bazar\u0131n\u0131n daha da inki\u015faf\u0131na t\u00f6hf\u0259 verm\u0259y\u0259 haz\u0131rd\u0131r.<\/p>\n<p>Eyni zamanda, Prezident \u0130lham \u018fliyev Davos forumu \u00e7\u0259r\u00e7iv\u0259sind\u0259 Procter and Gamble Europe&#8221; \u015firk\u0259tinin prezidenti Loik Tassel, &#8220;Equinor&#8221; \u015firk\u0259tinin ba\u015f icra\u00e7\u0131 direktoru Eldar Saetre il\u0259 d\u0259 maraql\u0131 t\u0259maslar\u0131 Az\u0259rbaycan\u0131n \u0259lveri\u015fli biznes m\u00fchitin\u0259 xarici investorlar\u0131n artan mara\u011f\u0131n\u0131n g\u00f6st\u0259ricisi kimi d\u0259y\u0259rl\u0259ndirilm\u0259lidir. Bel\u0259 ki, m\u0259s\u0259l\u0259n, c\u0259nab Loik Tassel g\u00f6r\u00fc\u015f zaman\u0131 o, son ill\u0259rd\u0259 Az\u0259rbaycanda h\u0259yata ke\u00e7iril\u0259n islahatlar\u0131, x\u00fcsusil\u0259 biznes sah\u0259sind\u0259 m\u00fchasibatl\u0131l\u0131\u011f\u0131n v\u0259 \u015f\u0259ffafl\u0131\u011f\u0131n art\u0131r\u0131lmas\u0131, vergi v\u0259 g\u00f6mr\u00fck sah\u0259l\u0259rind\u0259 islahatlar\u0131n \u00fcmumi r\u0259qab\u0259t m\u00fchitin\u0259 verdiyi m\u00fcsb\u0259t t\u00f6hf\u0259ni y\u00fcks\u0259k qiym\u0259tl\u0259ndirmi\u015fdir. T\u0259sad\u00fcfi deyildir ki, Az\u0259rbaycan D\u00fcnya Bank\u0131n\u0131n n\u00fcfuzlu &#8220;Doing Business 2020&#8221; hesabat\u0131nda \u0259n islahat\u00e7\u0131 20 \u00f6lk\u0259 s\u0131ras\u0131na daxil edilmi\u015fdir. Hesabata \u0259sas\u0259n, Az\u0259rbaycan &#8220;Doing Business&#8221; \u00fczr\u0259 d\u00f6rd sah\u0259 (\u0259mlak\u0131n qeydiyyat\u0131, kreditl\u0259rin al\u0131nmas\u0131, minoritar investorlar\u0131n h\u00fcquqlar\u0131n\u0131n qorunmas\u0131 v\u0259 m\u00fcqavil\u0259l\u0259rin icras\u0131n\u0131n t\u0259mini) \u00fczr\u0259 sahibkarl\u0131q f\u0259aliyy\u0259ti il\u0259 m\u0259\u015f\u011ful olma\u011f\u0131 asanla\u015fd\u0131rm\u0131\u015fd\u0131r.<\/p>\n<p>B\u00fct\u00fcn iqtisadi m\u00f6vzularla yana\u015f\u0131, Prezident \u0130lham \u018fliyevin y\u00fcks\u0259k pe\u015f\u0259kar diplomat kimi, b\u00fct\u00fcn beyn\u0259lxalq forumlarda oldu\u011fu kimi, iqtisadi format olan Davos Forumunda da Erm\u0259nistan-Az\u0259rbaycan Da\u011fl\u0131q Qaraba\u011f m\u00fcnaqi\u015f\u0259si \u00fczr\u0259 \u00f6lk\u0259mizin m\u00f6vqeyini vur\u011fulamas\u0131 diqq\u0259ti c\u0259lb etmi\u015fdir. Bel\u0259 ki, &#8220;Strateji bax\u0131\u015f: Avrasiya&#8221; panel iclas\u0131n\u0131n moderatorunun meydana g\u0259lm\u0259sind\u0259n \u0259n \u00e7ox narahat oldu\u011funuz g\u0259rginlikl\u0259r hans\u0131lard\u0131r sual\u0131na, Prezident \u0130.\u018fliyev bir s\u0131ra regional m\u00fcnaqi\u015f\u0259 ocaqlar\u0131n\u0131 sadalayaraq a\u00e7\u0131q b\u0259yan etmi\u015fdir: &#8220;&#8230;Biz \u00f6z\u00fcm\u00fcz Erm\u0259nistan t\u0259r\u0259find\u0259n i\u015f\u011fala m\u0259ruz qalm\u0131\u015f\u0131q v\u0259 bu daimi t\u0259hdid m\u0259nb\u0259yidir. \u018frazil\u0259rimizin dem\u0259k olar ki, 20 faizi beyn\u0259lxalq h\u00fcquq normalar\u0131 v\u0259 BMT T\u0259hl\u00fck\u0259sizlik \u015euras\u0131n\u0131n q\u0259tnam\u0259l\u0259rin\u0259 zidd olaraq Erm\u0259nistan\u0131n i\u015f\u011fal\u0131 alt\u0131ndad\u0131r&#8230; H\u0259tta Az\u0259rbaycandan k\u0259narda olan iqtisadi \u00e7\u0259tinlikl\u0259r bizim iqtisadi v\u0259 sosial v\u0259ziyy\u0259timiz\u0259 t\u0259sir ed\u0259 bil\u0259r. Buna g\u00f6r\u0259 d\u0259 d\u00fc\u015f\u00fcn\u00fcr\u0259m ki, regionda sabitlikl\u0259 ba\u011fl\u0131 v\u0259ziyy\u0259t bizi narahat ed\u0259n \u0259sas m\u0259s\u0259l\u0259dir v\u0259 bel\u0259 dey\u0259 bil\u0259r\u0259ms\u0259, regionda qeyri-sabitlik \u0259sas kabusdur&#8221;.<\/p>\n<p>Bel\u0259likl\u0259, \u00f6lk\u0259 ba\u015f\u00e7\u0131s\u0131n\u0131n yanvar\u0131n 20-24 tarixl\u0259rind\u0259 Davosda ke\u00e7irilmi\u015fD\u00fcnya \u0130qtisadi Forumunda i\u015ftirak\u0131 \u00f6z y\u00fcks\u0259k m\u0259hsuldarl\u0131\u011f\u0131 il\u0259 se\u00e7ilmi\u015fdir. Bel\u0259 ki, bu m\u00f6t\u0259b\u0259r formatda \u00f6lk\u0259mizin iqtisadi c\u0259h\u0259td\u0259n \u00e7i\u00e7\u0259kl\u0259nm\u0259si, yeni investisiyan\u0131n \u00f6lk\u0259y\u0259 ax\u0131n\u0131, ist\u0259r neft-qaz, infrastruktur layih\u0259l\u0259ri, ist\u0259rs\u0259 d\u0259 qeyri-neft sektorunun inki\u015faf\u0131na \u0259h\u0259miyy\u0259tli t\u00f6hf\u0259 verilmi\u015fdir. Eyni zamanda, d\u00f6vl\u0259t ba\u015f\u00e7\u0131s\u0131 d\u00fcnyan\u0131n bir \u00e7ox siyasi liderl\u0259ri, habel\u0259 n\u00fcfuzlu i\u015fg\u00fczar dair\u0259l\u0259ri t\u0259msil\u00e7il\u0259ri \u00f6n\u00fcnd\u0259 Erm\u0259nistan-Az\u0259rbaycan Da\u011fl\u0131q Qaraba\u011f m\u00fcnaqi\u015f\u0259si \u00fczr\u0259 \u00f6lk\u0259mizin m\u00f6vqeyini bir da b\u0259yan etm\u0259y\u0259 m\u00fcv\u0259ff\u0259q olmu\u015fdur.<\/p>\n<p><strong>Fuad H\u00fcmb\u0259tov<\/strong><\/p>\n<p><strong>AR Sahibkarlar (\u0130\u015f\u0259g\u00f6t\u00fcrl\u0259nl\u0259r) Milli Konfederasiyas\u0131n\u0131n Ba\u015f katibinin m\u00fcavini, AR Prezidenti yan\u0131nda D\u00f6vl\u0259t \u0130dar\u0259\u00e7ilik Akademiyas\u0131n\u0131n dosenti<\/strong><\/p>\n","protected":false},"excerpt":{"rendered":"<p>H\u0259r il yanvar ay\u0131n\u0131n ikinci yar\u0131s\u0131nda \u0130sve\u00e7r\u0259nin Davos da\u011f\u0131n\u0131n \u0259t\u0259yind\u0259 ke\u00e7iril\u0259n D\u00fcnya \u0130qtisadi Forumu qlobal siyasi-iqtisadi al\u0259minin n\u00fcfuzlu simalar\u0131n\u0131n \u0259sas toplant\u0131 v\u0259 \u00fcnsiyy\u0259t yerl\u0259rind\u0259n biridir. Forumun \u0259sas\u0131 1971-ci ild\u0259 qoyulmu\u015fdur v\u0259 onun ba\u015fl\u0131ca missiyas\u0131 d\u00fcnyan\u0131n qlobal, regional v\u0259 s\u0259naye g\u00fcnd\u0259liyini formala\u015fd\u0131rmaq \u00fc\u00e7\u00fcn tan\u0131nm\u0131\u015f siyasi, biznes, akademik v\u0259 media dair\u0259l\u0259rinin n\u00fcmay\u0259nd\u0259l\u0259rini bir araya g\u0259tirm\u0259kd\u0259n ibar\u0259tdir. Do\u011frudur, siyasi liderl\u0259rin illik forumlara d\u0259v\u0259t edilm\u0259si praktikas\u0131na, bir q\u0259d\u0259r gec, m\u0259hz 1973-c\u00fc ild\u0259 \u018fr\u0259b-\u0130srail m\u00fcharib\u0259si v\u0259 Breton Vuds sabit valyuta-d\u0259yi\u015fm\u0259 mexanizminin kollaps\u0131 kimi hadis\u0259l\u0259r ba\u015f verdikd\u0259n sonra ba\u015flan\u0131lm\u0131\u015fd\u0131r. Lakin g\u00fcn\u00fcm\u00fczd\u0259 m\u0259hz Davos Forumu\u0131 d\u00fcnyan\u0131n apar\u0131c\u0131&hellip;<\/p>\n","protected":false},"author":2,"featured_media":124292,"comment_status":"closed","ping_status":"closed","sticky":false,"template":"","format":"standard","meta":{"om_disable_all_campaigns":false,"_monsterinsights_skip_tracking":false,"_monsterinsights_sitenote_active":false,"_monsterinsights_sitenote_note":"","_monsterinsights_sitenote_category":0},"categories":[4],"tags":[],"aioseo_notices":[],"gutentor_comment":0,"rttpg_featured_image_url":{"full":["https:\/\/arantv.az\/wp-content\/uploads\/2020\/01\/821588.jpg",800,600,false],"landscape":["https:\/\/arantv.az\/wp-content\/uploads\/2020\/01\/821588.jpg",800,600,false],"portraits":["https:\/\/arantv.az\/wp-content\/uploads\/2020\/01\/821588.jpg",800,600,false],"thumbnail":["https:\/\/arantv.az\/wp-content\/uploads\/2020\/01\/821588-150x150.jpg",150,150,true],"medium":["https:\/\/arantv.az\/wp-content\/uploads\/2020\/01\/821588-300x225.jpg",300,225,true],"large":["https:\/\/arantv.az\/wp-content\/uploads\/2020\/01\/821588.jpg",640,480,false],"1536x1536":["https:\/\/arantv.az\/wp-content\/uploads\/2020\/01\/821588.jpg",800,600,false],"2048x2048":["https:\/\/arantv.az\/wp-content\/uploads\/2020\/01\/821588.jpg",800,600,false],"post-thumbnail":["https:\/\/arantv.az\/wp-content\/uploads\/2020\/01\/821588-240x172.jpg",240,172,true],"advps-thumb-one":["https:\/\/arantv.az\/wp-content\/uploads\/2020\/01\/821588.jpg",800,600,false]},"rttpg_author":{"display_name":"V\u00fcsal Rafiqo\u011flu","author_link":"https:\/\/arantv.az\/?author=2"},"rttpg_comment":0,"rttpg_category":"<a href=\"https:\/\/arantv.az\/?cat=4\" rel=\"category\">Siyas\u0259t<\/a>","rttpg_excerpt":"H\u0259r il yanvar ay\u0131n\u0131n ikinci yar\u0131s\u0131nda \u0130sve\u00e7r\u0259nin Davos da\u011f\u0131n\u0131n \u0259t\u0259yind\u0259 ke\u00e7iril\u0259n D\u00fcnya \u0130qtisadi Forumu qlobal siyasi-iqtisadi al\u0259minin n\u00fcfuzlu simalar\u0131n\u0131n \u0259sas toplant\u0131 v\u0259 \u00fcnsiyy\u0259t yerl\u0259rind\u0259n biridir. Forumun \u0259sas\u0131 1971-ci ild\u0259 qoyulmu\u015fdur v\u0259 onun ba\u015fl\u0131ca missiyas\u0131 d\u00fcnyan\u0131n qlobal, regional v\u0259 s\u0259naye g\u00fcnd\u0259liyini formala\u015fd\u0131rmaq \u00fc\u00e7\u00fcn tan\u0131nm\u0131\u015f siyasi, biznes, akademik v\u0259 media dair\u0259l\u0259rinin n\u00fcmay\u0259nd\u0259l\u0259rini bir araya g\u0259tirm\u0259kd\u0259n ibar\u0259tdir. Do\u011frudur,&hellip;","_links":{"self":[{"href":"https:\/\/arantv.az\/index.php?rest_route=\/wp\/v2\/posts\/124291"}],"collection":[{"href":"https:\/\/arantv.az\/index.php?rest_route=\/wp\/v2\/posts"}],"about":[{"href":"https:\/\/arantv.az\/index.php?rest_route=\/wp\/v2\/types\/post"}],"author":[{"embeddable":true,"href":"https:\/\/arantv.az\/index.php?rest_route=\/wp\/v2\/users\/2"}],"replies":[{"embeddable":true,"href":"https:\/\/arantv.az\/index.php?rest_route=%2Fwp%2Fv2%2Fcomments&post=124291"}],"version-history":[{"count":0,"href":"https:\/\/arantv.az\/index.php?rest_route=\/wp\/v2\/posts\/124291\/revisions"}],"wp:featuredmedia":[{"embeddable":true,"href":"https:\/\/arantv.az\/index.php?rest_route=\/wp\/v2\/media\/124292"}],"wp:attachment":[{"href":"https:\/\/arantv.az\/index.php?rest_route=%2Fwp%2Fv2%2Fmedia&parent=124291"}],"wp:term":[{"taxonomy":"category","embeddable":true,"href":"https:\/\/arantv.az\/index.php?rest_route=%2Fwp%2Fv2%2Fcategories&post=124291"},{"taxonomy":"post_tag","embeddable":true,"href":"https:\/\/arantv.az\/index.php?rest_route=%2Fwp%2Fv2%2Ftags&post=124291"}],"curies":[{"name":"wp","href":"https:\/\/api.w.org\/{rel}","templated":true}]}}