{"id":124438,"date":"2020-01-29T13:46:32","date_gmt":"2020-01-29T10:46:32","guid":{"rendered":"http:\/\/arantv.az\/?p=124438"},"modified":"2020-01-29T13:46:32","modified_gmt":"2020-01-29T10:46:32","slug":"m%c9%99mm%c9%99dyarov-v%c9%99-mnatsakanyan-arasinda-gorus-basladi-foto","status":"publish","type":"post","link":"https:\/\/arantv.az\/?p=124438","title":{"rendered":"M\u0259mm\u0259dyarov v\u0259 Mnatsakanyan aras\u0131nda g\u00f6r\u00fc\u015f ba\u015flad\u0131 &#8211; FOTO"},"content":{"rendered":"<p>Az\u0259rbaycan\u0131n Xarici \u0130\u015fl\u0259r naziri Elmar M\u0259mm\u0259dyarov v\u0259 Erm\u0259nistan\u0131n Xarici \u0130\u015fl\u0259r naziri Z\u00f6hrab Mnatsakanyan aras\u0131nda g\u00f6r\u00fc\u015f ba\u015flay\u0131b.<\/p>\n<p><b>ARANTV.AZ\u00a0<\/b> x\u0259b\u0259r verir ki, bununla ba\u011fl\u0131 Az\u0259rbaycan X\u0130N m\u0259tbuat katibi Leyla Abdullayeva \u201cTwitter\u201d s\u0259hif\u0259sind\u0259 payla\u015f\u0131m edib.<\/p>\n<p>G\u00f6r\u00fc\u015fd\u0259 Minsk Qrupunun rusiyal\u0131 h\u0259ms\u0259dri \u0130qor Popov, fransal\u0131 h\u0259ms\u0259dri Stefani Viskonti v\u0259 AB\u015e-l\u0131 h\u0259ms\u0259dri Endryu \u015eofer, el\u0259c\u0259 d\u0259\u00a0AT\u018fT-in F\u0259aliyy\u0259td\u0259 olan S\u0259drinin \u015f\u0259xsi n\u00fcmay\u0259nd\u0259 Anjey Kaspr\u015fik\u00a0i\u015ftirak edir.<\/p>\n<div>\n<div class=\"SandboxRoot env-bp-350\" data-twitter-event-id=\"0\">\n<div id=\"twitter-widget-0\" class=\"EmbeddedTweet EmbeddedTweet--cta js-clickToOpenTarget\" lang=\"en\" data-click-to-open-target=\"https:\/\/twitter.com\/LAbdullayevaMFA\/status\/1222459720985907200\" data-iframe-title=\"Twitter Tweet\" data-scribe=\"page:tweet\" data-twitter-event-id=\"1\">\n<div class=\"EmbeddedTweet-tweetContainer\">\n<div class=\"EmbeddedTweet-tweet\">\n<blockquote class=\"Tweet h-entry js-tweetIdInfo subject expanded\" cite=\"https:\/\/twitter.com\/LAbdullayevaMFA\/status\/1222459720985907200\" data-tweet-id=\"1222459720985907200\" data-scribe=\"section:subject\">\n<div class=\"Tweet-header\"><a class=\"TweetAuthor-avatar  Identity-avatar u-linkBlend\" href=\"https:\/\/twitter.com\/LAbdullayevaMFA\" data-scribe=\"element:user_link\" aria-label=\"Leyla Abdullayeva (screen name: LAbdullayevaMFA)\"><img class=\"Avatar\" src=\"https:\/\/pbs.twimg.com\/profile_images\/1219524490369150977\/z99zjgII_normal.jpg\" alt=\"\" data-scribe=\"element:avatar\" data-src-2x=\"https:\/\/pbs.twimg.com\/profile_images\/1219524490369150977\/z99zjgII_bigger.jpg\" data-src-1x=\"https:\/\/pbs.twimg.com\/profile_images\/1219524490369150977\/z99zjgII_normal.jpg\" \/><\/a><\/p>\n<div class=\"TweetAuthor js-inViewportScribingTarget\" data-scribe=\"component:author\">\n<div class=\"TweetAuthor-nameScreenNameContainer\"><span class=\"TweetAuthor-decoratedName\"><span class=\"TweetAuthor-name Identity-name customisable-highlight\" title=\"Leyla Abdullayeva\" data-scribe=\"element:name\">Leyla Abdullayeva<\/span><\/span><span class=\"TweetAuthor-screenName Identity-screenName\" dir=\"ltr\" title=\"@LAbdullayevaMFA\" data-scribe=\"element:screen_name\">@LAbdullayevaMFA<\/span><\/div>\n<\/div>\n<div class=\"Tweet-brand\">\n<div class=\"Icon Icon--twitter \" title=\"View on Twitter\" role=\"presentation\" aria-label=\"View on Twitter\"><\/div>\n<\/div>\n<\/div>\n<div class=\"Tweet-body e-entry-content\" data-scribe=\"component:tweet\">\n<div class=\"Tweet-target js-inViewportScribingTarget\"><\/div>\n<p class=\"Tweet-text e-entry-title\" dir=\"ltr\" lang=\"und\">The meeting of FM of <a class=\"PrettyLink hashtag customisable\" dir=\"ltr\" href=\"https:\/\/twitter.com\/hashtag\/Azerbaijan?src=hash\" rel=\"tag\" data-query-source=\"hashtag_click\" data-scribe=\"element:hashtag\"><span class=\"PrettyLink-prefix\">#<\/span><span class=\"PrettyLink-value\">Azerbaijan<\/span><\/a> Elmar Mammadyarov &amp; FM of <a class=\"PrettyLink hashtag customisable\" dir=\"ltr\" href=\"https:\/\/twitter.com\/hashtag\/Armenia?src=hash\" rel=\"tag\" data-query-source=\"hashtag_click\" data-scribe=\"element:hashtag\"><span class=\"PrettyLink-prefix\">#<\/span><span class=\"PrettyLink-value\">Armenia<\/span><\/a> Zohrab Mnatsakanyan with participation of <a class=\"PrettyLink profile customisable h-card\" dir=\"ltr\" href=\"https:\/\/twitter.com\/OSCE\" data-mentioned-user-id=\"20226248\" data-scribe=\"element:mention\"><span class=\"PrettyLink-prefix\">@<\/span><span class=\"PrettyLink-value\">OSCE<\/span><\/a> MG co-chairs Igor Popov <img class=\"Emoji Emoji--forText\" title=\"Flag of Russia\" draggable=\"false\" src=\"https:\/\/abs.twimg.com\/emoji\/v2\/72x72\/1f1f7-1f1fa.png\" alt=\"\ud83c\uddf7\ud83c\uddfa\" aria-label=\"Emoji: Flag of Russia\" \/>, St\u00e9phane Visconti <img class=\"Emoji Emoji--forText\" title=\"Flag of France\" draggable=\"false\" src=\"https:\/\/abs.twimg.com\/emoji\/v2\/72x72\/1f1eb-1f1f7.png\" alt=\"\ud83c\uddeb\ud83c\uddf7\" aria-label=\"Emoji: Flag of France\" \/>, Andrew Schofer <img class=\"Emoji Emoji--forText\" title=\"Flag of United States\" draggable=\"false\" src=\"https:\/\/abs.twimg.com\/emoji\/v2\/72x72\/1f1fa-1f1f8.png\" alt=\"\ud83c\uddfa\ud83c\uddf8\" aria-label=\"Emoji: Flag of United States\" \/> &amp; PR CiO Andrzej Kasprzyk has just started in <a class=\"PrettyLink hashtag customisable\" dir=\"ltr\" href=\"https:\/\/twitter.com\/hashtag\/Geneva?src=hash\" rel=\"tag\" data-query-source=\"hashtag_click\" data-scribe=\"element:hashtag\"><span class=\"PrettyLink-prefix\">#<\/span><span class=\"PrettyLink-value\">Geneva<\/span><\/a>.<a class=\"PrettyLink profile customisable h-card\" dir=\"ltr\" href=\"https:\/\/twitter.com\/mfa_russia\" data-mentioned-user-id=\"255471924\" data-scribe=\"element:mention\"><span class=\"PrettyLink-prefix\">@<\/span><span class=\"PrettyLink-value\">mfa_russia<\/span><\/a> <a class=\"PrettyLink profile customisable h-card\" dir=\"ltr\" href=\"https:\/\/twitter.com\/StateDept\" data-mentioned-user-id=\"9624742\" data-scribe=\"element:mention\"><span class=\"PrettyLink-prefix\">@<\/span><span class=\"PrettyLink-value\">StateDept<\/span><\/a> <a class=\"PrettyLink profile customisable h-card\" dir=\"ltr\" href=\"https:\/\/twitter.com\/francediplo_EN\" data-mentioned-user-id=\"438355707\" data-scribe=\"element:mention\"><span class=\"PrettyLink-prefix\">@<\/span><span class=\"PrettyLink-value\">francediplo_EN<\/span><\/a><\/p>\n<div class=\"Tweet-card\">\n<article class=\"MediaCard\n\n           customisable-border\" dir=\"ltr\" data-scribe=\"component:card\"><\/p>\n<div class=\"MediaCard-mediaContainer MediaCard--roundedTop MediaCard--roundedBottom js-cspForcedStyle\" data-scribe=\"element:photo_grid\" data-style=\"padding-bottom: 50%\">\n<div class=\"MediaCard-mediaAsset ImageGrid ImageGrid--2\"><a class=\"ImageGrid-image ImageGrid-image-0 CroppedImage CroppedImage--fillHeight\" href=\"https:\/\/twitter.com\/LAbdullayevaMFA\/status\/1222459720985907200\/photo\/1\"><img loading=\"lazy\" class=\"CroppedImage-image js-cspForcedStyle\" title=\"View image on Twitter\" src=\"https:\/\/pbs.twimg.com\/media\/EPcMoaQWsAAeQjb?format=jpg&amp;name=360x360\" alt=\"View image on Twitter\" width=\"1200\" height=\"900\" data-image=\"https:\/\/pbs.twimg.com\/media\/EPcMoaQWsAAeQjb\" data-image-format=\"jpg\" data-style=\"left:-8%;\" \/><\/a><a class=\"ImageGrid-image ImageGrid-image-1 CroppedImage CroppedImage--fillHeight\" href=\"https:\/\/twitter.com\/LAbdullayevaMFA\/status\/1222459720985907200\/photo\/1\"><img loading=\"lazy\" class=\"CroppedImage-image js-cspForcedStyle\" title=\"View image on Twitter\" src=\"https:\/\/pbs.twimg.com\/media\/EPcMoaOXkAAAw36?format=jpg&amp;name=360x360\" alt=\"View image on Twitter\" width=\"1200\" height=\"900\" data-image=\"https:\/\/pbs.twimg.com\/media\/EPcMoaOXkAAAw36\" data-image-format=\"jpg\" data-style=\"left:-8%;\" \/><\/a><\/div>\n<\/div>\n<\/article>\n<\/div>\n<div class=\"TweetInfo\">\n<div class=\"TweetInfo-like\">\n<div data-scribe=\"element:heart\">\n<div class=\"Icon Icon--heart \" title=\"Like\" role=\"img\" aria-label=\"Like\"><\/div>\n<\/div>\n<p><a class=\"TweetInfo-heart\" title=\"Like\" href=\"https:\/\/twitter.com\/intent\/like?tweet_id=1222459720985907200\" data-scribe=\"component:actions\"><span class=\"TweetInfo-heartStat\" data-scribe=\"element:heart_count\">17<\/span><\/a><\/div>\n<div class=\"TweetInfo-timeGeo\"><a class=\"u-linkBlend u-url customisable-highlight long-permalink\" href=\"https:\/\/twitter.com\/LAbdullayevaMFA\/status\/1222459720985907200\" data-datetime=\"2020-01-29T10:01:24+0000\" data-scribe=\"element:full_timestamp\"><time class=\"dt-updated\" title=\"Time posted: January 29, 2020 10:01:24 (UTC)\" datetime=\"2020-01-29T10:01:24+0000\">2:01 PM &#8211; Jan 29, 2020<\/time><\/a><\/div>\n<div class=\"tweet-InformationCircle\" data-scribe=\"element:notice\"><a class=\"Icon Icon--informationCircleWhite js-inViewportScribingTarget\" title=\"Twitter Ads info and privacy\" href=\"https:\/\/support.twitter.com\/articles\/20175256\"><span class=\"u-hiddenVisually\">Twitter Ads info and privacy<\/span><\/a><\/div>\n<\/div>\n<\/div>\n<\/blockquote>\n<\/div>\n<div class=\"CallToAction-icon\" data-scribe=\"element:profile_icon\">\n<div class=\"Icon Icon--profileCTA \" title=\"View profile on Twitter\" role=\"img\" aria-label=\"View profile on Twitter\"><\/div>\n<\/div>\n<div class=\"CallToAction-text\" data-scribe=\"element:profile_text\">See Leyla Abdullayeva&#8217;s other Tweets<\/div>\n<div class=\"CallToAction-chevron\" data-scribe=\"element:cta_chevron\">\n<div class=\"Icon Icon--chevronRightCTA \" title=\"View on Twitter\" role=\"img\" aria-label=\"View on Twitter\"><\/div>\n<\/div>\n<\/div>\n<\/div>\n<div class=\"resize-sensor\">\n<div class=\"resize-sensor-expand\">\n<div><\/div>\n<\/div>\n<div class=\"resize-sensor-shrink\">\n<div><\/div>\n<\/div>\n<\/div>\n<\/div>\n<\/div>\n<p>Oxu.Az<\/p>\n","protected":false},"excerpt":{"rendered":"<p>Az\u0259rbaycan\u0131n Xarici \u0130\u015fl\u0259r naziri Elmar M\u0259mm\u0259dyarov v\u0259 Erm\u0259nistan\u0131n Xarici \u0130\u015fl\u0259r naziri Z\u00f6hrab Mnatsakanyan aras\u0131nda g\u00f6r\u00fc\u015f ba\u015flay\u0131b. ARANTV.AZ\u00a0 x\u0259b\u0259r verir ki, bununla ba\u011fl\u0131 Az\u0259rbaycan X\u0130N m\u0259tbuat katibi Leyla Abdullayeva \u201cTwitter\u201d s\u0259hif\u0259sind\u0259 payla\u015f\u0131m edib. G\u00f6r\u00fc\u015fd\u0259 Minsk Qrupunun rusiyal\u0131 h\u0259ms\u0259dri \u0130qor Popov, fransal\u0131 h\u0259ms\u0259dri Stefani Viskonti v\u0259 AB\u015e-l\u0131 h\u0259ms\u0259dri Endryu \u015eofer, el\u0259c\u0259 d\u0259\u00a0AT\u018fT-in F\u0259aliyy\u0259td\u0259 olan S\u0259drinin \u015f\u0259xsi n\u00fcmay\u0259nd\u0259 Anjey Kaspr\u015fik\u00a0i\u015ftirak edir. Leyla Abdullayeva@LAbdullayevaMFA The meeting of FM of #Azerbaijan Elmar Mammadyarov &amp; FM of #Armenia Zohrab Mnatsakanyan with participation of @OSCE MG co-chairs Igor Popov , St\u00e9phane Visconti , Andrew Schofer &amp; PR&hellip;<\/p>\n","protected":false},"author":2,"featured_media":124439,"comment_status":"closed","ping_status":"closed","sticky":false,"template":"","format":"standard","meta":{"om_disable_all_campaigns":false,"_monsterinsights_skip_tracking":false,"_monsterinsights_sitenote_active":false,"_monsterinsights_sitenote_note":"","_monsterinsights_sitenote_category":0},"categories":[4],"tags":[],"aioseo_notices":[],"gutentor_comment":0,"rttpg_featured_image_url":{"full":["https:\/\/arantv.az\/wp-content\/uploads\/2020\/01\/EPcMoaOXkAAAw36.jpg",620,465,false],"landscape":["https:\/\/arantv.az\/wp-content\/uploads\/2020\/01\/EPcMoaOXkAAAw36.jpg",620,465,false],"portraits":["https:\/\/arantv.az\/wp-content\/uploads\/2020\/01\/EPcMoaOXkAAAw36.jpg",620,465,false],"thumbnail":["https:\/\/arantv.az\/wp-content\/uploads\/2020\/01\/EPcMoaOXkAAAw36-150x150.jpg",150,150,true],"medium":["https:\/\/arantv.az\/wp-content\/uploads\/2020\/01\/EPcMoaOXkAAAw36-300x225.jpg",300,225,true],"large":["https:\/\/arantv.az\/wp-content\/uploads\/2020\/01\/EPcMoaOXkAAAw36.jpg",620,465,false],"1536x1536":["https:\/\/arantv.az\/wp-content\/uploads\/2020\/01\/EPcMoaOXkAAAw36.jpg",620,465,false],"2048x2048":["https:\/\/arantv.az\/wp-content\/uploads\/2020\/01\/EPcMoaOXkAAAw36.jpg",620,465,false],"post-thumbnail":["https:\/\/arantv.az\/wp-content\/uploads\/2020\/01\/EPcMoaOXkAAAw36-240x172.jpg",240,172,true],"advps-thumb-one":["https:\/\/arantv.az\/wp-content\/uploads\/2020\/01\/EPcMoaOXkAAAw36.jpg",620,465,false]},"rttpg_author":{"display_name":"V\u00fcsal Rafiqo\u011flu","author_link":"https:\/\/arantv.az\/?author=2"},"rttpg_comment":0,"rttpg_category":"<a href=\"https:\/\/arantv.az\/?cat=4\" rel=\"category\">Siyas\u0259t<\/a>","rttpg_excerpt":"Az\u0259rbaycan\u0131n Xarici \u0130\u015fl\u0259r naziri Elmar M\u0259mm\u0259dyarov v\u0259 Erm\u0259nistan\u0131n Xarici \u0130\u015fl\u0259r naziri Z\u00f6hrab Mnatsakanyan aras\u0131nda g\u00f6r\u00fc\u015f ba\u015flay\u0131b. ARANTV.AZ\u00a0 x\u0259b\u0259r verir ki, bununla ba\u011fl\u0131 Az\u0259rbaycan X\u0130N m\u0259tbuat katibi Leyla Abdullayeva \u201cTwitter\u201d s\u0259hif\u0259sind\u0259 payla\u015f\u0131m edib. G\u00f6r\u00fc\u015fd\u0259 Minsk Qrupunun rusiyal\u0131 h\u0259ms\u0259dri \u0130qor Popov, fransal\u0131 h\u0259ms\u0259dri Stefani Viskonti v\u0259 AB\u015e-l\u0131 h\u0259ms\u0259dri Endryu \u015eofer, el\u0259c\u0259 d\u0259\u00a0AT\u018fT-in F\u0259aliyy\u0259td\u0259 olan S\u0259drinin \u015f\u0259xsi n\u00fcmay\u0259nd\u0259&hellip;","_links":{"self":[{"href":"https:\/\/arantv.az\/index.php?rest_route=\/wp\/v2\/posts\/124438"}],"collection":[{"href":"https:\/\/arantv.az\/index.php?rest_route=\/wp\/v2\/posts"}],"about":[{"href":"https:\/\/arantv.az\/index.php?rest_route=\/wp\/v2\/types\/post"}],"author":[{"embeddable":true,"href":"https:\/\/arantv.az\/index.php?rest_route=\/wp\/v2\/users\/2"}],"replies":[{"embeddable":true,"href":"https:\/\/arantv.az\/index.php?rest_route=%2Fwp%2Fv2%2Fcomments&post=124438"}],"version-history":[{"count":0,"href":"https:\/\/arantv.az\/index.php?rest_route=\/wp\/v2\/posts\/124438\/revisions"}],"wp:featuredmedia":[{"embeddable":true,"href":"https:\/\/arantv.az\/index.php?rest_route=\/wp\/v2\/media\/124439"}],"wp:attachment":[{"href":"https:\/\/arantv.az\/index.php?rest_route=%2Fwp%2Fv2%2Fmedia&parent=124438"}],"wp:term":[{"taxonomy":"category","embeddable":true,"href":"https:\/\/arantv.az\/index.php?rest_route=%2Fwp%2Fv2%2Fcategories&post=124438"},{"taxonomy":"post_tag","embeddable":true,"href":"https:\/\/arantv.az\/index.php?rest_route=%2Fwp%2Fv2%2Ftags&post=124438"}],"curies":[{"name":"wp","href":"https:\/\/api.w.org\/{rel}","templated":true}]}}