{"id":124491,"date":"2020-01-29T14:46:09","date_gmt":"2020-01-29T11:46:09","guid":{"rendered":"http:\/\/arantv.az\/?p=124491"},"modified":"2020-01-29T14:46:09","modified_gmt":"2020-01-29T11:46:09","slug":"iran-az%c9%99rbaycan-birg%c9%99-s%c9%99naye-parki-yaradilir","status":"publish","type":"post","link":"https:\/\/arantv.az\/?p=124491","title":{"rendered":"\u0130ran-Az\u0259rbaycan birg\u0259 s\u0259naye park\u0131 yarad\u0131l\u0131r"},"content":{"rendered":"<blockquote><p><em><strong>\u0130ran\u0131n \u015fimal-q\u0259rbind\u0259 yerl\u0259\u015f\u0259n \u018frd\u0259bil vilay\u0259tind\u0259 \u0130ran-Az\u0259rbaycan birg\u0259 s\u0259naye park\u0131n\u0131n in\u015fas\u0131 \u00fczr\u0259 m\u00fcqavil\u0259 imzalan\u0131b.<\/strong><\/em><\/p><\/blockquote>\n<p><strong>ARANTV.AZ\u00a0<\/strong>\u00a0<a href=\"http:\/\/az.trend.az\/\" target=\"_blank\" rel=\"noopener\">Trend<\/a>-\u0259 istinad\u0259n bildirir ki,\u00a0bunu \u0130ran\u0131n \u018frd\u0259bil vilay\u0259tinin valisi \u018fkb\u0259r Behnamcu deyib.<\/p>\n<p>Onun s\u00f6zl\u0259rin\u0259 g\u00f6r\u0259, \u0130ran\u0131n Ki\u00e7ik S\u0259naye v\u0259 S\u0259naye Parklar\u0131 T\u0259\u015fkilat\u0131 v\u0259 \u018frd\u0259bil valiliyi aras\u0131nda imzalanan m\u00fcqavil\u0259y\u0259 \u0259sas\u0259n h\u0259r iki t\u0259r\u0259f birg\u0259 park\u0131n in\u015fas\u0131 x\u0259rcl\u0259rini qar\u015f\u0131layacaq.<\/p>\n<p>Behnamcu \u0259lav\u0259 edib ki, bu park\u0131n in\u015fa edilm\u0259si il\u0259 \u018frd\u0259bil vilay\u0259tind\u0259 yerli v\u0259 xarici investorlar\u0131n i\u015ftirak\u0131na \u015f\u0259rait yaranacaq.<\/p>\n<p>\u018frd\u0259bil valisi in\u015fa edil\u0259c\u0259k park\u0131n \u0259razisinin 95 hektara m\u00fcvafiq olaca\u011f\u0131n\u0131 vur\u011fulay\u0131b.<\/p>\n<p>&#8220;M\u00fcqavil\u0259d\u0259 Miyana-\u018frd\u0259bil d\u0259miryolunun 2 n\u00f6mr\u0259li s\u0259naye park\u0131na birl\u0259\u015fdirilm\u0259si n\u0259z\u0259rd\u0259 tutulub&#8221;, &#8211; dey\u0259 o qeyd edib.<\/p>\n<div><\/div>\n<p>Behnamcu bildirib ki, 2 n\u00f6mr\u0259li s\u0259naye park\u0131n\u0131n \u018frd\u0259bil aeroportu v\u0259 \u018frd\u0259bil-Astara magistral yolunun yan\u0131nda yerl\u0259\u015fm\u0259si investorlar\u0131n mara\u011f\u0131na s\u0259b\u0259b olub.<\/p>\n<p>Qeyd ed\u0259k ki, \u0130ran\u0131n \u018frd\u0259bil vilay\u0259tind\u0259 birg\u0259 s\u0259naye park\u0131n\u0131n yarad\u0131lmas\u0131 \u00fczr\u0259 r\u0259smi Bak\u0131 v\u0259 Tehran aras\u0131nda ilkin raz\u0131l\u0131q \u0259ld\u0259 olunub.<\/p>\n","protected":false},"excerpt":{"rendered":"<p>\u0130ran\u0131n \u015fimal-q\u0259rbind\u0259 yerl\u0259\u015f\u0259n \u018frd\u0259bil vilay\u0259tind\u0259 \u0130ran-Az\u0259rbaycan birg\u0259 s\u0259naye park\u0131n\u0131n in\u015fas\u0131 \u00fczr\u0259 m\u00fcqavil\u0259 imzalan\u0131b. ARANTV.AZ\u00a0\u00a0Trend-\u0259 istinad\u0259n bildirir ki,\u00a0bunu \u0130ran\u0131n \u018frd\u0259bil vilay\u0259tinin valisi \u018fkb\u0259r Behnamcu deyib. Onun s\u00f6zl\u0259rin\u0259 g\u00f6r\u0259, \u0130ran\u0131n Ki\u00e7ik S\u0259naye v\u0259 S\u0259naye Parklar\u0131 T\u0259\u015fkilat\u0131 v\u0259 \u018frd\u0259bil valiliyi aras\u0131nda imzalanan m\u00fcqavil\u0259y\u0259 \u0259sas\u0259n h\u0259r iki t\u0259r\u0259f birg\u0259 park\u0131n in\u015fas\u0131 x\u0259rcl\u0259rini qar\u015f\u0131layacaq. Behnamcu \u0259lav\u0259 edib ki, bu park\u0131n in\u015fa edilm\u0259si il\u0259 \u018frd\u0259bil vilay\u0259tind\u0259 yerli v\u0259 xarici investorlar\u0131n i\u015ftirak\u0131na \u015f\u0259rait yaranacaq. \u018frd\u0259bil valisi in\u015fa edil\u0259c\u0259k park\u0131n \u0259razisinin 95 hektara m\u00fcvafiq olaca\u011f\u0131n\u0131 vur\u011fulay\u0131b. &#8220;M\u00fcqavil\u0259d\u0259 Miyana-\u018frd\u0259bil d\u0259miryolunun 2 n\u00f6mr\u0259li s\u0259naye park\u0131na birl\u0259\u015fdirilm\u0259si n\u0259z\u0259rd\u0259 tutulub&#8221;, &#8211; dey\u0259&hellip;<\/p>\n","protected":false},"author":2,"featured_media":124492,"comment_status":"closed","ping_status":"closed","sticky":false,"template":"","format":"standard","meta":{"om_disable_all_campaigns":false,"_monsterinsights_skip_tracking":false,"_monsterinsights_sitenote_active":false,"_monsterinsights_sitenote_note":"","_monsterinsights_sitenote_category":0},"categories":[19],"tags":[],"aioseo_notices":[],"gutentor_comment":0,"rttpg_featured_image_url":{"full":["https:\/\/arantv.az\/wp-content\/uploads\/2020\/01\/821638.jpg",800,600,false],"landscape":["https:\/\/arantv.az\/wp-content\/uploads\/2020\/01\/821638.jpg",800,600,false],"portraits":["https:\/\/arantv.az\/wp-content\/uploads\/2020\/01\/821638.jpg",800,600,false],"thumbnail":["https:\/\/arantv.az\/wp-content\/uploads\/2020\/01\/821638-150x150.jpg",150,150,true],"medium":["https:\/\/arantv.az\/wp-content\/uploads\/2020\/01\/821638-300x225.jpg",300,225,true],"large":["https:\/\/arantv.az\/wp-content\/uploads\/2020\/01\/821638.jpg",640,480,false],"1536x1536":["https:\/\/arantv.az\/wp-content\/uploads\/2020\/01\/821638.jpg",800,600,false],"2048x2048":["https:\/\/arantv.az\/wp-content\/uploads\/2020\/01\/821638.jpg",800,600,false],"post-thumbnail":["https:\/\/arantv.az\/wp-content\/uploads\/2020\/01\/821638-240x172.jpg",240,172,true],"advps-thumb-one":["https:\/\/arantv.az\/wp-content\/uploads\/2020\/01\/821638.jpg",800,600,false]},"rttpg_author":{"display_name":"V\u00fcsal Rafiqo\u011flu","author_link":"https:\/\/arantv.az\/?author=2"},"rttpg_comment":0,"rttpg_category":"<a href=\"https:\/\/arantv.az\/?cat=19\" rel=\"category\">G\u00fcnd\u0259m<\/a>","rttpg_excerpt":"\u0130ran\u0131n \u015fimal-q\u0259rbind\u0259 yerl\u0259\u015f\u0259n \u018frd\u0259bil vilay\u0259tind\u0259 \u0130ran-Az\u0259rbaycan birg\u0259 s\u0259naye park\u0131n\u0131n in\u015fas\u0131 \u00fczr\u0259 m\u00fcqavil\u0259 imzalan\u0131b. ARANTV.AZ\u00a0\u00a0Trend-\u0259 istinad\u0259n bildirir ki,\u00a0bunu \u0130ran\u0131n \u018frd\u0259bil vilay\u0259tinin valisi \u018fkb\u0259r Behnamcu deyib. Onun s\u00f6zl\u0259rin\u0259 g\u00f6r\u0259, \u0130ran\u0131n Ki\u00e7ik S\u0259naye v\u0259 S\u0259naye Parklar\u0131 T\u0259\u015fkilat\u0131 v\u0259 \u018frd\u0259bil valiliyi aras\u0131nda imzalanan m\u00fcqavil\u0259y\u0259 \u0259sas\u0259n h\u0259r iki t\u0259r\u0259f birg\u0259 park\u0131n in\u015fas\u0131 x\u0259rcl\u0259rini qar\u015f\u0131layacaq. Behnamcu \u0259lav\u0259 edib ki, bu park\u0131n&hellip;","_links":{"self":[{"href":"https:\/\/arantv.az\/index.php?rest_route=\/wp\/v2\/posts\/124491"}],"collection":[{"href":"https:\/\/arantv.az\/index.php?rest_route=\/wp\/v2\/posts"}],"about":[{"href":"https:\/\/arantv.az\/index.php?rest_route=\/wp\/v2\/types\/post"}],"author":[{"embeddable":true,"href":"https:\/\/arantv.az\/index.php?rest_route=\/wp\/v2\/users\/2"}],"replies":[{"embeddable":true,"href":"https:\/\/arantv.az\/index.php?rest_route=%2Fwp%2Fv2%2Fcomments&post=124491"}],"version-history":[{"count":0,"href":"https:\/\/arantv.az\/index.php?rest_route=\/wp\/v2\/posts\/124491\/revisions"}],"wp:featuredmedia":[{"embeddable":true,"href":"https:\/\/arantv.az\/index.php?rest_route=\/wp\/v2\/media\/124492"}],"wp:attachment":[{"href":"https:\/\/arantv.az\/index.php?rest_route=%2Fwp%2Fv2%2Fmedia&parent=124491"}],"wp:term":[{"taxonomy":"category","embeddable":true,"href":"https:\/\/arantv.az\/index.php?rest_route=%2Fwp%2Fv2%2Fcategories&post=124491"},{"taxonomy":"post_tag","embeddable":true,"href":"https:\/\/arantv.az\/index.php?rest_route=%2Fwp%2Fv2%2Ftags&post=124491"}],"curies":[{"name":"wp","href":"https:\/\/api.w.org\/{rel}","templated":true}]}}