{"id":124675,"date":"2020-01-30T10:08:48","date_gmt":"2020-01-30T07:08:48","guid":{"rendered":"http:\/\/arantv.az\/?p=124675"},"modified":"2020-01-30T10:08:48","modified_gmt":"2020-01-30T07:08:48","slug":"koronavirus-cind%c9%99n-az%c9%99rbaycana-turist-axinini-vuracaq-oz%c9%99l","status":"publish","type":"post","link":"https:\/\/arantv.az\/?p=124675","title":{"rendered":"Koronavirus \u00c7ind\u0259n Az\u0259rbaycana turist ax\u0131n\u0131n\u0131 \u201cvuracaq\u201d? &#8211; \u00d6Z\u018fL"},"content":{"rendered":"<p>\u00c7inin Uxan \u015f\u0259h\u0259rind\u0259 yay\u0131lma\u011fa ba\u015flayan koronavirus q\u0131sa zamanda b\u00fct\u00fcn d\u00fcnyan\u0131 narahat etm\u0259y\u0259 ba\u015flay\u0131b.<\/p>\n<p>B\u0259zi ekspertl\u0259r bildirib ki, virusla ba\u011fl\u0131 2020-ci il \u0259rzind\u0259 Az\u0259rbaycana g\u0259lm\u0259si n\u0259z\u0259rd\u0259 tutulan turistl\u0259rin say\u0131nda ciddi azalma ola bil\u0259r.<\/p>\n<p>M\u0259s\u0259l\u0259 bar\u0259d\u0259 D\u00f6vl\u0259t Turizm Agentliyinin m\u0259tbuat xidm\u0259tind\u0259n Oxu.Az-\u0131n sor\u011fusuna cavab olaraq bildirilib ki, agentliyin v\u0259 Az\u0259rbaycan Turizm B\u00fcrosunun \u00c7inl\u0259 ba\u011fl\u0131 b\u00fct\u00fcn layih\u0259l\u0259ri, o c\u00fcml\u0259d\u0259n, \u201cAz\u0259rbaycan Respublikas\u0131 D\u00f6vl\u0259t Turizm Agentliyi v\u0259 \u00c7in Xalq Respublikas\u0131 M\u0259d\u0259niyy\u0259t v\u0259 Turizm Nazirliyi aras\u0131nda \u00e7inli turistl\u0259rin Az\u0259rbaycan Respublikas\u0131na qrup s\u0259f\u0259rl\u0259rinin sad\u0259l\u0259\u015fdirilm\u0259si haqq\u0131nda Anla\u015fma Memorandumu\u201d q\u00fcvv\u0259d\u0259dir:<\/p>\n<p>\u201c\u00c7ind\u0259ki n\u00fcmay\u0259nd\u0259liyimiz haz\u0131rda f\u0259aliyy\u0259tini davam etdirir. Virusla ba\u011fl\u0131 m\u0259s\u0259l\u0259l\u0259r taktiki d\u0259yi\u015fiklikl\u0259r t\u0259l\u0259b edir v\u0259 g\u0259l\u0259c\u0259kd\u0259 d\u0259 ed\u0259 bil\u0259r.<\/p>\n<p>Lakin \u00c7in bazar\u0131 il\u0259 ba\u011fl\u0131 strateji t\u0259r\u0259fda\u015fl\u0131\u011f\u0131m\u0131z d\u0259yi\u015fm\u0259z olaraq qal\u0131r. \u00c7in bizim \u00fc\u00e7\u00fcn m\u00fch\u00fcm bazard\u0131r v\u0259 virusla ba\u011fl\u0131 m\u0259s\u0259l\u0259 h\u0259ll olduqdan sonra h\u0259r \u015fey qaydas\u0131na d\u00fc\u015f\u0259c\u0259k\u201d.<\/p>\n","protected":false},"excerpt":{"rendered":"<p>\u00c7inin Uxan \u015f\u0259h\u0259rind\u0259 yay\u0131lma\u011fa ba\u015flayan koronavirus q\u0131sa zamanda b\u00fct\u00fcn d\u00fcnyan\u0131 narahat etm\u0259y\u0259 ba\u015flay\u0131b. B\u0259zi ekspertl\u0259r bildirib ki, virusla ba\u011fl\u0131 2020-ci il \u0259rzind\u0259 Az\u0259rbaycana g\u0259lm\u0259si n\u0259z\u0259rd\u0259 tutulan turistl\u0259rin say\u0131nda ciddi azalma ola bil\u0259r. M\u0259s\u0259l\u0259 bar\u0259d\u0259 D\u00f6vl\u0259t Turizm Agentliyinin m\u0259tbuat xidm\u0259tind\u0259n Oxu.Az-\u0131n sor\u011fusuna cavab olaraq bildirilib ki, agentliyin v\u0259 Az\u0259rbaycan Turizm B\u00fcrosunun \u00c7inl\u0259 ba\u011fl\u0131 b\u00fct\u00fcn layih\u0259l\u0259ri, o c\u00fcml\u0259d\u0259n, \u201cAz\u0259rbaycan Respublikas\u0131 D\u00f6vl\u0259t Turizm Agentliyi v\u0259 \u00c7in Xalq Respublikas\u0131 M\u0259d\u0259niyy\u0259t v\u0259 Turizm Nazirliyi aras\u0131nda \u00e7inli turistl\u0259rin Az\u0259rbaycan Respublikas\u0131na qrup s\u0259f\u0259rl\u0259rinin sad\u0259l\u0259\u015fdirilm\u0259si haqq\u0131nda Anla\u015fma Memorandumu\u201d q\u00fcvv\u0259d\u0259dir: \u201c\u00c7ind\u0259ki n\u00fcmay\u0259nd\u0259liyimiz haz\u0131rda f\u0259aliyy\u0259tini davam etdirir. Virusla ba\u011fl\u0131 m\u0259s\u0259l\u0259l\u0259r&hellip;<\/p>\n","protected":false},"author":2,"featured_media":124676,"comment_status":"closed","ping_status":"closed","sticky":false,"template":"","format":"standard","meta":{"om_disable_all_campaigns":false,"_monsterinsights_skip_tracking":false,"_monsterinsights_sitenote_active":false,"_monsterinsights_sitenote_note":"","_monsterinsights_sitenote_category":0},"categories":[1],"tags":[],"aioseo_notices":[],"gutentor_comment":0,"rttpg_featured_image_url":{"full":["https:\/\/arantv.az\/wp-content\/uploads\/2020\/01\/koro-1.jpg",620,413,false],"landscape":["https:\/\/arantv.az\/wp-content\/uploads\/2020\/01\/koro-1.jpg",620,413,false],"portraits":["https:\/\/arantv.az\/wp-content\/uploads\/2020\/01\/koro-1.jpg",620,413,false],"thumbnail":["https:\/\/arantv.az\/wp-content\/uploads\/2020\/01\/koro-1-150x150.jpg",150,150,true],"medium":["https:\/\/arantv.az\/wp-content\/uploads\/2020\/01\/koro-1-300x200.jpg",300,200,true],"large":["https:\/\/arantv.az\/wp-content\/uploads\/2020\/01\/koro-1.jpg",620,413,false],"1536x1536":["https:\/\/arantv.az\/wp-content\/uploads\/2020\/01\/koro-1.jpg",620,413,false],"2048x2048":["https:\/\/arantv.az\/wp-content\/uploads\/2020\/01\/koro-1.jpg",620,413,false],"post-thumbnail":["https:\/\/arantv.az\/wp-content\/uploads\/2020\/01\/koro-1-240x172.jpg",240,172,true],"advps-thumb-one":["https:\/\/arantv.az\/wp-content\/uploads\/2020\/01\/koro-1.jpg",620,413,false]},"rttpg_author":{"display_name":"V\u00fcsal Rafiqo\u011flu","author_link":"https:\/\/arantv.az\/?author=2"},"rttpg_comment":0,"rttpg_category":"<a href=\"https:\/\/arantv.az\/?cat=1\" rel=\"category\">C\u0259miyy\u0259t<\/a>","rttpg_excerpt":"\u00c7inin Uxan \u015f\u0259h\u0259rind\u0259 yay\u0131lma\u011fa ba\u015flayan koronavirus q\u0131sa zamanda b\u00fct\u00fcn d\u00fcnyan\u0131 narahat etm\u0259y\u0259 ba\u015flay\u0131b. B\u0259zi ekspertl\u0259r bildirib ki, virusla ba\u011fl\u0131 2020-ci il \u0259rzind\u0259 Az\u0259rbaycana g\u0259lm\u0259si n\u0259z\u0259rd\u0259 tutulan turistl\u0259rin say\u0131nda ciddi azalma ola bil\u0259r. M\u0259s\u0259l\u0259 bar\u0259d\u0259 D\u00f6vl\u0259t Turizm Agentliyinin m\u0259tbuat xidm\u0259tind\u0259n Oxu.Az-\u0131n sor\u011fusuna cavab olaraq bildirilib ki, agentliyin v\u0259 Az\u0259rbaycan Turizm B\u00fcrosunun \u00c7inl\u0259 ba\u011fl\u0131 b\u00fct\u00fcn layih\u0259l\u0259ri, o&hellip;","_links":{"self":[{"href":"https:\/\/arantv.az\/index.php?rest_route=\/wp\/v2\/posts\/124675"}],"collection":[{"href":"https:\/\/arantv.az\/index.php?rest_route=\/wp\/v2\/posts"}],"about":[{"href":"https:\/\/arantv.az\/index.php?rest_route=\/wp\/v2\/types\/post"}],"author":[{"embeddable":true,"href":"https:\/\/arantv.az\/index.php?rest_route=\/wp\/v2\/users\/2"}],"replies":[{"embeddable":true,"href":"https:\/\/arantv.az\/index.php?rest_route=%2Fwp%2Fv2%2Fcomments&post=124675"}],"version-history":[{"count":0,"href":"https:\/\/arantv.az\/index.php?rest_route=\/wp\/v2\/posts\/124675\/revisions"}],"wp:featuredmedia":[{"embeddable":true,"href":"https:\/\/arantv.az\/index.php?rest_route=\/wp\/v2\/media\/124676"}],"wp:attachment":[{"href":"https:\/\/arantv.az\/index.php?rest_route=%2Fwp%2Fv2%2Fmedia&parent=124675"}],"wp:term":[{"taxonomy":"category","embeddable":true,"href":"https:\/\/arantv.az\/index.php?rest_route=%2Fwp%2Fv2%2Fcategories&post=124675"},{"taxonomy":"post_tag","embeddable":true,"href":"https:\/\/arantv.az\/index.php?rest_route=%2Fwp%2Fv2%2Ftags&post=124675"}],"curies":[{"name":"wp","href":"https:\/\/api.w.org\/{rel}","templated":true}]}}