{"id":124679,"date":"2020-01-30T10:09:58","date_gmt":"2020-01-30T07:09:58","guid":{"rendered":"http:\/\/arantv.az\/?p=124679"},"modified":"2020-01-30T10:09:58","modified_gmt":"2020-01-30T07:09:58","slug":"at%c9%99t-dtihb-az%c9%99rbaycanda-keciril%c9%99c%c9%99k-parlament-seckil%c9%99ri-uzr%c9%99-araliq-hesabatini-aciqladi","status":"publish","type":"post","link":"https:\/\/arantv.az\/?p=124679","title":{"rendered":"AT\u018fT DT\u0130HB Az\u0259rbaycanda ke\u00e7iril\u0259c\u0259k parlament se\u00e7kil\u0259ri \u00fczr\u0259 aral\u0131q hesabat\u0131n\u0131 a\u00e7\u0131qlad\u0131"},"content":{"rendered":"<p>AT\u018fT-in Demokratik T\u0259sisatlar v\u0259 \u0130nsan Haqlar\u0131 B\u00fcrosunun (DT\u0130HB) Az\u0259rbaycanda fevralin 9-da ke\u00e7iril\u0259c\u0259k parlament se\u00e7kil\u0259ri \u00fczr\u0259 uzunm\u00fcdd\u0259tli m\u00fc\u015fahid\u0259 missiyas\u0131n\u0131n aral\u0131q hesabat\u0131 a\u00e7\u0131qlan\u0131b.<\/p>\n<p>Report x\u0259b\u0259r verir ki, hesabat AT\u018fT-in r\u0259smi sayt\u0131nda d\u0259rc olunub.<\/p>\n<p>S\u0259n\u0259dd\u0259 qeyd olunub ki, Az\u0259rbaycan h\u00f6kum\u0259tinin d\u0259v\u0259tini ald\u0131qdan sonra DT\u0130HB yanvar\u0131n 7-d\u0259 Se\u00e7ki M\u00fc\u015fahid\u0259 Missiyas\u0131 (SMM) t\u0259sis edib. S\u0259fir Peter Tejlerin r\u0259hb\u0259rlik etdiyi SMM, Bak\u0131da yerl\u0259\u015f\u0259n 12 n\u0259f\u0259rlik \u0259sas hey\u0259td\u0259n v\u0259 yanvar\u0131n 14-d\u0259 b\u00fct\u00fcn \u00f6lk\u0259 \u00fczr\u0259 12 \u0259raziy\u0259 g\u00f6nd\u0259ril\u0259n 26 uzunm\u00fcdd\u0259tli m\u00fc\u015fahid\u0259\u00e7id\u0259n (UMM) ibar\u0259tdir. Missiyan\u0131n \u00fczvl\u0259ri AT\u018fT-in 23 i\u015ftirak\u00e7\u0131 d\u00f6vl\u0259tind\u0259n se\u00e7ilib.<\/p>\n<p>DT\u0130HB, s\u0259sverm\u0259, s\u0259sl\u0259rin hesablanmas\u0131 v\u0259 n\u0259tic\u0259l\u0259rin qeydiyyat\u0131 da daxil olmaqla, se\u00e7ki g\u00fcn\u00fc prosesl\u0259rini m\u00fc\u015fahid\u0259 etm\u0259k \u00fc\u00e7\u00fcn i\u015ftirak\u00e7\u0131 d\u00f6vl\u0259tl\u0259rd\u0259n 350 n\u0259f\u0259r q\u0131sam\u00fcdd\u0259tli m\u00fc\u015fahid\u0259\u00e7inin ezam edilm\u0259sini xahi\u015f edib.<\/p>\n<p>\u201cH\u00f6kum\u0259t DT\u0130HB SMM-\u0259 se\u00e7kil\u0259rin azad v\u0259 \u0259dal\u0259tli \u015f\u0259raitd\u0259 ke\u00e7irilm\u0259si \u00fc\u00e7\u00fcn siyasi irad\u0259nin oldu\u011funu bildirib. H\u00f6k\u00fcm\u0259t n\u00f6vb\u0259d\u0259nk\u0259nar parlament se\u00e7kil\u0259rinin Erm\u0259nistanla davam ed\u0259n qar\u015f\u0131durma \u015f\u0259raitind\u0259 ke\u00e7\u0259c\u0259yini qeyd edib.<\/p>\n<p>H\u0259m\u00e7inin, h\u0259ll edilm\u0259mi\u015f m\u00fcnaqi\u015f\u0259nin \u00f6lk\u0259y\u0259 bir s\u0131ra m\u0259nfi t\u0259sirl\u0259rinin oldu\u011funu vur\u011fulay\u0131b. H\u00f6k\u00fcm\u0259t x\u00fcsus\u0259n d\u0259 b\u00f6y\u00fck sayda m\u0259cburi k\u00f6\u00e7k\u00fcn \u00fc\u00e7\u00fcn s\u0259sverm\u0259nin t\u0259\u015fkilini n\u0259z\u0259r\u0259 alaraq, s\u00f6z\u00fcged\u0259n v\u0259ziyy\u0259tin se\u00e7kil\u0259rin idar\u0259 olunmas\u0131n\u0131 \u00e7\u0259tinl\u0259\u015fdirdiyini qeyd edib\u201d, &#8211;\u00a0 hesabatda vur\u011fulan\u0131b.<\/p>\n<p>Xat\u0131rladaq ki, m\u00fc\u015fahid\u0259 missiyas\u0131n\u0131n r\u0259hb\u0259ri Piter Teylerdir (\u0130sve\u00e7). Uzunm\u00fcdd\u0259tli missiya Bak\u0131da yerl\u0259\u015f\u0259n 12 m\u00fct\u0259x\u0259ssisd\u0259n ibar\u0259t \u0259sas qrupdan ibar\u0259tdir.<\/p>\n<p>DT\u0130HB yanvar\u0131n 14-d\u0259n etibar\u0259n 30 uzunm\u00fcdd\u0259tli m\u00fc\u015fahid\u0259\u00e7inin \u00f6lk\u0259 daxilind\u0259 yerl\u0259\u015fdirilm\u0259sini ist\u0259yib, 350 q\u0131sam\u00fcdd\u0259tli m\u00fc\u015fahid\u0259\u00e7i is\u0259 se\u00e7ki g\u00fcn\u00fc s\u0259sverm\u0259nin gedi\u015fat\u0131n\u0131 izl\u0259y\u0259c\u0259k.<\/p>\n","protected":false},"excerpt":{"rendered":"<p>AT\u018fT-in Demokratik T\u0259sisatlar v\u0259 \u0130nsan Haqlar\u0131 B\u00fcrosunun (DT\u0130HB) Az\u0259rbaycanda fevralin 9-da ke\u00e7iril\u0259c\u0259k parlament se\u00e7kil\u0259ri \u00fczr\u0259 uzunm\u00fcdd\u0259tli m\u00fc\u015fahid\u0259 missiyas\u0131n\u0131n aral\u0131q hesabat\u0131 a\u00e7\u0131qlan\u0131b. Report x\u0259b\u0259r verir ki, hesabat AT\u018fT-in r\u0259smi sayt\u0131nda d\u0259rc olunub. S\u0259n\u0259dd\u0259 qeyd olunub ki, Az\u0259rbaycan h\u00f6kum\u0259tinin d\u0259v\u0259tini ald\u0131qdan sonra DT\u0130HB yanvar\u0131n 7-d\u0259 Se\u00e7ki M\u00fc\u015fahid\u0259 Missiyas\u0131 (SMM) t\u0259sis edib. S\u0259fir Peter Tejlerin r\u0259hb\u0259rlik etdiyi SMM, Bak\u0131da yerl\u0259\u015f\u0259n 12 n\u0259f\u0259rlik \u0259sas hey\u0259td\u0259n v\u0259 yanvar\u0131n 14-d\u0259 b\u00fct\u00fcn \u00f6lk\u0259 \u00fczr\u0259 12 \u0259raziy\u0259 g\u00f6nd\u0259ril\u0259n 26 uzunm\u00fcdd\u0259tli m\u00fc\u015fahid\u0259\u00e7id\u0259n (UMM) ibar\u0259tdir. Missiyan\u0131n \u00fczvl\u0259ri AT\u018fT-in 23 i\u015ftirak\u00e7\u0131 d\u00f6vl\u0259tind\u0259n se\u00e7ilib. DT\u0130HB, s\u0259sverm\u0259, s\u0259sl\u0259rin hesablanmas\u0131 v\u0259 n\u0259tic\u0259l\u0259rin qeydiyyat\u0131 da&hellip;<\/p>\n","protected":false},"author":2,"featured_media":124680,"comment_status":"closed","ping_status":"closed","sticky":false,"template":"","format":"standard","meta":{"om_disable_all_campaigns":false,"_monsterinsights_skip_tracking":false,"_monsterinsights_sitenote_active":false,"_monsterinsights_sitenote_note":"","_monsterinsights_sitenote_category":0},"categories":[4],"tags":[],"aioseo_notices":[],"gutentor_comment":0,"rttpg_featured_image_url":{"full":["https:\/\/arantv.az\/wp-content\/uploads\/2020\/01\/at\u00c9_t.jpg",512,338,false],"landscape":["https:\/\/arantv.az\/wp-content\/uploads\/2020\/01\/at\u00c9_t.jpg",512,338,false],"portraits":["https:\/\/arantv.az\/wp-content\/uploads\/2020\/01\/at\u00c9_t.jpg",512,338,false],"thumbnail":["https:\/\/arantv.az\/wp-content\/uploads\/2020\/01\/at\u00c9_t-150x150.jpg",150,150,true],"medium":["https:\/\/arantv.az\/wp-content\/uploads\/2020\/01\/at\u00c9_t-300x198.jpg",300,198,true],"large":["https:\/\/arantv.az\/wp-content\/uploads\/2020\/01\/at\u00c9_t.jpg",512,338,false],"1536x1536":["https:\/\/arantv.az\/wp-content\/uploads\/2020\/01\/at\u00c9_t.jpg",512,338,false],"2048x2048":["https:\/\/arantv.az\/wp-content\/uploads\/2020\/01\/at\u00c9_t.jpg",512,338,false],"post-thumbnail":["https:\/\/arantv.az\/wp-content\/uploads\/2020\/01\/at\u00c9_t-240x172.jpg",240,172,true],"advps-thumb-one":["https:\/\/arantv.az\/wp-content\/uploads\/2020\/01\/at\u00c9_t.jpg",512,338,false]},"rttpg_author":{"display_name":"V\u00fcsal Rafiqo\u011flu","author_link":"https:\/\/arantv.az\/?author=2"},"rttpg_comment":0,"rttpg_category":"<a href=\"https:\/\/arantv.az\/?cat=4\" rel=\"category\">Siyas\u0259t<\/a>","rttpg_excerpt":"AT\u018fT-in Demokratik T\u0259sisatlar v\u0259 \u0130nsan Haqlar\u0131 B\u00fcrosunun (DT\u0130HB) Az\u0259rbaycanda fevralin 9-da ke\u00e7iril\u0259c\u0259k parlament se\u00e7kil\u0259ri \u00fczr\u0259 uzunm\u00fcdd\u0259tli m\u00fc\u015fahid\u0259 missiyas\u0131n\u0131n aral\u0131q hesabat\u0131 a\u00e7\u0131qlan\u0131b. Report x\u0259b\u0259r verir ki, hesabat AT\u018fT-in r\u0259smi sayt\u0131nda d\u0259rc olunub. S\u0259n\u0259dd\u0259 qeyd olunub ki, Az\u0259rbaycan h\u00f6kum\u0259tinin d\u0259v\u0259tini ald\u0131qdan sonra DT\u0130HB yanvar\u0131n 7-d\u0259 Se\u00e7ki M\u00fc\u015fahid\u0259 Missiyas\u0131 (SMM) t\u0259sis edib. S\u0259fir Peter Tejlerin r\u0259hb\u0259rlik etdiyi SMM,&hellip;","_links":{"self":[{"href":"https:\/\/arantv.az\/index.php?rest_route=\/wp\/v2\/posts\/124679"}],"collection":[{"href":"https:\/\/arantv.az\/index.php?rest_route=\/wp\/v2\/posts"}],"about":[{"href":"https:\/\/arantv.az\/index.php?rest_route=\/wp\/v2\/types\/post"}],"author":[{"embeddable":true,"href":"https:\/\/arantv.az\/index.php?rest_route=\/wp\/v2\/users\/2"}],"replies":[{"embeddable":true,"href":"https:\/\/arantv.az\/index.php?rest_route=%2Fwp%2Fv2%2Fcomments&post=124679"}],"version-history":[{"count":0,"href":"https:\/\/arantv.az\/index.php?rest_route=\/wp\/v2\/posts\/124679\/revisions"}],"wp:featuredmedia":[{"embeddable":true,"href":"https:\/\/arantv.az\/index.php?rest_route=\/wp\/v2\/media\/124680"}],"wp:attachment":[{"href":"https:\/\/arantv.az\/index.php?rest_route=%2Fwp%2Fv2%2Fmedia&parent=124679"}],"wp:term":[{"taxonomy":"category","embeddable":true,"href":"https:\/\/arantv.az\/index.php?rest_route=%2Fwp%2Fv2%2Fcategories&post=124679"},{"taxonomy":"post_tag","embeddable":true,"href":"https:\/\/arantv.az\/index.php?rest_route=%2Fwp%2Fv2%2Ftags&post=124679"}],"curies":[{"name":"wp","href":"https:\/\/api.w.org\/{rel}","templated":true}]}}