{"id":124762,"date":"2020-01-30T11:16:03","date_gmt":"2020-01-30T08:16:03","guid":{"rendered":"http:\/\/arantv.az\/?p=124762"},"modified":"2020-01-30T11:16:03","modified_gmt":"2020-01-30T08:16:03","slug":"heyd%c9%99r-%c9%99liyev-fondunun-t%c9%99skilatciligi-il%c9%99-unesco-nun-bas-q%c9%99rargahinda-az%c9%99rbaycan-xalcalarinin-s%c9%99rgisi-acilib","status":"publish","type":"post","link":"https:\/\/arantv.az\/?p=124762","title":{"rendered":"Heyd\u0259r \u018fliyev Fondunun t\u0259\u015fkilat\u00e7\u0131l\u0131\u011f\u0131 il\u0259 UNESCO-nun ba\u015f q\u0259rargah\u0131nda Az\u0259rbaycan xal\u00e7alar\u0131n\u0131n s\u0259rgisi a\u00e7\u0131l\u0131b"},"content":{"rendered":"<p>Heyd\u0259r \u018fliyev Fondu, Az\u0259rbaycan\u0131n Fransadak\u0131 s\u0259firliyi v\u0259 UNESCO yan\u0131nda daimi n\u00fcmay\u0259nd\u0259liyinin birg\u0259 t\u0259\u015fkilat\u00e7\u0131l\u0131\u011f\u0131 il\u0259 Parisd\u0259 UNESCO-nun ba\u015f q\u0259rargah\u0131nda Fondun \u201cYeni k\u0259\u015ffl\u0259r: Az\u0259rbaycan xal\u00e7a\u00e7\u0131l\u0131\u011f\u0131nda yeni motivl\u0259r\u201d adl\u0131 s\u0259rgisinin a\u00e7\u0131l\u0131\u015f\u0131 olub.<\/p>\n<p><strong>ARANTV.AZ<\/strong>\u00a0 x\u0259b\u0259r verir ki, s\u0259rginin a\u00e7\u0131l\u0131\u015f\u0131nda Heyd\u0259r \u018fliyev Fondunun icra\u00e7\u0131 direktoru Anar \u018fl\u0259kb\u0259rov, UNESCO ba\u015f direktorunun m\u0259d\u0259niyy\u0259t m\u0259s\u0259l\u0259l\u0259ri \u00fczr\u0259 k\u00f6m\u0259k\u00e7isi Erneste Ottone Ramirez, Az\u0259rbaycan\u0131n Fransadak\u0131 s\u0259firi R\u0259hman Mustafayev, UNESKO yan\u0131nda daimi n\u00fcmay\u0259nd\u0259liyimizin r\u0259hb\u0259ri, s\u0259fir Anar K\u0259rimov, Fransada akkredit\u0259 olunmu\u015f s\u0259firl\u0259r, UNESCO-dak\u0131 missiyalar\u0131n r\u0259hb\u0259rl\u0259ri, yerli ictimaiyy\u0259tin v\u0259 Az\u0259rbaycan diasporunun n\u00fcmay\u0259nd\u0259l\u0259ri i\u015ftirak edibl\u0259r.<\/p>\n<p>Heyd\u0259r \u018fliyev Fondunun icra\u00e7\u0131 direktoru Anar \u018fl\u0259kb\u0259rov s\u0259rginin a\u00e7\u0131l\u0131\u015f\u0131nda \u00e7\u0131x\u0131\u015f ed\u0259r\u0259k \u201cYeni k\u0259\u015ffl\u0259r: Az\u0259rbaycan xal\u00e7a\u00e7\u0131l\u0131\u011f\u0131nda yeni motivl\u0259r\u201d adl\u0131 layih\u0259nin \u0259rs\u0259y\u0259 g\u0259lm\u0259sind\u0259n dan\u0131\u015f\u0131b. Bildirib ki, 10 il \u0259vv\u0259l Az\u0259rbaycan xal\u00e7a s\u0259n\u0259ti UNESCO-nun B\u0259\u015f\u0259riyy\u0259tin Qeyri-Maddi M\u0259d\u0259ni \u0130rsinin Reprezentativ Siyah\u0131s\u0131na, Bak\u0131da UNESCO-nun \u00dcmumd\u00fcnya \u0130rs Komit\u0259sinin 43-c\u00fc sessiyas\u0131nda is\u0259 \u201cXan Saray\u0131 il\u0259 birg\u0259 \u015e\u0259kinin tarixi m\u0259rk\u0259zi\u201d UNESCO-nun \u00dcmumd\u00fcnya \u0130rs Siyah\u0131s\u0131na daxil edilib.<\/p>\n<p>Bu bax\u0131mdan \u015e\u0259ki xal\u00e7alar\u0131n\u0131n UNESCO-nun ba\u015f q\u0259rargah\u0131nda s\u0259rgil\u0259nm\u0259si b\u00f6y\u00fck \u0259h\u0259miyy\u0259t da\u015f\u0131y\u0131r. O, s\u0259rginin UNESCO-nun ba\u015f q\u0259rargah\u0131nda t\u0259\u015fkilin\u0259 g\u00f6st\u0259rdiyi d\u0259st\u0259y\u0259 g\u00f6r\u0259 qurumun ba\u015f direktoru Odre Azuley\u0259 t\u0259\u015f\u0259kk\u00fcr edib.<\/p>\n<p>Daha sonra s\u0259rginin a\u00e7\u0131l\u0131\u015f\u0131nda UNESCO ba\u015f direktorunun m\u0259d\u0259niyy\u0259t m\u0259s\u0259l\u0259l\u0259ri \u00fczr\u0259 k\u00f6m\u0259k\u00e7isi Erneste Ottone Ramirez, Az\u0259rbaycan\u0131n Fransadak\u0131 s\u0259firi R\u0259hman Mustafayev, UNESCO yan\u0131nda daimi n\u00fcmay\u0259nd\u0259liyimizin r\u0259hb\u0259ri, s\u0259fir Anar K\u0259rimov da \u00e7\u0131x\u0131\u015f edibl\u0259r. \u00c7\u0131x\u0131\u015flarda Az\u0259rbaycan\u0131n Birinci vitse-prezidenti, Heyd\u0259r \u018fliyev Fondunun prezidenti Mehriban \u018fliyevaya v\u0259 Heyd\u0259r \u018fliyev Fonduna s\u0259rginin t\u0259\u015fkilin\u0259 g\u00f6r\u0259 t\u0259\u015f\u0259kk\u00fcr edilib.<\/p>\n<p>Bildirilib ki, bu s\u0259rgi Az\u0259rbaycan m\u0259d\u0259niyy\u0259tini, xal\u00e7a\u00e7\u0131l\u0131\u011f\u0131n\u0131 daha yax\u0131ndan k\u0259\u015ff etm\u0259y\u0259 imkan yarad\u0131r. Xal\u00e7a toxuculu\u011fu Az\u0259rbaycan\u0131n kimliyini \u0259ks etdirir. Xal\u00e7a toxuculu\u011funun n\u0259sild\u0259n-n\u0259sl\u0259 \u00f6t\u00fcr\u00fcld\u00fcy\u00fc diqq\u0259t\u0259 \u00e7atd\u0131r\u0131l\u0131b.<\/p>\n<p>\u015e\u0259kinin z\u0259ngin m\u0259d\u0259niyy\u0259t irsind\u0259n, ip\u0259k\u00e7iliyind\u0259n, Az\u0259rbaycan memarl\u0131\u011f\u0131n\u0131n \u015fedevri olan Xan Saray\u0131ndan dan\u0131\u015f\u0131l\u0131b. Xal\u00e7a s\u0259n\u0259tinin Az\u0259rbaycan xalq\u0131n\u0131n estetik v\u0259 d\u00fcnyag\u00f6r\u00fc\u015f\u00fcn\u00fc, el\u0259c\u0259 d\u0259 pl\u00fcralist bax\u0131\u015flar\u0131n\u0131 \u0259ks etdirdiyi bildirilib. Diqq\u0259t\u0259 \u00e7atd\u0131r\u0131l\u0131b ki, bu s\u0259n\u0259t Az\u0259rbaycan xalq\u0131n\u0131n h\u0259yat\u0131n\u0131n ayr\u0131lmaz hiss\u0259sidir.<\/p>\n<p>Qeyd edilib ki, m\u0259d\u0259niyy\u0259t irsinin qorunub saxlanmas\u0131 v\u0259 n\u0259sild\u0259n-n\u0259sl\u0259 \u00f6t\u00fcr\u00fclm\u0259si UNESKO-nun missiyas\u0131d\u0131r. Az\u0259rbaycan\u0131n d\u00f6vl\u0259t n\u00fcmay\u0259nd\u0259l\u0259rin\u0259 qurumun bu missiyas\u0131na g\u00f6st\u0259rdiyi d\u0259st\u0259y\u0259 g\u00f6r\u0259 minn\u0259tdarl\u0131q bildirilib.<\/p>\n<p>T\u0259dbird\u0259 s\u0259rgil\u0259n\u0259n xal\u00e7alar\u0131n toxucular\u0131ndan iki n\u0259f\u0259ri, el\u0259c\u0259 d\u0259 Kann s\u0259rgisind\u0259n ruhlanaraq Az\u0259rbaycana g\u0259lmi\u015f v\u0259 xal\u00e7a toxuma\u011f\u0131 \u00f6yr\u0259nmi\u015f Filip J\u00fcj d\u0259 i\u015ftirak edibl\u0259r. Filip J\u00fcj \u201cYeni k\u0259\u015ffl\u0259r: Az\u0259rbaycan xal\u00e7a\u00e7\u0131l\u0131\u011f\u0131nda yeni motivl\u0259r\u201d adl\u0131 layih\u0259nin sakini oldu\u011fu Kann \u015f\u0259h\u0259rind\u0259 t\u0259\u015fkil edilm\u0259sind\u0259n m\u0259mnunlu\u011funu bildirib v\u0259 el\u0259 h\u0259min vaxtdan Az\u0259rbaycan xal\u00e7alar\u0131na heyran oldu\u011funu vur\u011fulay\u0131b.<\/p>\n<p>Diqq\u0259t\u0259 \u00e7atd\u0131r\u0131b ki, xal\u00e7alar\u0131m\u0131za bu heyranl\u0131\u011f\u0131 onu h\u0259min s\u0259rgini h\u0259r g\u00fcn ziyar\u0259t etm\u0259y\u0259 s\u00f6vq edib. D\u0259f\u0259l\u0259rl\u0259 s\u0259rgid\u0259ki xal\u00e7alar\u0131 seyr etdikd\u0259n sonra o, Az\u0259rbaycana g\u0259l\u0259r\u0259k xal\u00e7a\u00e7\u0131lar yan\u0131nda t\u0259cr\u00fcb\u0259 ke\u00e7m\u0259sind\u0259n, xal\u00e7a toxuma\u011f\u0131 \u00f6yr\u0259nm\u0259sind\u0259n dan\u0131\u015f\u0131b. Kanna qay\u0131td\u0131qdan sonra evind\u0259 d\u0259zgah qurdu\u011funu v\u0259 art\u0131q iki xal\u00e7a toxudu\u011funu deyib.<\/p>\n<p>S\u0259rginin r\u0259smi hiss\u0259sind\u0259n sonra t\u0259dbir i\u015ftirak\u00e7\u0131lar\u0131 n\u00fcmayi\u015f olunan xal\u00e7alar\u0131 seyr edib v\u0259 motivl\u0259r, r\u0259ngl\u0259rl\u0259 ba\u011fl\u0131 fikirl\u0259rini b\u00f6l\u00fc\u015f\u00fcbl\u0259r.<\/p>\n<p>Qeyd ed\u0259k ki, Az\u0259rbaycan s\u0259n\u0259t\u00e7il\u0259ri, r\u0259ssamlar\u0131 \u015e\u0259ki Xan Saray\u0131ndak\u0131 \u0259srar\u0259ngiz ornamentl\u0259rd\u0259n, freskalardan ruhlanaraq n\u0259fis v\u0259 z\u0259ngin \u0259s\u0259rl\u0259r yarad\u0131blar. S\u0259rgid\u0259 n\u00fcmayi\u015f olunan xal\u00e7alar da m\u0259hz h\u0259min ornamentl\u0259rin, \u015e\u0259ki motivl\u0259rinin \u0259sas\u0131nda xal\u00e7a\u00e7\u0131-r\u0259ssam, Xalq r\u0259ssam\u0131 Eldar Mikay\u0131lzad\u0259nin eskizl\u0259ri \u00fczr\u0259 iki il \u0259rzind\u0259 30 xal\u00e7a\u00e7\u0131 t\u0259r\u0259find\u0259n toxunub.<\/p>\n<p>S\u0259rgi ilk d\u0259f\u0259 2019-cu ild\u0259 Heyd\u0259r \u018fliyev Fondunun Kann \u015f\u0259h\u0259rind\u0259 ke\u00e7irdiyi Az\u0259rbaycan m\u0259d\u0259niyy\u0259ti g\u00fcnl\u0259ri \u00e7\u0259r\u00e7iv\u0259sind\u0259 t\u0259qdim edilib v\u0259 bu il \u0259rzind\u0259 onun bir \u00e7ox frans\u0131z \u015f\u0259h\u0259rl\u0259rind\u0259 n\u00fcmayi\u015fi n\u0259z\u0259rd\u0259 tutulur.<\/p>\n<p>UNESCO-nun ba\u015f q\u0259rargah\u0131nda t\u0259\u015fkil olunan s\u0259rgi fevral\u0131n 4-d\u0259k davam ed\u0259c\u0259k.AZ\u018fRTAC<\/p>\n<div class=\"gallery\">\n<div class=\"gallery-i\"><img src=\"https:\/\/assets.oxu.az\/uploads\/W1siZiIsIjIwMjAvMDEvMzAvMTEvNTQvNDcvZWY5MjlhOTAtNWFjYi00NGZiLWJkMDUtYzg4OTIwY2Q3OTIzLzE1ODAzNjk5MTcyNDYzNjU5MzQyXzEwMDB4NjY5LmpwZyJdLFsicCIsImVuY29kZSIsImpwZyIsIi1xdWFsaXR5IDgwIl0sWyJwIiwidGh1bWIiLCI1OTB4NTkwXHUwMDNlIl1d?sha=9c4161cd13234b6f\" alt=\"\" \/><\/p>\n<div class=\"gallery-i-caption\"><\/div>\n<\/div>\n<div class=\"gallery-i\"><img src=\"https:\/\/assets.oxu.az\/uploads\/W1siZiIsIjIwMjAvMDEvMzAvMTEvNTQvNDcvZTExNDgxZDctM2U0OS00YzY2LWFjY2YtOTVlNzVmNmY4OGUwLzE1ODAzNjk5MTcxNTEzMDQyMTAyXzEwMDB4NjY5LmpwZyJdLFsicCIsImVuY29kZSIsImpwZyIsIi1xdWFsaXR5IDgwIl0sWyJwIiwidGh1bWIiLCI1OTB4NTkwXHUwMDNlIl1d?sha=ff0a71c883d03250\" alt=\"\" \/><\/p>\n<div class=\"gallery-i-caption\"><\/div>\n<\/div>\n<div class=\"gallery-i\"><img src=\"https:\/\/assets.oxu.az\/uploads\/W1siZiIsIjIwMjAvMDEvMzAvMTEvNTQvNDcvYTRhYTY3YTMtZjRhNC00ZWI3LThkMDUtNGYxZjI1OTdhN2Y1LzE1ODAzNjk5MTcxOTQyMzY0NjM0XzEwMDB4NjY5LmpwZyJdLFsicCIsImVuY29kZSIsImpwZyIsIi1xdWFsaXR5IDgwIl0sWyJwIiwidGh1bWIiLCI1OTB4NTkwXHUwMDNlIl1d?sha=0a6cc55e55a72b88\" alt=\"\" \/><\/p>\n<div class=\"gallery-i-caption\"><\/div>\n<\/div>\n<div class=\"gallery-i\"><img src=\"https:\/\/assets.oxu.az\/uploads\/W1siZiIsIjIwMjAvMDEvMzAvMTEvNTQvNDcvZWQ5OGMyMjgtMjA1NC00NmIyLWFhNmYtMDZiZjQ0Yzg2NjhkLzE1ODAzNjk5MTczNDUxNzIyOTczXzEwMDB4NjY5LmpwZyJdLFsicCIsImVuY29kZSIsImpwZyIsIi1xdWFsaXR5IDgwIl0sWyJwIiwidGh1bWIiLCI1OTB4NTkwXHUwMDNlIl1d?sha=b0b8b930a1d5d12d\" alt=\"\" \/><\/p>\n<div class=\"gallery-i-caption\"><\/div>\n<\/div>\n<div class=\"gallery-i\"><img src=\"https:\/\/assets.oxu.az\/uploads\/W1siZiIsIjIwMjAvMDEvMzAvMTEvNTQvNDcvNTIxNTM0MmEtZWM2Yi00OTRhLTk5MTMtNmI0N2RiMmY4YzY1LzE1ODAzNjk5MTYzNTAyODMyODQ3XzEwMDB4NjY5LmpwZyJdLFsicCIsImVuY29kZSIsImpwZyIsIi1xdWFsaXR5IDgwIl0sWyJwIiwidGh1bWIiLCI1OTB4NTkwXHUwMDNlIl1d?sha=5c777b58b1bb0754\" alt=\"\" \/><\/p>\n<div class=\"gallery-i-caption\"><\/div>\n<\/div>\n<div class=\"gallery-i\"><img src=\"https:\/\/assets.oxu.az\/uploads\/W1siZiIsIjIwMjAvMDEvMzAvMTEvNTQvNDcvODQ5Mzk5NTEtZmZhMC00OWJiLTg5N2EtYjMzYzZhMzlmYTk0LzE1ODAzNjk5MTYxMjY2ODIwMDM0XzEwMDB4NjY5LmpwZyJdLFsicCIsImVuY29kZSIsImpwZyIsIi1xdWFsaXR5IDgwIl0sWyJwIiwidGh1bWIiLCI1OTB4NTkwXHUwMDNlIl1d?sha=73bedc8feebb5a0a\" alt=\"\" \/><\/p>\n<div class=\"gallery-i-caption\"><\/div>\n<\/div>\n<div class=\"gallery-i\"><img src=\"https:\/\/assets.oxu.az\/uploads\/W1siZiIsIjIwMjAvMDEvMzAvMTEvNTQvNDcvODViOGRiYWEtZjhmOC00YmU3LWFlMjItMDk3NTQ3OWJhYjZlLzE1ODAzNjk5MTYxMTgzNzI0Njc3XzEwMDB4NjY5LmpwZyJdLFsicCIsImVuY29kZSIsImpwZyIsIi1xdWFsaXR5IDgwIl0sWyJwIiwidGh1bWIiLCI1OTB4NTkwXHUwMDNlIl1d?sha=580104ecbaef04e4\" alt=\"\" \/><\/div>\n<\/div>\n","protected":false},"excerpt":{"rendered":"<p>Heyd\u0259r \u018fliyev Fondu, Az\u0259rbaycan\u0131n Fransadak\u0131 s\u0259firliyi v\u0259 UNESCO yan\u0131nda daimi n\u00fcmay\u0259nd\u0259liyinin birg\u0259 t\u0259\u015fkilat\u00e7\u0131l\u0131\u011f\u0131 il\u0259 Parisd\u0259 UNESCO-nun ba\u015f q\u0259rargah\u0131nda Fondun \u201cYeni k\u0259\u015ffl\u0259r: Az\u0259rbaycan xal\u00e7a\u00e7\u0131l\u0131\u011f\u0131nda yeni motivl\u0259r\u201d adl\u0131 s\u0259rgisinin a\u00e7\u0131l\u0131\u015f\u0131 olub. ARANTV.AZ\u00a0 x\u0259b\u0259r verir ki, s\u0259rginin a\u00e7\u0131l\u0131\u015f\u0131nda Heyd\u0259r \u018fliyev Fondunun icra\u00e7\u0131 direktoru Anar \u018fl\u0259kb\u0259rov, UNESCO ba\u015f direktorunun m\u0259d\u0259niyy\u0259t m\u0259s\u0259l\u0259l\u0259ri \u00fczr\u0259 k\u00f6m\u0259k\u00e7isi Erneste Ottone Ramirez, Az\u0259rbaycan\u0131n Fransadak\u0131 s\u0259firi R\u0259hman Mustafayev, UNESKO yan\u0131nda daimi n\u00fcmay\u0259nd\u0259liyimizin r\u0259hb\u0259ri, s\u0259fir Anar K\u0259rimov, Fransada akkredit\u0259 olunmu\u015f s\u0259firl\u0259r, UNESCO-dak\u0131 missiyalar\u0131n r\u0259hb\u0259rl\u0259ri, yerli ictimaiyy\u0259tin v\u0259 Az\u0259rbaycan diasporunun n\u00fcmay\u0259nd\u0259l\u0259ri i\u015ftirak edibl\u0259r. Heyd\u0259r \u018fliyev Fondunun icra\u00e7\u0131 direktoru Anar \u018fl\u0259kb\u0259rov s\u0259rginin a\u00e7\u0131l\u0131\u015f\u0131nda \u00e7\u0131x\u0131\u015f&hellip;<\/p>\n","protected":false},"author":2,"featured_media":124763,"comment_status":"closed","ping_status":"closed","sticky":false,"template":"","format":"standard","meta":{"om_disable_all_campaigns":false,"_monsterinsights_skip_tracking":false,"_monsterinsights_sitenote_active":false,"_monsterinsights_sitenote_note":"","_monsterinsights_sitenote_category":0},"categories":[1],"tags":[],"aioseo_notices":[],"gutentor_comment":0,"rttpg_featured_image_url":{"full":["https:\/\/arantv.az\/wp-content\/uploads\/2020\/01\/15803699171513042102_1000x669.jpg",620,413,false],"landscape":["https:\/\/arantv.az\/wp-content\/uploads\/2020\/01\/15803699171513042102_1000x669.jpg",620,413,false],"portraits":["https:\/\/arantv.az\/wp-content\/uploads\/2020\/01\/15803699171513042102_1000x669.jpg",620,413,false],"thumbnail":["https:\/\/arantv.az\/wp-content\/uploads\/2020\/01\/15803699171513042102_1000x669-150x150.jpg",150,150,true],"medium":["https:\/\/arantv.az\/wp-content\/uploads\/2020\/01\/15803699171513042102_1000x669-300x200.jpg",300,200,true],"large":["https:\/\/arantv.az\/wp-content\/uploads\/2020\/01\/15803699171513042102_1000x669.jpg",620,413,false],"1536x1536":["https:\/\/arantv.az\/wp-content\/uploads\/2020\/01\/15803699171513042102_1000x669.jpg",620,413,false],"2048x2048":["https:\/\/arantv.az\/wp-content\/uploads\/2020\/01\/15803699171513042102_1000x669.jpg",620,413,false],"post-thumbnail":["https:\/\/arantv.az\/wp-content\/uploads\/2020\/01\/15803699171513042102_1000x669-240x172.jpg",240,172,true],"advps-thumb-one":["https:\/\/arantv.az\/wp-content\/uploads\/2020\/01\/15803699171513042102_1000x669.jpg",620,413,false]},"rttpg_author":{"display_name":"V\u00fcsal Rafiqo\u011flu","author_link":"https:\/\/arantv.az\/?author=2"},"rttpg_comment":0,"rttpg_category":"<a href=\"https:\/\/arantv.az\/?cat=1\" rel=\"category\">C\u0259miyy\u0259t<\/a>","rttpg_excerpt":"Heyd\u0259r \u018fliyev Fondu, Az\u0259rbaycan\u0131n Fransadak\u0131 s\u0259firliyi v\u0259 UNESCO yan\u0131nda daimi n\u00fcmay\u0259nd\u0259liyinin birg\u0259 t\u0259\u015fkilat\u00e7\u0131l\u0131\u011f\u0131 il\u0259 Parisd\u0259 UNESCO-nun ba\u015f q\u0259rargah\u0131nda Fondun \u201cYeni k\u0259\u015ffl\u0259r: Az\u0259rbaycan xal\u00e7a\u00e7\u0131l\u0131\u011f\u0131nda yeni motivl\u0259r\u201d adl\u0131 s\u0259rgisinin a\u00e7\u0131l\u0131\u015f\u0131 olub. ARANTV.AZ\u00a0 x\u0259b\u0259r verir ki, s\u0259rginin a\u00e7\u0131l\u0131\u015f\u0131nda Heyd\u0259r \u018fliyev Fondunun icra\u00e7\u0131 direktoru Anar \u018fl\u0259kb\u0259rov, UNESCO ba\u015f direktorunun m\u0259d\u0259niyy\u0259t m\u0259s\u0259l\u0259l\u0259ri \u00fczr\u0259 k\u00f6m\u0259k\u00e7isi Erneste Ottone Ramirez, Az\u0259rbaycan\u0131n Fransadak\u0131 s\u0259firi&hellip;","_links":{"self":[{"href":"https:\/\/arantv.az\/index.php?rest_route=\/wp\/v2\/posts\/124762"}],"collection":[{"href":"https:\/\/arantv.az\/index.php?rest_route=\/wp\/v2\/posts"}],"about":[{"href":"https:\/\/arantv.az\/index.php?rest_route=\/wp\/v2\/types\/post"}],"author":[{"embeddable":true,"href":"https:\/\/arantv.az\/index.php?rest_route=\/wp\/v2\/users\/2"}],"replies":[{"embeddable":true,"href":"https:\/\/arantv.az\/index.php?rest_route=%2Fwp%2Fv2%2Fcomments&post=124762"}],"version-history":[{"count":0,"href":"https:\/\/arantv.az\/index.php?rest_route=\/wp\/v2\/posts\/124762\/revisions"}],"wp:featuredmedia":[{"embeddable":true,"href":"https:\/\/arantv.az\/index.php?rest_route=\/wp\/v2\/media\/124763"}],"wp:attachment":[{"href":"https:\/\/arantv.az\/index.php?rest_route=%2Fwp%2Fv2%2Fmedia&parent=124762"}],"wp:term":[{"taxonomy":"category","embeddable":true,"href":"https:\/\/arantv.az\/index.php?rest_route=%2Fwp%2Fv2%2Fcategories&post=124762"},{"taxonomy":"post_tag","embeddable":true,"href":"https:\/\/arantv.az\/index.php?rest_route=%2Fwp%2Fv2%2Ftags&post=124762"}],"curies":[{"name":"wp","href":"https:\/\/api.w.org\/{rel}","templated":true}]}}