{"id":124867,"date":"2020-01-30T13:53:55","date_gmt":"2020-01-30T10:53:55","guid":{"rendered":"http:\/\/arantv.az\/?p=124867"},"modified":"2020-01-30T13:53:55","modified_gmt":"2020-01-30T10:53:55","slug":"cind%c9%99ki-az%c9%99rbaycan-v%c9%99t%c9%99ndaslari-t%c9%99xliyy%c9%99-edilir-canli","status":"publish","type":"post","link":"https:\/\/arantv.az\/?p=124867","title":{"rendered":"\u00c7ind\u0259ki Az\u0259rbaycan v\u0259t\u0259nda\u015flar\u0131 t\u0259xliyy\u0259 edilir &#8211; CANLI"},"content":{"rendered":"<article class=\"news\">\n<div class=\"news-inner\">\n<p>T\u00fcrkiy\u0259 \u00c7inin Vuhan \u015f\u0259h\u0259rind\u0259 karantind\u0259 qalan v\u0259t\u0259nda\u015flar\u0131n t\u0259xliyy\u0259si \u00fc\u00e7\u00fcn t\u0259yyar\u0259 g\u00f6nd\u0259rir.<\/p>\n<p>Bu bar\u0259d\u0259 \u201cAnadolu Agentliyi\u201d m\u0259lumat yay\u0131b.<\/p>\n<div id=\"AdviadNativeVideo0\" class=\"AdviadNativeVideo\"><\/div>\n<p>Bildirilir ki, \u201cKoca Yusuf\u201d adl\u0131 y\u00fck t\u0259yyar\u0259si Etimesgut H\u0259rbi Havaliman\u0131ndan yola sal\u0131n\u0131r.<\/p>\n<p>Qeyd ed\u0259k ki, t\u0259xliyy\u0259 edil\u0259nl\u0259r aras\u0131nda Az\u0259rbaycan\u0131n yeddi v\u0259t\u0259nda\u015f\u0131 da var. Onlar T\u00fcrkiy\u0259y\u0259 g\u0259tirildikd\u0259n sonra 14 g\u00fcn m\u00fcdd\u0259tind\u0259 karantind\u0259 saxlan\u0131lacaq.<\/p>\n<p><iframe loading=\"lazy\" src=\"https:\/\/www.youtube.com\/embed\/hGJW9_jzMc4\" width=\"791\" height=\"445\" frameborder=\"0\" allowfullscreen=\"allowfullscreen\" data-mce-fragment=\"1\"><\/iframe><\/p>\n<\/div>\n<\/article>\n<h2 class=\"news-share-title\"><\/h2>\n","protected":false},"excerpt":{"rendered":"<p>T\u00fcrkiy\u0259 \u00c7inin Vuhan \u015f\u0259h\u0259rind\u0259 karantind\u0259 qalan v\u0259t\u0259nda\u015flar\u0131n t\u0259xliyy\u0259si \u00fc\u00e7\u00fcn t\u0259yyar\u0259 g\u00f6nd\u0259rir. Bu bar\u0259d\u0259 \u201cAnadolu Agentliyi\u201d m\u0259lumat yay\u0131b. Bildirilir ki, \u201cKoca Yusuf\u201d adl\u0131 y\u00fck t\u0259yyar\u0259si Etimesgut H\u0259rbi Havaliman\u0131ndan yola sal\u0131n\u0131r. Qeyd ed\u0259k ki, t\u0259xliyy\u0259 edil\u0259nl\u0259r aras\u0131nda Az\u0259rbaycan\u0131n yeddi v\u0259t\u0259nda\u015f\u0131 da var. Onlar T\u00fcrkiy\u0259y\u0259 g\u0259tirildikd\u0259n sonra 14 g\u00fcn m\u00fcdd\u0259tind\u0259 karantind\u0259 saxlan\u0131lacaq.<\/p>\n","protected":false},"author":2,"featured_media":124868,"comment_status":"closed","ping_status":"closed","sticky":false,"template":"","format":"standard","meta":{"om_disable_all_campaigns":false,"_monsterinsights_skip_tracking":false,"_monsterinsights_sitenote_active":false,"_monsterinsights_sitenote_note":"","_monsterinsights_sitenote_category":0},"categories":[1],"tags":[],"aioseo_notices":[],"gutentor_comment":0,"rttpg_featured_image_url":{"full":["https:\/\/arantv.az\/wp-content\/uploads\/2020\/01\/thumbs_b_c_63757781ce5f641e02f5486a3b60330f.jpg",620,380,false],"landscape":["https:\/\/arantv.az\/wp-content\/uploads\/2020\/01\/thumbs_b_c_63757781ce5f641e02f5486a3b60330f.jpg",620,380,false],"portraits":["https:\/\/arantv.az\/wp-content\/uploads\/2020\/01\/thumbs_b_c_63757781ce5f641e02f5486a3b60330f.jpg",620,380,false],"thumbnail":["https:\/\/arantv.az\/wp-content\/uploads\/2020\/01\/thumbs_b_c_63757781ce5f641e02f5486a3b60330f-150x150.jpg",150,150,true],"medium":["https:\/\/arantv.az\/wp-content\/uploads\/2020\/01\/thumbs_b_c_63757781ce5f641e02f5486a3b60330f-300x184.jpg",300,184,true],"large":["https:\/\/arantv.az\/wp-content\/uploads\/2020\/01\/thumbs_b_c_63757781ce5f641e02f5486a3b60330f.jpg",620,380,false],"1536x1536":["https:\/\/arantv.az\/wp-content\/uploads\/2020\/01\/thumbs_b_c_63757781ce5f641e02f5486a3b60330f.jpg",620,380,false],"2048x2048":["https:\/\/arantv.az\/wp-content\/uploads\/2020\/01\/thumbs_b_c_63757781ce5f641e02f5486a3b60330f.jpg",620,380,false],"post-thumbnail":["https:\/\/arantv.az\/wp-content\/uploads\/2020\/01\/thumbs_b_c_63757781ce5f641e02f5486a3b60330f-240x172.jpg",240,172,true],"advps-thumb-one":["https:\/\/arantv.az\/wp-content\/uploads\/2020\/01\/thumbs_b_c_63757781ce5f641e02f5486a3b60330f.jpg",620,380,false]},"rttpg_author":{"display_name":"V\u00fcsal Rafiqo\u011flu","author_link":"https:\/\/arantv.az\/?author=2"},"rttpg_comment":0,"rttpg_category":"<a href=\"https:\/\/arantv.az\/?cat=1\" rel=\"category\">C\u0259miyy\u0259t<\/a>","rttpg_excerpt":"T\u00fcrkiy\u0259 \u00c7inin Vuhan \u015f\u0259h\u0259rind\u0259 karantind\u0259 qalan v\u0259t\u0259nda\u015flar\u0131n t\u0259xliyy\u0259si \u00fc\u00e7\u00fcn t\u0259yyar\u0259 g\u00f6nd\u0259rir. Bu bar\u0259d\u0259 \u201cAnadolu Agentliyi\u201d m\u0259lumat yay\u0131b. Bildirilir ki, \u201cKoca Yusuf\u201d adl\u0131 y\u00fck t\u0259yyar\u0259si Etimesgut H\u0259rbi Havaliman\u0131ndan yola sal\u0131n\u0131r. Qeyd ed\u0259k ki, t\u0259xliyy\u0259 edil\u0259nl\u0259r aras\u0131nda Az\u0259rbaycan\u0131n yeddi v\u0259t\u0259nda\u015f\u0131 da var. Onlar T\u00fcrkiy\u0259y\u0259 g\u0259tirildikd\u0259n sonra 14 g\u00fcn m\u00fcdd\u0259tind\u0259 karantind\u0259 saxlan\u0131lacaq.","_links":{"self":[{"href":"https:\/\/arantv.az\/index.php?rest_route=\/wp\/v2\/posts\/124867"}],"collection":[{"href":"https:\/\/arantv.az\/index.php?rest_route=\/wp\/v2\/posts"}],"about":[{"href":"https:\/\/arantv.az\/index.php?rest_route=\/wp\/v2\/types\/post"}],"author":[{"embeddable":true,"href":"https:\/\/arantv.az\/index.php?rest_route=\/wp\/v2\/users\/2"}],"replies":[{"embeddable":true,"href":"https:\/\/arantv.az\/index.php?rest_route=%2Fwp%2Fv2%2Fcomments&post=124867"}],"version-history":[{"count":0,"href":"https:\/\/arantv.az\/index.php?rest_route=\/wp\/v2\/posts\/124867\/revisions"}],"wp:featuredmedia":[{"embeddable":true,"href":"https:\/\/arantv.az\/index.php?rest_route=\/wp\/v2\/media\/124868"}],"wp:attachment":[{"href":"https:\/\/arantv.az\/index.php?rest_route=%2Fwp%2Fv2%2Fmedia&parent=124867"}],"wp:term":[{"taxonomy":"category","embeddable":true,"href":"https:\/\/arantv.az\/index.php?rest_route=%2Fwp%2Fv2%2Fcategories&post=124867"},{"taxonomy":"post_tag","embeddable":true,"href":"https:\/\/arantv.az\/index.php?rest_route=%2Fwp%2Fv2%2Ftags&post=124867"}],"curies":[{"name":"wp","href":"https:\/\/api.w.org\/{rel}","templated":true}]}}