{"id":124875,"date":"2020-01-30T13:55:19","date_gmt":"2020-01-30T10:55:19","guid":{"rendered":"http:\/\/arantv.az\/?p=124875"},"modified":"2020-01-30T13:55:19","modified_gmt":"2020-01-30T10:55:19","slug":"seckil%c9%99r%c9%99-qatilmayan-deputat-s%c9%99nin-n%c9%99yin%c9%99-lazimdir-m%c9%99nim-bundan-sonraki-is-f%c9%99aliyy%c9%99tim","status":"publish","type":"post","link":"https:\/\/arantv.az\/?p=124875","title":{"rendered":"Se\u00e7kil\u0259r\u0259 qat\u0131lmayan deputat: S\u0259nin n\u0259yin\u0259 laz\u0131md\u0131r m\u0259nim bundan sonrak\u0131 i\u015f f\u0259aliyy\u0259tim?!"},"content":{"rendered":"<p>Be\u015finci \u00e7a\u011f\u0131r\u0131\u015f Milli M\u0259clisd\u0259 t\u0259msil olunan 31 deputat n\u00f6vb\u0259d\u0259nk\u0259nar parlament se\u00e7kil\u0259rind\u0259 i\u015ftirak etmir.<\/p>\n<p>Modern.az h\u0259min deputatlardan bir ne\u00e7\u0259si il\u0259 \u0259laq\u0259 saxlayaraq, onlar\u0131n bundan sonra n\u0259 i\u015fl\u0259 m\u0259\u015f\u011ful olacaqlar\u0131n\u0131 soru\u015fub.<\/p>\n<p>Be\u015finci \u00e7a\u011f\u0131r\u0131\u015f Milli M\u0259clisin bit\u0259r\u0259f deputat\u0131 olmu\u015f \u018flia\u011fa H\u00fcseynov ba\u015f\u0131n\u0131 a\u015fa\u011f\u0131 sal\u0131b h\u0259yat\u0131n\u0131 ya\u015fayaca\u011f\u0131n\u0131 deyib:<\/p>\n<div id=\"AdviadNativeVideo0\" class=\"AdviadNativeVideo\"><\/div>\n<p>\u201cM\u0259n t\u0259qa\u00fcd\u00e7\u00fc adamam. Bundan sonra n\u0259 i\u015f g\u00f6r\u0259 bil\u0259r\u0259m ki?! 74 ya\u015f\u0131m var. Ba\u015f\u0131m\u0131 a\u015fa\u011f\u0131 sal\u0131b h\u0259yat\u0131m\u0131 ya\u015fay\u0131ram. \u0130mkan daxilind\u0259 \u0259sg\u0259rl\u0259rl\u0259 g\u00f6r\u00fc\u015fl\u0259r\u0259 d\u0259v\u0259t edirl\u0259r. M\u0259n d\u0259 onlarla g\u00f6r\u00fc\u015fl\u0259r\u0259 gedir\u0259m. \u00d6z h\u0259rb t\u0259cr\u00fcb\u0259md\u0259n onlara dan\u0131\u015f\u0131ram\u201d.<\/p>\n<p>YAP \u00fczv\u00fc Rafiq M\u0259mm\u0259dh\u0259s\u0259nov is\u0259 suala q\u0259z\u0259bl\u0259n\u0259r\u0259k cavab verib:<\/p>\n<p>\u201cS\u0259nin n\u0259yin\u0259 laz\u0131md\u0131r m\u0259nim bundan sonrak\u0131 i\u015f f\u0259aliyy\u0259tim?! Bu bar\u0259d\u0259 m\u0259n\u0259 sual verm\u0259yin!\u201d<\/p>\n<p>YAP \u00fczv\u00fc Dilar\u0259 C\u0259bray\u0131lova is\u0259 pedaqoji f\u0259aliyy\u0259tini davam etdir\u0259c\u0259yini bildirib:<\/p>\n<p>\u201cMilli M\u0259clis m\u0259nim \u00fc\u00e7\u00fcn h\u0259yat m\u0259kt\u0259bi idi. O yolu \u015f\u0259r\u0259fl\u0259 ke\u00e7dim. Yeni Az\u0259rbaycan Partiyas\u0131na minn\u0259tdaram ki, m\u0259nim namiz\u0259dliyimi ir\u0259li s\u00fcrd\u00fc. \u00d6t\u0259n d\u00f6rd\u00a0il \u0259rzind\u0259 Bak\u0131 k\u0259ndl\u0259rind\u0259 insanlar\u0131m\u0131zla \u00fcnsiyy\u0259td\u0259 oldum. H\u0259m\u00e7inin, Bak\u0131 k\u0259ndl\u0259ri aras\u0131nda Milli M\u0259clisd\u0259 t\u0259msil olunan qad\u0131n oldum.<\/p>\n<p>Bu \u00f6z\u00fc tarix\u0259 d\u00fc\u015fm\u00fc\u015f hadis\u0259dir. Bundan sonrak\u0131 f\u0259aliyy\u0259timi tam olaraq q\u0259rarla\u015fd\u0131rmam\u0131\u015fam. Pedaqoji f\u0259aliyy\u0259timi davam etdirir\u0259m. G\u0259ncl\u0259rin v\u0259t\u0259np\u0259rv\u0259r b\u00f6y\u00fcm\u0259sin\u0259 \u00e7al\u0131\u015f\u0131ram. G\u0259l\u0259c\u0259kd\u0259 siyas\u0259td\u0259 olub-olmayaca\u011f\u0131m\u0131 d\u0259qiql\u0259\u015fdirm\u0259mi\u015f\u0259m. Ola bilsin ki, he\u00e7 olmay\u0131m. Sad\u0259c\u0259 \u00e7al\u0131\u015facam ki, \u00f6lk\u0259d\u0259 ged\u0259n prosesl\u0259r\u0259 fikirl\u0259rimi bildirim\u201d.<\/p>\n<p>YAP \u00fczv\u00fc Mirz\u0259can X\u0259lilov is\u0259 xeyriyy\u0259\u00e7ilikl\u0259 m\u0259\u015f\u011ful olaca\u011f\u0131n\u0131 deyib:<\/p>\n<p>\u201cKifay\u0259t q\u0259d\u0259r ya\u015f\u0131m var. 65-i ke\u00e7mi\u015f\u0259m. \u00d6t\u0259n ill\u0259r \u0259rzind\u0259 m\u0259n\u0259 etimad g\u00f6st\u0259rilib. D\u00f6vl\u0259tim m\u0259ni \u0259n ali m\u00fckafatla qiym\u0259tl\u0259ndirib. H\u0259r \u015fey qabaqdad\u0131r. G\u00fcc\u00fcm \u00e7atd\u0131\u011f\u0131 q\u0259d\u0259r g\u0259ncl\u0259r\u0259 d\u0259st\u0259k olma\u011fa \u00e7al\u0131\u015facam.<\/p>\n<p>Deputat olmasam da, insanlarla \u00fcnsiyy\u0259tim h\u0259mi\u015f\u0259 yax\u015f\u0131 olub v\u0259 bu davam ed\u0259c\u0259k. Bildiyiniz kimi, m\u0259n ill\u0259rdir ki, xeyriyy\u0259\u00e7ilikl\u0259 m\u0259\u015f\u011fulam. Bu i\u015fimi bundan sonra daha \u00e7ox davam etdir\u0259c\u0259m\u201d.<\/p>\n","protected":false},"excerpt":{"rendered":"<p>Be\u015finci \u00e7a\u011f\u0131r\u0131\u015f Milli M\u0259clisd\u0259 t\u0259msil olunan 31 deputat n\u00f6vb\u0259d\u0259nk\u0259nar parlament se\u00e7kil\u0259rind\u0259 i\u015ftirak etmir. Modern.az h\u0259min deputatlardan bir ne\u00e7\u0259si il\u0259 \u0259laq\u0259 saxlayaraq, onlar\u0131n bundan sonra n\u0259 i\u015fl\u0259 m\u0259\u015f\u011ful olacaqlar\u0131n\u0131 soru\u015fub. Be\u015finci \u00e7a\u011f\u0131r\u0131\u015f Milli M\u0259clisin bit\u0259r\u0259f deputat\u0131 olmu\u015f \u018flia\u011fa H\u00fcseynov ba\u015f\u0131n\u0131 a\u015fa\u011f\u0131 sal\u0131b h\u0259yat\u0131n\u0131 ya\u015fayaca\u011f\u0131n\u0131 deyib: \u201cM\u0259n t\u0259qa\u00fcd\u00e7\u00fc adamam. Bundan sonra n\u0259 i\u015f g\u00f6r\u0259 bil\u0259r\u0259m ki?! 74 ya\u015f\u0131m var. Ba\u015f\u0131m\u0131 a\u015fa\u011f\u0131 sal\u0131b h\u0259yat\u0131m\u0131 ya\u015fay\u0131ram. \u0130mkan daxilind\u0259 \u0259sg\u0259rl\u0259rl\u0259 g\u00f6r\u00fc\u015fl\u0259r\u0259 d\u0259v\u0259t edirl\u0259r. M\u0259n d\u0259 onlarla g\u00f6r\u00fc\u015fl\u0259r\u0259 gedir\u0259m. \u00d6z h\u0259rb t\u0259cr\u00fcb\u0259md\u0259n onlara dan\u0131\u015f\u0131ram\u201d. YAP \u00fczv\u00fc Rafiq M\u0259mm\u0259dh\u0259s\u0259nov is\u0259 suala q\u0259z\u0259bl\u0259n\u0259r\u0259k cavab verib: \u201cS\u0259nin n\u0259yin\u0259 laz\u0131md\u0131r&hellip;<\/p>\n","protected":false},"author":2,"featured_media":124876,"comment_status":"closed","ping_status":"closed","sticky":false,"template":"","format":"standard","meta":{"om_disable_all_campaigns":false,"_monsterinsights_skip_tracking":false,"_monsterinsights_sitenote_active":false,"_monsterinsights_sitenote_note":"","_monsterinsights_sitenote_category":0},"categories":[1],"tags":[],"aioseo_notices":[],"gutentor_comment":0,"rttpg_featured_image_url":{"full":["https:\/\/arantv.az\/wp-content\/uploads\/2020\/01\/FotoJet__1_-removebg-preview.jpg",617,405,false],"landscape":["https:\/\/arantv.az\/wp-content\/uploads\/2020\/01\/FotoJet__1_-removebg-preview.jpg",617,405,false],"portraits":["https:\/\/arantv.az\/wp-content\/uploads\/2020\/01\/FotoJet__1_-removebg-preview.jpg",617,405,false],"thumbnail":["https:\/\/arantv.az\/wp-content\/uploads\/2020\/01\/FotoJet__1_-removebg-preview-150x150.jpg",150,150,true],"medium":["https:\/\/arantv.az\/wp-content\/uploads\/2020\/01\/FotoJet__1_-removebg-preview-300x197.jpg",300,197,true],"large":["https:\/\/arantv.az\/wp-content\/uploads\/2020\/01\/FotoJet__1_-removebg-preview.jpg",617,405,false],"1536x1536":["https:\/\/arantv.az\/wp-content\/uploads\/2020\/01\/FotoJet__1_-removebg-preview.jpg",617,405,false],"2048x2048":["https:\/\/arantv.az\/wp-content\/uploads\/2020\/01\/FotoJet__1_-removebg-preview.jpg",617,405,false],"post-thumbnail":["https:\/\/arantv.az\/wp-content\/uploads\/2020\/01\/FotoJet__1_-removebg-preview-240x172.jpg",240,172,true],"advps-thumb-one":["https:\/\/arantv.az\/wp-content\/uploads\/2020\/01\/FotoJet__1_-removebg-preview.jpg",617,405,false]},"rttpg_author":{"display_name":"V\u00fcsal Rafiqo\u011flu","author_link":"https:\/\/arantv.az\/?author=2"},"rttpg_comment":0,"rttpg_category":"<a href=\"https:\/\/arantv.az\/?cat=1\" rel=\"category\">C\u0259miyy\u0259t<\/a>","rttpg_excerpt":"Be\u015finci \u00e7a\u011f\u0131r\u0131\u015f Milli M\u0259clisd\u0259 t\u0259msil olunan 31 deputat n\u00f6vb\u0259d\u0259nk\u0259nar parlament se\u00e7kil\u0259rind\u0259 i\u015ftirak etmir. Modern.az h\u0259min deputatlardan bir ne\u00e7\u0259si il\u0259 \u0259laq\u0259 saxlayaraq, onlar\u0131n bundan sonra n\u0259 i\u015fl\u0259 m\u0259\u015f\u011ful olacaqlar\u0131n\u0131 soru\u015fub. Be\u015finci \u00e7a\u011f\u0131r\u0131\u015f Milli M\u0259clisin bit\u0259r\u0259f deputat\u0131 olmu\u015f \u018flia\u011fa H\u00fcseynov ba\u015f\u0131n\u0131 a\u015fa\u011f\u0131 sal\u0131b h\u0259yat\u0131n\u0131 ya\u015fayaca\u011f\u0131n\u0131 deyib: \u201cM\u0259n t\u0259qa\u00fcd\u00e7\u00fc adamam. Bundan sonra n\u0259 i\u015f g\u00f6r\u0259 bil\u0259r\u0259m ki?! 74&hellip;","_links":{"self":[{"href":"https:\/\/arantv.az\/index.php?rest_route=\/wp\/v2\/posts\/124875"}],"collection":[{"href":"https:\/\/arantv.az\/index.php?rest_route=\/wp\/v2\/posts"}],"about":[{"href":"https:\/\/arantv.az\/index.php?rest_route=\/wp\/v2\/types\/post"}],"author":[{"embeddable":true,"href":"https:\/\/arantv.az\/index.php?rest_route=\/wp\/v2\/users\/2"}],"replies":[{"embeddable":true,"href":"https:\/\/arantv.az\/index.php?rest_route=%2Fwp%2Fv2%2Fcomments&post=124875"}],"version-history":[{"count":0,"href":"https:\/\/arantv.az\/index.php?rest_route=\/wp\/v2\/posts\/124875\/revisions"}],"wp:featuredmedia":[{"embeddable":true,"href":"https:\/\/arantv.az\/index.php?rest_route=\/wp\/v2\/media\/124876"}],"wp:attachment":[{"href":"https:\/\/arantv.az\/index.php?rest_route=%2Fwp%2Fv2%2Fmedia&parent=124875"}],"wp:term":[{"taxonomy":"category","embeddable":true,"href":"https:\/\/arantv.az\/index.php?rest_route=%2Fwp%2Fv2%2Fcategories&post=124875"},{"taxonomy":"post_tag","embeddable":true,"href":"https:\/\/arantv.az\/index.php?rest_route=%2Fwp%2Fv2%2Ftags&post=124875"}],"curies":[{"name":"wp","href":"https:\/\/api.w.org\/{rel}","templated":true}]}}