{"id":124916,"date":"2020-01-30T14:15:40","date_gmt":"2020-01-30T11:15:40","guid":{"rendered":"http:\/\/arantv.az\/?p=124916"},"modified":"2020-01-30T14:15:40","modified_gmt":"2020-01-30T11:15:40","slug":"az%c9%99rbaycan-aspa-da-rusiya-numay%c9%99nd%c9%99-hey%c9%99tinin-huquqlari-b%c9%99rpa-edilm%c9%99sin%c9%99-s%c9%99s-verdi","status":"publish","type":"post","link":"https:\/\/arantv.az\/?p=124916","title":{"rendered":"Az\u0259rbaycan A\u015ePA-da Rusiya n\u00fcmay\u0259nd\u0259 hey\u0259tinin h\u00fcquqlar\u0131 b\u0259rpa edilm\u0259sin\u0259 s\u0259s verdi"},"content":{"rendered":"<p>Avropa \u015euras\u0131n\u0131n Parlament Assambleyas\u0131nda t\u0259msil olunan milli n\u00fcmay\u0259nd\u0259 hey\u0259tl\u0259rinin yar\u0131dan \u00e7oxu Rusiya n\u00fcmay\u0259nd\u0259 hey\u0259tinin qurumda s\u0259lahiyy\u0259tl\u0259rinin b\u0259rpa edilm\u0259sin\u0259 s\u0259s verib.<\/p>\n<p>TASS agentliyi x\u0259b\u0259r verir ki, bu bar\u0259d\u0259 A\u015ePA-n\u0131n r\u0259smi sayt\u0131nda m\u0259lumat\u00a0d\u0259rc edilib.<\/p>\n<p>Bel\u0259likl\u0259, 33 n\u00fcmay\u0259nd\u0259 hey\u0259tind\u0259n 18-i Rusiya Federasiyas\u0131ndan olan h\u0259mkarlar\u0131na d\u0259st\u0259k veribl\u0259r. Bu \u00f6lk\u0259l\u0259rin ard\u0131c\u0131ll\u0131\u011f\u0131n\u0131 t\u0259qdim edirik: Almaniya, \u0130taliya, Avstriya, \u0130sve\u00e7r\u0259, Kipr, Finlandiya, Fransa, \u0130slandiya, L\u00fcksemburq, Norve\u00e7, Serbiya, Az\u0259rbaycan, Erm\u0259nistand\u0131r.<\/p>\n<p>San-Marino, Yunan\u0131stan, Monako, Andorra v\u0259 Bel\u00e7ikadan olan n\u00fcmay\u0259nd\u0259 h\u0259y\u0259ti d\u0259 yuxar\u0131da ad\u0131\u00e7\u0259kil\u0259n \u00f6lk\u0259l\u0259rin parlament \u00fczvl\u0259ri il\u0259 h\u0259mr\u0259ylik n\u00fcmayi\u015f etdiribl\u0259r.<\/p>\n<p>\u00c7exiya, \u0130spaniya, Moldova, Hollandiya, Slovakiya v\u0259 B\u00f6y\u00fck Britaniya n\u00fcmay\u0259nd\u0259 hey\u0259tl\u0259rinin fikirl\u0259ri is\u0259 ha\u00e7alan\u0131b. T\u00fcrkiy\u0259d\u0259n olan \u0259ks\u0259r deputatlar rusiyal\u0131 parlamentaril\u0259rin qurumda s\u0259lahiyy\u0259tl\u0259rinin b\u0259rpa edilm\u0259sin\u0259 s\u0259s veribl\u0259r.<\/p>\n<p>B\u00fct\u00f6vl\u00fckd\u0259 Rusiya n\u00fcmay\u0259nd\u0259 hey\u0259tinin s\u0259lahiyy\u0259tl\u0259rinin b\u0259rpa edilm\u0259sin\u0259 96 deputat d\u0259st\u0259k olub, 44 n\u0259f\u0259r \u0259leyhin\u0259, yeddi n\u00fcmay\u0259nd\u0259 is\u0259 s\u0259sverm\u0259d\u0259 i\u015ftirak etm\u0259yib.<\/p>\n","protected":false},"excerpt":{"rendered":"<p>Avropa \u015euras\u0131n\u0131n Parlament Assambleyas\u0131nda t\u0259msil olunan milli n\u00fcmay\u0259nd\u0259 hey\u0259tl\u0259rinin yar\u0131dan \u00e7oxu Rusiya n\u00fcmay\u0259nd\u0259 hey\u0259tinin qurumda s\u0259lahiyy\u0259tl\u0259rinin b\u0259rpa edilm\u0259sin\u0259 s\u0259s verib. TASS agentliyi x\u0259b\u0259r verir ki, bu bar\u0259d\u0259 A\u015ePA-n\u0131n r\u0259smi sayt\u0131nda m\u0259lumat\u00a0d\u0259rc edilib. Bel\u0259likl\u0259, 33 n\u00fcmay\u0259nd\u0259 hey\u0259tind\u0259n 18-i Rusiya Federasiyas\u0131ndan olan h\u0259mkarlar\u0131na d\u0259st\u0259k veribl\u0259r. Bu \u00f6lk\u0259l\u0259rin ard\u0131c\u0131ll\u0131\u011f\u0131n\u0131 t\u0259qdim edirik: Almaniya, \u0130taliya, Avstriya, \u0130sve\u00e7r\u0259, Kipr, Finlandiya, Fransa, \u0130slandiya, L\u00fcksemburq, Norve\u00e7, Serbiya, Az\u0259rbaycan, Erm\u0259nistand\u0131r. San-Marino, Yunan\u0131stan, Monako, Andorra v\u0259 Bel\u00e7ikadan olan n\u00fcmay\u0259nd\u0259 h\u0259y\u0259ti d\u0259 yuxar\u0131da ad\u0131\u00e7\u0259kil\u0259n \u00f6lk\u0259l\u0259rin parlament \u00fczvl\u0259ri il\u0259 h\u0259mr\u0259ylik n\u00fcmayi\u015f etdiribl\u0259r. \u00c7exiya, \u0130spaniya, Moldova, Hollandiya, Slovakiya v\u0259 B\u00f6y\u00fck Britaniya n\u00fcmay\u0259nd\u0259 hey\u0259tl\u0259rinin&hellip;<\/p>\n","protected":false},"author":2,"featured_media":124917,"comment_status":"closed","ping_status":"closed","sticky":false,"template":"","format":"standard","meta":{"om_disable_all_campaigns":false,"_monsterinsights_skip_tracking":false,"_monsterinsights_sitenote_active":false,"_monsterinsights_sitenote_note":"","_monsterinsights_sitenote_category":0},"categories":[4],"tags":[],"aioseo_notices":[],"gutentor_comment":0,"rttpg_featured_image_url":{"full":["https:\/\/arantv.az\/wp-content\/uploads\/2020\/01\/1580311516_original.jpg",620,412,false],"landscape":["https:\/\/arantv.az\/wp-content\/uploads\/2020\/01\/1580311516_original.jpg",620,412,false],"portraits":["https:\/\/arantv.az\/wp-content\/uploads\/2020\/01\/1580311516_original.jpg",620,412,false],"thumbnail":["https:\/\/arantv.az\/wp-content\/uploads\/2020\/01\/1580311516_original-150x150.jpg",150,150,true],"medium":["https:\/\/arantv.az\/wp-content\/uploads\/2020\/01\/1580311516_original-300x199.jpg",300,199,true],"large":["https:\/\/arantv.az\/wp-content\/uploads\/2020\/01\/1580311516_original.jpg",620,412,false],"1536x1536":["https:\/\/arantv.az\/wp-content\/uploads\/2020\/01\/1580311516_original.jpg",620,412,false],"2048x2048":["https:\/\/arantv.az\/wp-content\/uploads\/2020\/01\/1580311516_original.jpg",620,412,false],"post-thumbnail":["https:\/\/arantv.az\/wp-content\/uploads\/2020\/01\/1580311516_original-240x172.jpg",240,172,true],"advps-thumb-one":["https:\/\/arantv.az\/wp-content\/uploads\/2020\/01\/1580311516_original.jpg",620,412,false]},"rttpg_author":{"display_name":"V\u00fcsal Rafiqo\u011flu","author_link":"https:\/\/arantv.az\/?author=2"},"rttpg_comment":0,"rttpg_category":"<a href=\"https:\/\/arantv.az\/?cat=4\" rel=\"category\">Siyas\u0259t<\/a>","rttpg_excerpt":"Avropa \u015euras\u0131n\u0131n Parlament Assambleyas\u0131nda t\u0259msil olunan milli n\u00fcmay\u0259nd\u0259 hey\u0259tl\u0259rinin yar\u0131dan \u00e7oxu Rusiya n\u00fcmay\u0259nd\u0259 hey\u0259tinin qurumda s\u0259lahiyy\u0259tl\u0259rinin b\u0259rpa edilm\u0259sin\u0259 s\u0259s verib. TASS agentliyi x\u0259b\u0259r verir ki, bu bar\u0259d\u0259 A\u015ePA-n\u0131n r\u0259smi sayt\u0131nda m\u0259lumat\u00a0d\u0259rc edilib. Bel\u0259likl\u0259, 33 n\u00fcmay\u0259nd\u0259 hey\u0259tind\u0259n 18-i Rusiya Federasiyas\u0131ndan olan h\u0259mkarlar\u0131na d\u0259st\u0259k veribl\u0259r. Bu \u00f6lk\u0259l\u0259rin ard\u0131c\u0131ll\u0131\u011f\u0131n\u0131 t\u0259qdim edirik: Almaniya, \u0130taliya, Avstriya, \u0130sve\u00e7r\u0259, Kipr, Finlandiya, Fransa,&hellip;","_links":{"self":[{"href":"https:\/\/arantv.az\/index.php?rest_route=\/wp\/v2\/posts\/124916"}],"collection":[{"href":"https:\/\/arantv.az\/index.php?rest_route=\/wp\/v2\/posts"}],"about":[{"href":"https:\/\/arantv.az\/index.php?rest_route=\/wp\/v2\/types\/post"}],"author":[{"embeddable":true,"href":"https:\/\/arantv.az\/index.php?rest_route=\/wp\/v2\/users\/2"}],"replies":[{"embeddable":true,"href":"https:\/\/arantv.az\/index.php?rest_route=%2Fwp%2Fv2%2Fcomments&post=124916"}],"version-history":[{"count":0,"href":"https:\/\/arantv.az\/index.php?rest_route=\/wp\/v2\/posts\/124916\/revisions"}],"wp:featuredmedia":[{"embeddable":true,"href":"https:\/\/arantv.az\/index.php?rest_route=\/wp\/v2\/media\/124917"}],"wp:attachment":[{"href":"https:\/\/arantv.az\/index.php?rest_route=%2Fwp%2Fv2%2Fmedia&parent=124916"}],"wp:term":[{"taxonomy":"category","embeddable":true,"href":"https:\/\/arantv.az\/index.php?rest_route=%2Fwp%2Fv2%2Fcategories&post=124916"},{"taxonomy":"post_tag","embeddable":true,"href":"https:\/\/arantv.az\/index.php?rest_route=%2Fwp%2Fv2%2Ftags&post=124916"}],"curies":[{"name":"wp","href":"https:\/\/api.w.org\/{rel}","templated":true}]}}