{"id":124920,"date":"2020-01-30T14:17:11","date_gmt":"2020-01-30T11:17:11","guid":{"rendered":"http:\/\/arantv.az\/?p=124920"},"modified":"2020-01-30T14:17:11","modified_gmt":"2020-01-30T11:17:11","slug":"iki-n%c9%99v%c9%99sini-oldurub-intihar-ed%c9%99n-qadin-o-h%c9%99ft%c9%99sonlari-sumqayitdaki-dig%c9%99r-ovladinin-yanina-gedib","status":"publish","type":"post","link":"https:\/\/arantv.az\/?p=124920","title":{"rendered":"\u0130ki n\u0259v\u0259sini \u00f6ld\u00fcr\u00fcb intihar ed\u0259n qad\u0131n: O, h\u0259ft\u0259sonlar\u0131 Sumqay\u0131tdak\u0131 dig\u0259r \u00f6vlad\u0131n\u0131n yan\u0131na gedib&#8230;"},"content":{"rendered":"<p>D\u00fcn\u0259n ax\u015fam saatlar\u0131nda Bak\u0131da ba\u015f ver\u0259n d\u0259h\u015f\u0259tli hadis\u0259 bu g\u00fcn \u00f6lk\u0259 g\u00fcnd\u0259mind\u0259 m\u00fczakir\u0259 olunur. Bel\u0259 ki, 57 ya\u015fl\u0131 n\u0259n\u0259 Nina Allahverdiyeva n\u0259v\u0259l\u0259ri &#8211; alt\u0131 ya\u015fl\u0131 Alsu v\u0259 iki ya\u015fl\u0131 Marat\u0131 bo\u011faraq \u00f6ld\u00fcr\u00fcb, sonra is\u0259 \u00f6z\u00fcn\u00fc asaraq intihar edib.<\/p>\n<p>Qafqazinfo-nun \u0259m\u0259kda\u015flar\u0131 bu g\u00fcn hadis\u0259 ba\u015f ver\u0259n \u0259razid\u0259 olublar.<\/p>\n<p>Nizami rayonu, R\u00fcst\u0259m R\u00fcst\u0259mov k\u00fc\u00e7\u0259sind\u0259 yerl\u0259\u015f\u0259n binan\u0131n h\u0259y\u0259tind\u0259 tam sakitlik idi. Qon\u015fular, h\u0259r k\u0259s d\u00fcn\u0259nki kimi \u00f6z i\u015find\u0259 idi. H\u0259y\u0259td\u0259 h\u0259r hans\u0131 ma\u011far v\u0259 ya m\u0259clis qurulmay\u0131b.<\/p>\n<p>&nbsp;<\/p>\n<p>Bu faci\u0259vi hadis\u0259nin yas m\u0259clisinin x\u0259rcl\u0259rini rayonun ba\u015f\u00e7\u0131s\u0131 Arif Qas\u0131movun tap\u015f\u0131r\u0131\u011f\u0131 il\u0259 icra hakimiyy\u0259ti \u00f6z \u00fcz\u0259rin\u0259 g\u00f6t\u00fcr\u00fcb. Haz\u0131rda meyitl\u0259r morqda oldu\u011fu \u00fc\u00e7\u00fcn u\u015faqlar\u0131n atas\u0131 Vadim d\u0259 oradad\u0131r. Onunla raz\u0131la\u015fd\u0131r\u0131ld\u0131qdan sonra ya binan\u0131n h\u0259y\u0259tind\u0259 ma\u011far qurulacaq, ya da \u0259razid\u0259ki m\u0259rasim evl\u0259rinin birind\u0259 yas m\u0259clisi t\u0259\u015fkil olunacaq.<\/p>\n<p>D\u00fcn\u0259n is\u0259 Vadim s\u0259h\u0259r saat 11-d\u0259 u\u015faqlar\u0131 evd\u0259 n\u0259n\u0259si il\u0259 qoyaraq i\u015f\u0259 gedib v\u0259 ax\u015fam\u00fcst\u00fc saat 17 rad\u0259l\u0259rind\u0259 ev\u0259 g\u0259lib. Lakin qap\u0131n\u0131n ba\u011fl\u0131 oldu\u011funu v\u0259 n\u0259n\u0259nin qap\u0131n\u0131 a\u00e7mad\u0131\u011f\u0131n\u0131 g\u00f6r\u0259r\u0259k, a\u00e7ar yerini s\u0131nd\u0131r\u0131b v\u0259 i\u00e7\u0259ri daxil olub. Haz\u0131rda da qap\u0131 h\u0259min v\u0259ziyy\u0259td\u0259 qal\u0131r.<\/p>\n<p>U\u015faqlar\u0131n anas\u0131, 35 ya\u015fl\u0131 Allahverdiyeva-Pikulo Liliya Tofiq q\u0131z\u0131 is\u0259 h\u0259min vaxt orada olmay\u0131b.<\/p>\n<p><img src=\"https:\/\/assets.oxu.az\/uploads\/W1siZiIsIjIwMjAvMDEvMzAvMTQvMjcvMzgvZTkyM2RhNDctZTQ0NS00YTk2LTlkZDEtMDhiYTM3NGVjZDZiLzMuanBnIl0sWyJwIiwiZW5jb2RlIiwianBnIiwiLXF1YWxpdHkgODAiXSxbInAiLCJ0aHVtYiIsIjU5MHg1OTBcdTAwM2UiXV0?sha=c220e9c7c215522f\" alt=\"\" \/><\/p>\n<p>Liliya h\u0259yat yolda\u015f\u0131 Vadiml\u0259 2012-ci ild\u0259 ail\u0259 h\u0259yat\u0131 qurub. Qon\u015fularla s\u00f6hb\u0259td\u0259 o da m\u0259lum olub ki, ail\u0259 6-7 ay \u00f6nc\u0259 binadan ev alaraq t\u0259mir etdirib v\u0259 bura k\u00f6\u00e7\u00fcb.<\/p>\n<p>N\u0259n\u0259 Nina h\u0259r g\u00fcn u\u015faqlar\u0131 h\u0259y\u0259t\u0259 d\u00fc\u015f\u00fcr\u00fcb g\u0259zdirirmi\u015f. \u00dcmumilikd\u0259, ail\u0259 \u00fczvl\u0259ri m\u0259d\u0259ni v\u0259 sakit insanlar olublar. Onlar n\u0259n\u0259nin h\u0259r\u0259k\u0259tl\u0259rind\u0259 h\u0259r hans\u0131 \u0259s\u0259bilik, psixoloji problem hiss etm\u0259yibl\u0259r. O, h\u0259ft\u0259sonlar\u0131 Sumqay\u0131tdak\u0131 dig\u0259r \u00f6vlad\u0131n\u0131n yan\u0131na gedib, orada qal\u0131rm\u0131\u015f.<\/p>\n<p>H\u0259ft\u0259i\u00e7i is\u0259 valideynl\u0259r i\u015f\u0259 getdiyi \u00fc\u00e7\u00fcn g\u0259lib q\u0131z\u0131 Liliyan\u0131n u\u015faqlar\u0131na bax\u0131rm\u0131\u015f. Ail\u0259 bundan \u00f6nc\u0259 d\u0259 Sumqay\u0131tda ya\u015fay\u0131b. Onlar metis etnik qrupuna aiddirl\u0259r. Rus \u0259silli n\u0259n\u0259 Nina Allahverdiyevan\u0131n \u0259ri Tofiq az\u0259rbaycanl\u0131 olub.<\/p>\n<p>Qon\u015fular is\u0259 h\u0259l\u0259 d\u0259 n\u0259n\u0259nin bel\u0259 bir hadis\u0259ni t\u00f6r\u0259d\u0259c\u0259yin\u0259 inanmad\u0131qlar\u0131n\u0131, bu i\u015fd\u0259 \u00fc\u00e7\u00fcnc\u00fc bir \u015f\u0259xs t\u0259r\u0259find\u0259n cinay\u0259t \u0259m\u0259linin ola bil\u0259c\u0259yini ehtimal edirl\u0259r.<\/p>\n<p>Pikulo ail\u0259si binan\u0131n ikinci m\u0259rt\u0259b\u0259sind\u0259 ya\u015fay\u0131b, onlar\u0131n m\u0259nzilinin \u00fcst\u00fcnd\u0259ki evin p\u0259nc\u0259r\u0259sind\u0259 blokun giri\u015fini \u00e7\u0259k\u0259n kamera qura\u015fd\u0131r\u0131l\u0131b. B\u00fct\u00fcn bunlar\u0131 is\u0259 istintaq ara\u015fd\u0131r\u0131b, f\u0259rziyy\u0259 v\u0259 \u015f\u00fcbh\u0259l\u0259r\u0259 son qoyacaq n\u0259tic\u0259ni ictimaiyy\u0259t\u0259 a\u00e7\u0131qlayacaq.<\/p>\n<p><img src=\"https:\/\/assets.oxu.az\/uploads\/W1siZiIsIjIwMjAvMDEvMzAvMTQvMjcvMzkvNzNlOWM4YTUtYWNjYi00ZDI5LTk1MTMtM2E3YWI5MThlNTk0LzQucG5nIl0sWyJwIiwiZW5jb2RlIiwianBnIiwiLXF1YWxpdHkgODAiXSxbInAiLCJ0aHVtYiIsIjU5MHg1OTBcdTAwM2UiXV0?sha=9ea863817ca658d4\" alt=\"\" \/><\/p>\n","protected":false},"excerpt":{"rendered":"<p>D\u00fcn\u0259n ax\u015fam saatlar\u0131nda Bak\u0131da ba\u015f ver\u0259n d\u0259h\u015f\u0259tli hadis\u0259 bu g\u00fcn \u00f6lk\u0259 g\u00fcnd\u0259mind\u0259 m\u00fczakir\u0259 olunur. Bel\u0259 ki, 57 ya\u015fl\u0131 n\u0259n\u0259 Nina Allahverdiyeva n\u0259v\u0259l\u0259ri &#8211; alt\u0131 ya\u015fl\u0131 Alsu v\u0259 iki ya\u015fl\u0131 Marat\u0131 bo\u011faraq \u00f6ld\u00fcr\u00fcb, sonra is\u0259 \u00f6z\u00fcn\u00fc asaraq intihar edib. Qafqazinfo-nun \u0259m\u0259kda\u015flar\u0131 bu g\u00fcn hadis\u0259 ba\u015f ver\u0259n \u0259razid\u0259 olublar. Nizami rayonu, R\u00fcst\u0259m R\u00fcst\u0259mov k\u00fc\u00e7\u0259sind\u0259 yerl\u0259\u015f\u0259n binan\u0131n h\u0259y\u0259tind\u0259 tam sakitlik idi. Qon\u015fular, h\u0259r k\u0259s d\u00fcn\u0259nki kimi \u00f6z i\u015find\u0259 idi. H\u0259y\u0259td\u0259 h\u0259r hans\u0131 ma\u011far v\u0259 ya m\u0259clis qurulmay\u0131b. &nbsp; Bu faci\u0259vi hadis\u0259nin yas m\u0259clisinin x\u0259rcl\u0259rini rayonun ba\u015f\u00e7\u0131s\u0131 Arif Qas\u0131movun tap\u015f\u0131r\u0131\u011f\u0131 il\u0259 icra hakimiyy\u0259ti \u00f6z&hellip;<\/p>\n","protected":false},"author":2,"featured_media":124921,"comment_status":"closed","ping_status":"closed","sticky":false,"template":"","format":"standard","meta":{"om_disable_all_campaigns":false,"_monsterinsights_skip_tracking":false,"_monsterinsights_sitenote_active":false,"_monsterinsights_sitenote_note":"","_monsterinsights_sitenote_category":0},"categories":[5],"tags":[],"aioseo_notices":[],"gutentor_comment":0,"rttpg_featured_image_url":{"full":["https:\/\/arantv.az\/wp-content\/uploads\/2020\/01\/l2-1.jpg",620,389,false],"landscape":["https:\/\/arantv.az\/wp-content\/uploads\/2020\/01\/l2-1.jpg",620,389,false],"portraits":["https:\/\/arantv.az\/wp-content\/uploads\/2020\/01\/l2-1.jpg",620,389,false],"thumbnail":["https:\/\/arantv.az\/wp-content\/uploads\/2020\/01\/l2-1-150x150.jpg",150,150,true],"medium":["https:\/\/arantv.az\/wp-content\/uploads\/2020\/01\/l2-1-300x188.jpg",300,188,true],"large":["https:\/\/arantv.az\/wp-content\/uploads\/2020\/01\/l2-1.jpg",620,389,false],"1536x1536":["https:\/\/arantv.az\/wp-content\/uploads\/2020\/01\/l2-1.jpg",620,389,false],"2048x2048":["https:\/\/arantv.az\/wp-content\/uploads\/2020\/01\/l2-1.jpg",620,389,false],"post-thumbnail":["https:\/\/arantv.az\/wp-content\/uploads\/2020\/01\/l2-1-240x172.jpg",240,172,true],"advps-thumb-one":["https:\/\/arantv.az\/wp-content\/uploads\/2020\/01\/l2-1.jpg",620,389,false]},"rttpg_author":{"display_name":"V\u00fcsal Rafiqo\u011flu","author_link":"https:\/\/arantv.az\/?author=2"},"rttpg_comment":0,"rttpg_category":"<a href=\"https:\/\/arantv.az\/?cat=5\" rel=\"category\">Hadis\u0259<\/a>","rttpg_excerpt":"D\u00fcn\u0259n ax\u015fam saatlar\u0131nda Bak\u0131da ba\u015f ver\u0259n d\u0259h\u015f\u0259tli hadis\u0259 bu g\u00fcn \u00f6lk\u0259 g\u00fcnd\u0259mind\u0259 m\u00fczakir\u0259 olunur. Bel\u0259 ki, 57 ya\u015fl\u0131 n\u0259n\u0259 Nina Allahverdiyeva n\u0259v\u0259l\u0259ri &#8211; alt\u0131 ya\u015fl\u0131 Alsu v\u0259 iki ya\u015fl\u0131 Marat\u0131 bo\u011faraq \u00f6ld\u00fcr\u00fcb, sonra is\u0259 \u00f6z\u00fcn\u00fc asaraq intihar edib. Qafqazinfo-nun \u0259m\u0259kda\u015flar\u0131 bu g\u00fcn hadis\u0259 ba\u015f ver\u0259n \u0259razid\u0259 olublar. Nizami rayonu, R\u00fcst\u0259m R\u00fcst\u0259mov k\u00fc\u00e7\u0259sind\u0259 yerl\u0259\u015f\u0259n binan\u0131n h\u0259y\u0259tind\u0259&hellip;","_links":{"self":[{"href":"https:\/\/arantv.az\/index.php?rest_route=\/wp\/v2\/posts\/124920"}],"collection":[{"href":"https:\/\/arantv.az\/index.php?rest_route=\/wp\/v2\/posts"}],"about":[{"href":"https:\/\/arantv.az\/index.php?rest_route=\/wp\/v2\/types\/post"}],"author":[{"embeddable":true,"href":"https:\/\/arantv.az\/index.php?rest_route=\/wp\/v2\/users\/2"}],"replies":[{"embeddable":true,"href":"https:\/\/arantv.az\/index.php?rest_route=%2Fwp%2Fv2%2Fcomments&post=124920"}],"version-history":[{"count":0,"href":"https:\/\/arantv.az\/index.php?rest_route=\/wp\/v2\/posts\/124920\/revisions"}],"wp:featuredmedia":[{"embeddable":true,"href":"https:\/\/arantv.az\/index.php?rest_route=\/wp\/v2\/media\/124921"}],"wp:attachment":[{"href":"https:\/\/arantv.az\/index.php?rest_route=%2Fwp%2Fv2%2Fmedia&parent=124920"}],"wp:term":[{"taxonomy":"category","embeddable":true,"href":"https:\/\/arantv.az\/index.php?rest_route=%2Fwp%2Fv2%2Fcategories&post=124920"},{"taxonomy":"post_tag","embeddable":true,"href":"https:\/\/arantv.az\/index.php?rest_route=%2Fwp%2Fv2%2Ftags&post=124920"}],"curies":[{"name":"wp","href":"https:\/\/api.w.org\/{rel}","templated":true}]}}