{"id":124932,"date":"2020-01-30T14:20:39","date_gmt":"2020-01-30T11:20:39","guid":{"rendered":"http:\/\/arantv.az\/?p=124932"},"modified":"2020-01-30T14:20:39","modified_gmt":"2020-01-30T11:20:39","slug":"rusiya-prezidenti-mixail-qusmani-iii-d%c9%99r%c9%99c%c9%99li-v%c9%99t%c9%99n-qarsisinda-xidm%c9%99tl%c9%99r%c9%99-gor%c9%99-ordeni-il%c9%99-t%c9%99ltif-edib","status":"publish","type":"post","link":"https:\/\/arantv.az\/?p=124932","title":{"rendered":"Rusiya prezidenti Mixail Qusman\u0131 III d\u0259r\u0259c\u0259li &#8220;V\u0259t\u0259n qar\u015f\u0131s\u0131nda xidm\u0259tl\u0259r\u0259 g\u00f6r\u0259&#8221; ordeni il\u0259 t\u0259ltif edib"},"content":{"rendered":"<p>Rusiya prezidenti Vladimir Putin bu g\u00fcn \u0130TAR-TASS-\u0131n ba\u015f direktorunun birinci m\u00fcavini Mixail Qusman\u0131 III d\u0259r\u0259c\u0259li &#8220;V\u0259t\u0259n qar\u015f\u0131s\u0131nda xidm\u0259tl\u0259r\u0259 g\u00f6r\u0259&#8221; ordeni il\u0259 t\u0259ltif edilm\u0259si haqda f\u0259rman imzalay\u0131b.<\/p>\n<p><strong>ARANTV.AZ\u00a0<\/strong> bildirir ki, Mixail Qusman yerli k\u00fctl\u0259vi informasiya vasit\u0259l\u0259rl\u0259rinin inki\u015faf\u0131nda\u00a0xidm\u0259tl\u0259r\u0259 v\u0259 \u00e7oxillik m\u0259hsuldar f\u0259aliyy\u0259t\u0259 g\u00f6r\u0259 t\u0259ltif edilib.\u00a0Milli.Az<\/p>\n","protected":false},"excerpt":{"rendered":"<p>Rusiya prezidenti Vladimir Putin bu g\u00fcn \u0130TAR-TASS-\u0131n ba\u015f direktorunun birinci m\u00fcavini Mixail Qusman\u0131 III d\u0259r\u0259c\u0259li &#8220;V\u0259t\u0259n qar\u015f\u0131s\u0131nda xidm\u0259tl\u0259r\u0259 g\u00f6r\u0259&#8221; ordeni il\u0259 t\u0259ltif edilm\u0259si haqda f\u0259rman imzalay\u0131b. ARANTV.AZ\u00a0 bildirir ki, Mixail Qusman yerli k\u00fctl\u0259vi informasiya vasit\u0259l\u0259rl\u0259rinin inki\u015faf\u0131nda\u00a0xidm\u0259tl\u0259r\u0259 v\u0259 \u00e7oxillik m\u0259hsuldar f\u0259aliyy\u0259t\u0259 g\u00f6r\u0259 t\u0259ltif edilib.\u00a0Milli.Az<\/p>\n","protected":false},"author":2,"featured_media":124933,"comment_status":"closed","ping_status":"closed","sticky":false,"template":"","format":"standard","meta":{"om_disable_all_campaigns":false,"_monsterinsights_skip_tracking":false,"_monsterinsights_sitenote_active":false,"_monsterinsights_sitenote_note":"","_monsterinsights_sitenote_category":0},"categories":[19],"tags":[],"aioseo_notices":[],"gutentor_comment":0,"rttpg_featured_image_url":{"full":["https:\/\/arantv.az\/wp-content\/uploads\/2020\/01\/822009.jpg",587,440,false],"landscape":["https:\/\/arantv.az\/wp-content\/uploads\/2020\/01\/822009.jpg",587,440,false],"portraits":["https:\/\/arantv.az\/wp-content\/uploads\/2020\/01\/822009.jpg",587,440,false],"thumbnail":["https:\/\/arantv.az\/wp-content\/uploads\/2020\/01\/822009-150x150.jpg",150,150,true],"medium":["https:\/\/arantv.az\/wp-content\/uploads\/2020\/01\/822009-300x225.jpg",300,225,true],"large":["https:\/\/arantv.az\/wp-content\/uploads\/2020\/01\/822009.jpg",587,440,false],"1536x1536":["https:\/\/arantv.az\/wp-content\/uploads\/2020\/01\/822009.jpg",587,440,false],"2048x2048":["https:\/\/arantv.az\/wp-content\/uploads\/2020\/01\/822009.jpg",587,440,false],"post-thumbnail":["https:\/\/arantv.az\/wp-content\/uploads\/2020\/01\/822009-240x172.jpg",240,172,true],"advps-thumb-one":["https:\/\/arantv.az\/wp-content\/uploads\/2020\/01\/822009.jpg",587,440,false]},"rttpg_author":{"display_name":"V\u00fcsal Rafiqo\u011flu","author_link":"https:\/\/arantv.az\/?author=2"},"rttpg_comment":0,"rttpg_category":"<a href=\"https:\/\/arantv.az\/?cat=19\" rel=\"category\">G\u00fcnd\u0259m<\/a>","rttpg_excerpt":"Rusiya prezidenti Vladimir Putin bu g\u00fcn \u0130TAR-TASS-\u0131n ba\u015f direktorunun birinci m\u00fcavini Mixail Qusman\u0131 III d\u0259r\u0259c\u0259li &#8220;V\u0259t\u0259n qar\u015f\u0131s\u0131nda xidm\u0259tl\u0259r\u0259 g\u00f6r\u0259&#8221; ordeni il\u0259 t\u0259ltif edilm\u0259si haqda f\u0259rman imzalay\u0131b. ARANTV.AZ\u00a0 bildirir ki, Mixail Qusman yerli k\u00fctl\u0259vi informasiya vasit\u0259l\u0259rl\u0259rinin inki\u015faf\u0131nda\u00a0xidm\u0259tl\u0259r\u0259 v\u0259 \u00e7oxillik m\u0259hsuldar f\u0259aliyy\u0259t\u0259 g\u00f6r\u0259 t\u0259ltif edilib.\u00a0Milli.Az","_links":{"self":[{"href":"https:\/\/arantv.az\/index.php?rest_route=\/wp\/v2\/posts\/124932"}],"collection":[{"href":"https:\/\/arantv.az\/index.php?rest_route=\/wp\/v2\/posts"}],"about":[{"href":"https:\/\/arantv.az\/index.php?rest_route=\/wp\/v2\/types\/post"}],"author":[{"embeddable":true,"href":"https:\/\/arantv.az\/index.php?rest_route=\/wp\/v2\/users\/2"}],"replies":[{"embeddable":true,"href":"https:\/\/arantv.az\/index.php?rest_route=%2Fwp%2Fv2%2Fcomments&post=124932"}],"version-history":[{"count":0,"href":"https:\/\/arantv.az\/index.php?rest_route=\/wp\/v2\/posts\/124932\/revisions"}],"wp:featuredmedia":[{"embeddable":true,"href":"https:\/\/arantv.az\/index.php?rest_route=\/wp\/v2\/media\/124933"}],"wp:attachment":[{"href":"https:\/\/arantv.az\/index.php?rest_route=%2Fwp%2Fv2%2Fmedia&parent=124932"}],"wp:term":[{"taxonomy":"category","embeddable":true,"href":"https:\/\/arantv.az\/index.php?rest_route=%2Fwp%2Fv2%2Fcategories&post=124932"},{"taxonomy":"post_tag","embeddable":true,"href":"https:\/\/arantv.az\/index.php?rest_route=%2Fwp%2Fv2%2Ftags&post=124932"}],"curies":[{"name":"wp","href":"https:\/\/api.w.org\/{rel}","templated":true}]}}