{"id":124936,"date":"2020-01-30T14:21:25","date_gmt":"2020-01-30T11:21:25","guid":{"rendered":"http:\/\/arantv.az\/?p=124936"},"modified":"2020-01-30T14:21:25","modified_gmt":"2020-01-30T11:21:25","slug":"turk-dunyasi-olk%c9%99l%c9%99rinin-2020-ci-il-uzr%c9%99-%c9%99sas-istiqam%c9%99tl%c9%99ri-t%c9%99sdiql%c9%99ndi","status":"publish","type":"post","link":"https:\/\/arantv.az\/?p=124936","title":{"rendered":"T\u00fcrk d\u00fcnyas\u0131 \u00f6lk\u0259l\u0259rinin 2020-ci il \u00fczr\u0259 \u0259sas istiqam\u0259tl\u0259ri t\u0259sdiql\u0259ndi"},"content":{"rendered":"<p><strong>Yanvar\u0131n 30-da Bak\u0131da Beyn\u0259lxalq T\u00fcrk Akademiyas\u0131 Elmi \u015euras\u0131n\u0131n III iclas\u0131 ke\u00e7irilib.<\/strong><\/p>\n<p><strong>ARANTV.AZ<\/strong>\u00a0<a href=\"https:\/\/az.trend.az\/\" target=\"_blank\" rel=\"noopener\">Trend<\/a>-\u0259 istinad\u0259n x\u0259b\u0259r verir ki, iclasda Az\u0259rbaycan Milli Elml\u0259r Akademiyas\u0131n\u0131n (AMEA) prezidenti Ramiz Mehdiyev, T\u0259hsil naziri Ceyhun Bayramov, Qazax\u0131stan v\u0259 Q\u0131r\u011f\u0131z\u0131stan\u0131n T\u0259hsil naziri m\u00fcavinl\u0259ri Kanat Sarsembayev v\u0259 Japarkul Ta\u015fiyev, T\u00fcrkiy\u0259 Respublikas\u0131 Milli T\u0259hsil Nazirliyi T\u0259lim v\u0259 T\u0259hsil \u0130dar\u0259sinin r\u0259hb\u0259ri Burhanettin D\u00f6nm\u0259z, T\u00fcrkiy\u0259 Respublikas\u0131 Ali T\u0259hsil \u015euras\u0131n\u0131n s\u0259dr m\u00fcavini Mehmet \u015ei\u015fman, T\u00fcrkdilli D\u00f6vl\u0259tl\u0259rin \u018fm\u0259kda\u015fl\u0131q \u015euras\u0131n\u0131n (TD\u018f\u015e) Ba\u015f katibi Ba\u011fdad Amreyev, T\u00fcrkdilli \u00d6lk\u0259l\u0259rin Parlament Assambleyas\u0131n\u0131n Ba\u015f katibi Alt\u0131nbek Mamayusupov, T\u00fcrk M\u0259d\u0259niyy\u0259ti v\u0259 \u0130rsi Fondunun prezidenti G\u00fcnay \u018ff\u0259ndiyeva, T\u00dcRKSOY-un Ba\u015f katibinin m\u00fcavini Bilal \u00c7ak\u0131c\u0131, o c\u00fcml\u0259d\u0259n T\u00fcrkiy\u0259, Qazax\u0131stan, Q\u0131r\u011f\u0131z\u0131stan, Macar\u0131stan v\u0259 \u00d6zb\u0259kistan\u0131n \u00f6lk\u0259mizd\u0259 akkredit\u0259 olunmu\u015f s\u0259fir v\u0259 diplomatlar\u0131 i\u015ftirak edibl\u0259r.<\/p>\n<p>T\u0259hsil naziri Ceyhun Bayramov a\u00e7\u0131l\u0131\u015f nitqi il\u0259 \u00e7\u0131x\u0131\u015f ed\u0259r\u0259k T\u00fcrkdilli D\u00f6vl\u0259tl\u0259rin \u018fm\u0259kda\u015fl\u0131q \u015euras\u0131n\u0131n g\u0259nc t\u0259\u015fkilat olmas\u0131na baxmayaraq q\u0131sa m\u00fcdd\u0259t \u0259rzind\u0259 bir s\u0131ra \u0259h\u0259miyy\u0259tli t\u0259dbirl\u0259r h\u0259yata ke\u00e7irdiyini v\u0259 \u00f6z f\u0259aliyy\u0259tini d\u0259rinl\u0259\u015fdirdiyini bildirib. Onun s\u00f6zl\u0259rin\u0259 g\u00f6r\u0259 \u00dcmummilli lider Heyd\u0259r \u018fliyev v\u0259 Prezident \u0130lham \u018fliyevin s\u0259yl\u0259ri n\u0259tic\u0259sind\u0259 Az\u0259rbaycan t\u00fcrk d\u00fcnyas\u0131n\u0131n ayr\u0131lmaz bir hiss\u0259si kimi T\u00fcrkdilli D\u00f6vl\u0259tl\u0259rin \u018fm\u0259kda\u015fl\u0131q \u015euras\u0131 v\u0259 b\u00fct\u00fcn t\u00fcrk xalqlar\u0131 il\u0259 qar\u015f\u0131l\u0131ql\u0131 \u0259m\u0259kda\u015fl\u0131q \u0259laq\u0259l\u0259rini y\u00fcks\u0259k s\u0259viyy\u0259y\u0259 \u00e7atd\u0131r\u0131b: &#8220;T\u00fcrkdilli D\u00f6vl\u0259tl\u0259rin \u018fm\u0259kda\u015fl\u0131q \u015euras\u0131 \u00e7\u0259r\u00e7iv\u0259sind\u0259 m\u00f6vcud olan qar\u015f\u0131l\u0131ql\u0131 \u0259m\u0259kda\u015fl\u0131q \u0259laq\u0259l\u0259rinin geni\u015fl\u0259n\u0259c\u0259yin\u0259 v\u0259 t\u00fcrk xalqlar\u0131n\u0131n m\u0259d\u0259ni v\u0259 m\u0259n\u0259vi irsinin t\u0259dqiqin\u0259 dair nailiyy\u0259tl\u0259rimizin artaca\u011f\u0131na, bu x\u00fcsusda m\u00fch\u00fcm rol oynayan t\u0259hsil v\u0259 elm sah\u0259sind\u0259 \u0259m\u0259kda\u015fl\u0131\u011f\u0131n inki\u015faf ed\u0259c\u0259yin\u0259 \u00fcmid edir\u0259m&#8221;.<\/p>\n<p>Beyn\u0259lxalq T\u00fcrk Akademiyas\u0131n\u0131n prezidenti Darxan K\u0131d\u0131r\u0259li is\u0259 r\u0259hb\u0259rlik etdiyi t\u0259\u015fkilat\u0131n f\u0259aliyy\u0259tinin \u00f6t\u0259n il kifay\u0259t q\u0259d\u0259r u\u011furlu oldu\u011funu diqq\u0259t\u0259 \u00e7atd\u0131r\u0131b: &#8220;T\u00fcrkdilli D\u00f6vl\u0259tl\u0259rin \u018fm\u0259kda\u015fl\u0131q \u015euras\u0131n\u0131n VII Zirv\u0259 g\u00f6r\u00fc\u015fl\u0259rind\u0259 d\u00f6vl\u0259t ba\u015f\u00e7\u0131lar\u0131m\u0131z\u0131n verdiyi t\u0259limatlar, Elmi \u015euran\u0131n Q\u0131r\u011f\u0131z\u0131standa ke\u00e7iril\u0259n son toplant\u0131s\u0131nda Akademiya qar\u015f\u0131s\u0131nda qoyulan m\u0259s\u0259l\u0259l\u0259r u\u011furla h\u0259yata ke\u00e7irilib. F\u0259aliyy\u0259timiz\u0259 q\u0131sa n\u0259z\u0259r salaraq vur\u011fulamaq ist\u0259y\u0259rdim ki, bir s\u0131ra t\u0259\u015fkilatlarla \u0259h\u0259miyy\u0259tli layih\u0259l\u0259r ke\u00e7irdik. \u00d6t\u0259n il \u0259rzind\u0259 akademiya \u00e7\u0259r\u00e7iv\u0259sind\u0259 30-dan \u00e7ox beyn\u0259lxalq forum, simpozium, seminarlar t\u0259\u015fkil olunub. Eyni zamanda akademiya t\u0259r\u0259find\u0259n m\u00fcxt\u0259lif dill\u0259rd\u0259 24 yeni kitab n\u0259\u015fr olunub&#8221;.<\/p>\n<p>Sonra 2020-ci il \u00fczr\u0259 Beyn\u0259lxalq T\u00fcrk Akademiyas\u0131n\u0131n Elmi \u015euras\u0131na s\u0259drliyin Az\u0259rbaycan Respublikas\u0131 T\u0259hsil Nazirliyin\u0259 ke\u00e7diyini bildir\u0259n l\u00f6vh\u0259 v\u0259 h\u0259diyy\u0259 C.Bayramova t\u0259qdim edilib.<\/p>\n<p>Daha sonra iclasda t\u0259\u015fkilat\u0131n 2020-ci il \u00fc\u00e7\u00fcn \u0259sas elmi istiqam\u0259tl\u0259ri, f\u0259aliyy\u0259t prioritetl\u0259ri v\u0259 ke\u00e7irilm\u0259si planla\u015fd\u0131r\u0131lan t\u00fcrk d\u00fcnyas\u0131n\u0131n \u00f6n\u0259mli yubiley t\u0259dbirl\u0259rinin siyah\u0131s\u0131, o c\u00fcml\u0259d\u0259n t\u0259hsil v\u0259 elm sah\u0259sind\u0259 \u0259m\u0259kda\u015fl\u0131q m\u0259s\u0259l\u0259l\u0259ri m\u00fczakir\u0259 edil\u0259r\u0259k t\u0259sdiql\u0259nib.<\/p>\n<p>Qeyd ed\u0259k ki, 2019-cu il oktyabr\u0131n 15-d\u0259 Bak\u0131da ke\u00e7iril\u0259n T\u00fcrkdilli D\u00f6vl\u0259tl\u0259rin \u018fm\u0259kda\u015fl\u0131q \u015euras\u0131n\u0131n (TD\u018f\u015e) VII Zirv\u0259 g\u00f6r\u00fc\u015f\u00fc il\u0259 t\u0259\u015fkilata s\u0259drlik Az\u0259rbaycana v\u0259 m\u00fcvafiq olaraq Beyn\u0259lxalq T\u00fcrk Akademiyas\u0131 Elmi \u015euras\u0131n\u0131n s\u0259drliyi Az\u0259rbaycan Respublikas\u0131 T\u0259hsil Nazirliyin\u0259 ke\u00e7ib.<\/p>\n","protected":false},"excerpt":{"rendered":"<p>Yanvar\u0131n 30-da Bak\u0131da Beyn\u0259lxalq T\u00fcrk Akademiyas\u0131 Elmi \u015euras\u0131n\u0131n III iclas\u0131 ke\u00e7irilib. ARANTV.AZ\u00a0Trend-\u0259 istinad\u0259n x\u0259b\u0259r verir ki, iclasda Az\u0259rbaycan Milli Elml\u0259r Akademiyas\u0131n\u0131n (AMEA) prezidenti Ramiz Mehdiyev, T\u0259hsil naziri Ceyhun Bayramov, Qazax\u0131stan v\u0259 Q\u0131r\u011f\u0131z\u0131stan\u0131n T\u0259hsil naziri m\u00fcavinl\u0259ri Kanat Sarsembayev v\u0259 Japarkul Ta\u015fiyev, T\u00fcrkiy\u0259 Respublikas\u0131 Milli T\u0259hsil Nazirliyi T\u0259lim v\u0259 T\u0259hsil \u0130dar\u0259sinin r\u0259hb\u0259ri Burhanettin D\u00f6nm\u0259z, T\u00fcrkiy\u0259 Respublikas\u0131 Ali T\u0259hsil \u015euras\u0131n\u0131n s\u0259dr m\u00fcavini Mehmet \u015ei\u015fman, T\u00fcrkdilli D\u00f6vl\u0259tl\u0259rin \u018fm\u0259kda\u015fl\u0131q \u015euras\u0131n\u0131n (TD\u018f\u015e) Ba\u015f katibi Ba\u011fdad Amreyev, T\u00fcrkdilli \u00d6lk\u0259l\u0259rin Parlament Assambleyas\u0131n\u0131n Ba\u015f katibi Alt\u0131nbek Mamayusupov, T\u00fcrk M\u0259d\u0259niyy\u0259ti v\u0259 \u0130rsi Fondunun prezidenti G\u00fcnay \u018ff\u0259ndiyeva, T\u00dcRKSOY-un Ba\u015f katibinin m\u00fcavini&hellip;<\/p>\n","protected":false},"author":2,"featured_media":124937,"comment_status":"closed","ping_status":"closed","sticky":false,"template":"","format":"standard","meta":{"om_disable_all_campaigns":false,"_monsterinsights_skip_tracking":false,"_monsterinsights_sitenote_active":false,"_monsterinsights_sitenote_note":"","_monsterinsights_sitenote_category":0},"categories":[4],"tags":[],"aioseo_notices":[],"gutentor_comment":0,"rttpg_featured_image_url":{"full":["https:\/\/arantv.az\/wp-content\/uploads\/2020\/01\/821942.jpg",800,600,false],"landscape":["https:\/\/arantv.az\/wp-content\/uploads\/2020\/01\/821942.jpg",800,600,false],"portraits":["https:\/\/arantv.az\/wp-content\/uploads\/2020\/01\/821942.jpg",800,600,false],"thumbnail":["https:\/\/arantv.az\/wp-content\/uploads\/2020\/01\/821942-150x150.jpg",150,150,true],"medium":["https:\/\/arantv.az\/wp-content\/uploads\/2020\/01\/821942-300x225.jpg",300,225,true],"large":["https:\/\/arantv.az\/wp-content\/uploads\/2020\/01\/821942.jpg",640,480,false],"1536x1536":["https:\/\/arantv.az\/wp-content\/uploads\/2020\/01\/821942.jpg",800,600,false],"2048x2048":["https:\/\/arantv.az\/wp-content\/uploads\/2020\/01\/821942.jpg",800,600,false],"post-thumbnail":["https:\/\/arantv.az\/wp-content\/uploads\/2020\/01\/821942-240x172.jpg",240,172,true],"advps-thumb-one":["https:\/\/arantv.az\/wp-content\/uploads\/2020\/01\/821942.jpg",800,600,false]},"rttpg_author":{"display_name":"V\u00fcsal Rafiqo\u011flu","author_link":"https:\/\/arantv.az\/?author=2"},"rttpg_comment":0,"rttpg_category":"<a href=\"https:\/\/arantv.az\/?cat=4\" rel=\"category\">Siyas\u0259t<\/a>","rttpg_excerpt":"Yanvar\u0131n 30-da Bak\u0131da Beyn\u0259lxalq T\u00fcrk Akademiyas\u0131 Elmi \u015euras\u0131n\u0131n III iclas\u0131 ke\u00e7irilib. ARANTV.AZ\u00a0Trend-\u0259 istinad\u0259n x\u0259b\u0259r verir ki, iclasda Az\u0259rbaycan Milli Elml\u0259r Akademiyas\u0131n\u0131n (AMEA) prezidenti Ramiz Mehdiyev, T\u0259hsil naziri Ceyhun Bayramov, Qazax\u0131stan v\u0259 Q\u0131r\u011f\u0131z\u0131stan\u0131n T\u0259hsil naziri m\u00fcavinl\u0259ri Kanat Sarsembayev v\u0259 Japarkul Ta\u015fiyev, T\u00fcrkiy\u0259 Respublikas\u0131 Milli T\u0259hsil Nazirliyi T\u0259lim v\u0259 T\u0259hsil \u0130dar\u0259sinin r\u0259hb\u0259ri Burhanettin D\u00f6nm\u0259z, T\u00fcrkiy\u0259 Respublikas\u0131 Ali&hellip;","_links":{"self":[{"href":"https:\/\/arantv.az\/index.php?rest_route=\/wp\/v2\/posts\/124936"}],"collection":[{"href":"https:\/\/arantv.az\/index.php?rest_route=\/wp\/v2\/posts"}],"about":[{"href":"https:\/\/arantv.az\/index.php?rest_route=\/wp\/v2\/types\/post"}],"author":[{"embeddable":true,"href":"https:\/\/arantv.az\/index.php?rest_route=\/wp\/v2\/users\/2"}],"replies":[{"embeddable":true,"href":"https:\/\/arantv.az\/index.php?rest_route=%2Fwp%2Fv2%2Fcomments&post=124936"}],"version-history":[{"count":0,"href":"https:\/\/arantv.az\/index.php?rest_route=\/wp\/v2\/posts\/124936\/revisions"}],"wp:featuredmedia":[{"embeddable":true,"href":"https:\/\/arantv.az\/index.php?rest_route=\/wp\/v2\/media\/124937"}],"wp:attachment":[{"href":"https:\/\/arantv.az\/index.php?rest_route=%2Fwp%2Fv2%2Fmedia&parent=124936"}],"wp:term":[{"taxonomy":"category","embeddable":true,"href":"https:\/\/arantv.az\/index.php?rest_route=%2Fwp%2Fv2%2Fcategories&post=124936"},{"taxonomy":"post_tag","embeddable":true,"href":"https:\/\/arantv.az\/index.php?rest_route=%2Fwp%2Fv2%2Ftags&post=124936"}],"curies":[{"name":"wp","href":"https:\/\/api.w.org\/{rel}","templated":true}]}}