{"id":125797,"date":"2020-02-01T14:00:12","date_gmt":"2020-02-01T11:00:12","guid":{"rendered":"http:\/\/arantv.az\/?p=125797"},"modified":"2020-02-01T14:00:12","modified_gmt":"2020-02-01T11:00:12","slug":"daha-bir-partiya-numay%c9%99nd%c9%99sinin-s%c9%99lahiyy%c9%99tin%c9%99-xitam-verildi","status":"publish","type":"post","link":"https:\/\/arantv.az\/?p=125797","title":{"rendered":"Daha bir partiya n\u00fcmay\u0259nd\u0259sinin s\u0259lahiyy\u0259tin\u0259 xitam verildi"},"content":{"rendered":"<p><strong>Milli M\u0259clis\u0259 se\u00e7kil\u0259rd\u0259 daha bir partiyan\u0131n n\u00fcmay\u0259nd\u0259l\u0259rind\u0259n birinin s\u0259lahiyy\u0259tin\u0259 xitam verilib.<\/strong><\/p>\n<p><strong>ARANTV.AZ\u00a0<\/strong><a href=\"http:\/\/az.trend.az\/\" target=\"_blank\" rel=\"noopener\">Trend<\/a>-\u0259 istinad\u0259n bildirir ki,\u00a0M\u0259rk\u0259zi Se\u00e7ki Komissiyas\u0131n\u0131n bu g\u00fcn ke\u00e7iril\u0259n iclas\u0131nda Milli M\u0259clis\u0259 se\u00e7kil\u0259rd\u0259 qeyd\u0259 al\u0131nm\u0131\u015f M\u00fcasir M\u00fcsavat Partiyas\u0131n\u0131n s\u0259lahiyy\u0259tli n\u00fcmay\u0259nd\u0259l\u0259rind\u0259n birinin s\u0259lahiyy\u0259tin\u0259 xitam verilib.<\/p>\n<p>Bel\u0259 ki, iclasda bununla ba\u011fl\u0131 M\u00fcasir M\u00fcsavat Partiyas\u0131n\u0131n m\u00fcraci\u0259tin\u0259 bax\u0131l\u0131b.<\/p>\n<p>\u0130clasda M\u00fcasir M\u00fcsavat Partiyas\u0131n\u0131n s\u0259lahiyy\u0259tli n\u00fcmay\u0259nd\u0259l\u0259rind\u0259n biri kimi qeyd\u0259 al\u0131nm\u0131\u015f N\u0259rgiz \u018fli q\u0131z\u0131 Na\u011f\u0131yevan\u0131n s\u0259lahiyy\u0259tin\u0259 xitam verilm\u0259si il\u0259 ba\u011fl\u0131 q\u0259rar q\u0259bul olunub.<\/p>\n","protected":false},"excerpt":{"rendered":"<p>Milli M\u0259clis\u0259 se\u00e7kil\u0259rd\u0259 daha bir partiyan\u0131n n\u00fcmay\u0259nd\u0259l\u0259rind\u0259n birinin s\u0259lahiyy\u0259tin\u0259 xitam verilib. ARANTV.AZ\u00a0Trend-\u0259 istinad\u0259n bildirir ki,\u00a0M\u0259rk\u0259zi Se\u00e7ki Komissiyas\u0131n\u0131n bu g\u00fcn ke\u00e7iril\u0259n iclas\u0131nda Milli M\u0259clis\u0259 se\u00e7kil\u0259rd\u0259 qeyd\u0259 al\u0131nm\u0131\u015f M\u00fcasir M\u00fcsavat Partiyas\u0131n\u0131n s\u0259lahiyy\u0259tli n\u00fcmay\u0259nd\u0259l\u0259rind\u0259n birinin s\u0259lahiyy\u0259tin\u0259 xitam verilib. Bel\u0259 ki, iclasda bununla ba\u011fl\u0131 M\u00fcasir M\u00fcsavat Partiyas\u0131n\u0131n m\u00fcraci\u0259tin\u0259 bax\u0131l\u0131b. \u0130clasda M\u00fcasir M\u00fcsavat Partiyas\u0131n\u0131n s\u0259lahiyy\u0259tli n\u00fcmay\u0259nd\u0259l\u0259rind\u0259n biri kimi qeyd\u0259 al\u0131nm\u0131\u015f N\u0259rgiz \u018fli q\u0131z\u0131 Na\u011f\u0131yevan\u0131n s\u0259lahiyy\u0259tin\u0259 xitam verilm\u0259si il\u0259 ba\u011fl\u0131 q\u0259rar q\u0259bul olunub.<\/p>\n","protected":false},"author":2,"featured_media":125798,"comment_status":"closed","ping_status":"closed","sticky":false,"template":"","format":"standard","meta":{"om_disable_all_campaigns":false,"_monsterinsights_skip_tracking":false,"_monsterinsights_sitenote_active":false,"_monsterinsights_sitenote_note":"","_monsterinsights_sitenote_category":0},"categories":[4],"tags":[],"aioseo_notices":[],"gutentor_comment":0,"rttpg_featured_image_url":{"full":["https:\/\/arantv.az\/wp-content\/uploads\/2020\/02\/msk_bina.jpg",482,361,false],"landscape":["https:\/\/arantv.az\/wp-content\/uploads\/2020\/02\/msk_bina.jpg",482,361,false],"portraits":["https:\/\/arantv.az\/wp-content\/uploads\/2020\/02\/msk_bina.jpg",482,361,false],"thumbnail":["https:\/\/arantv.az\/wp-content\/uploads\/2020\/02\/msk_bina-150x150.jpg",150,150,true],"medium":["https:\/\/arantv.az\/wp-content\/uploads\/2020\/02\/msk_bina-300x225.jpg",300,225,true],"large":["https:\/\/arantv.az\/wp-content\/uploads\/2020\/02\/msk_bina.jpg",482,361,false],"1536x1536":["https:\/\/arantv.az\/wp-content\/uploads\/2020\/02\/msk_bina.jpg",482,361,false],"2048x2048":["https:\/\/arantv.az\/wp-content\/uploads\/2020\/02\/msk_bina.jpg",482,361,false],"post-thumbnail":["https:\/\/arantv.az\/wp-content\/uploads\/2020\/02\/msk_bina-240x172.jpg",240,172,true],"advps-thumb-one":["https:\/\/arantv.az\/wp-content\/uploads\/2020\/02\/msk_bina.jpg",482,361,false]},"rttpg_author":{"display_name":"V\u00fcsal Rafiqo\u011flu","author_link":"https:\/\/arantv.az\/?author=2"},"rttpg_comment":0,"rttpg_category":"<a href=\"https:\/\/arantv.az\/?cat=4\" rel=\"category\">Siyas\u0259t<\/a>","rttpg_excerpt":"Milli M\u0259clis\u0259 se\u00e7kil\u0259rd\u0259 daha bir partiyan\u0131n n\u00fcmay\u0259nd\u0259l\u0259rind\u0259n birinin s\u0259lahiyy\u0259tin\u0259 xitam verilib. ARANTV.AZ\u00a0Trend-\u0259 istinad\u0259n bildirir ki,\u00a0M\u0259rk\u0259zi Se\u00e7ki Komissiyas\u0131n\u0131n bu g\u00fcn ke\u00e7iril\u0259n iclas\u0131nda Milli M\u0259clis\u0259 se\u00e7kil\u0259rd\u0259 qeyd\u0259 al\u0131nm\u0131\u015f M\u00fcasir M\u00fcsavat Partiyas\u0131n\u0131n s\u0259lahiyy\u0259tli n\u00fcmay\u0259nd\u0259l\u0259rind\u0259n birinin s\u0259lahiyy\u0259tin\u0259 xitam verilib. Bel\u0259 ki, iclasda bununla ba\u011fl\u0131 M\u00fcasir M\u00fcsavat Partiyas\u0131n\u0131n m\u00fcraci\u0259tin\u0259 bax\u0131l\u0131b. \u0130clasda M\u00fcasir M\u00fcsavat Partiyas\u0131n\u0131n s\u0259lahiyy\u0259tli n\u00fcmay\u0259nd\u0259l\u0259rind\u0259n biri kimi qeyd\u0259 al\u0131nm\u0131\u015f&hellip;","_links":{"self":[{"href":"https:\/\/arantv.az\/index.php?rest_route=\/wp\/v2\/posts\/125797"}],"collection":[{"href":"https:\/\/arantv.az\/index.php?rest_route=\/wp\/v2\/posts"}],"about":[{"href":"https:\/\/arantv.az\/index.php?rest_route=\/wp\/v2\/types\/post"}],"author":[{"embeddable":true,"href":"https:\/\/arantv.az\/index.php?rest_route=\/wp\/v2\/users\/2"}],"replies":[{"embeddable":true,"href":"https:\/\/arantv.az\/index.php?rest_route=%2Fwp%2Fv2%2Fcomments&post=125797"}],"version-history":[{"count":0,"href":"https:\/\/arantv.az\/index.php?rest_route=\/wp\/v2\/posts\/125797\/revisions"}],"wp:featuredmedia":[{"embeddable":true,"href":"https:\/\/arantv.az\/index.php?rest_route=\/wp\/v2\/media\/125798"}],"wp:attachment":[{"href":"https:\/\/arantv.az\/index.php?rest_route=%2Fwp%2Fv2%2Fmedia&parent=125797"}],"wp:term":[{"taxonomy":"category","embeddable":true,"href":"https:\/\/arantv.az\/index.php?rest_route=%2Fwp%2Fv2%2Fcategories&post=125797"},{"taxonomy":"post_tag","embeddable":true,"href":"https:\/\/arantv.az\/index.php?rest_route=%2Fwp%2Fv2%2Ftags&post=125797"}],"curies":[{"name":"wp","href":"https:\/\/api.w.org\/{rel}","templated":true}]}}