{"id":125805,"date":"2020-02-01T14:19:36","date_gmt":"2020-02-01T11:19:36","guid":{"rendered":"http:\/\/arantv.az\/?p=125805"},"modified":"2020-02-01T14:19:36","modified_gmt":"2020-02-01T11:19:36","slug":"turkiy%c9%99li-nazir-az%c9%99rbaycanli-h%c9%99kimin-bu-h%c9%99r%c9%99k%c9%99tini-t%c9%99xribat-adlandirdi","status":"publish","type":"post","link":"https:\/\/arantv.az\/?p=125805","title":{"rendered":"T\u00fcrkiy\u0259li nazir az\u0259rbaycanl\u0131 h\u0259kimin bu h\u0259r\u0259k\u0259tini t\u0259xribat adland\u0131rd\u0131"},"content":{"rendered":"<div class=\"articleBody\">\n<p><strong>\u0130stanbul Universitetinin Tibb fak\u00fclt\u0259sinin x\u0259st\u0259xanas\u0131na y\u00fcks\u0259k h\u0259rar\u0259tl\u0259 yerl\u0259\u015fdiril\u0259n 6 ya\u015fl\u0131 \u00e7inli u\u015faqda koronavirus \u015f\u00fcbh\u0259sinin olmas\u0131 T\u00fcrkiy\u0259nin S\u0259hiyy\u0259 Nazirliyi t\u0259r\u0259find\u0259n t\u0259kzib edilib.<\/strong><\/p>\n<p>ARANTV.AZ\u00a0 x\u0259b\u0259r verir ki,\u00a0 hadis\u0259y\u0259 s\u0259b\u0259b az\u0259rbaycanl\u0131 qad\u0131n h\u0259kimin komp\u00fcterd\u0259 buraxd\u0131\u011f\u0131 s\u0259hv olub.<\/p>\n<div id=\"AdviadNativeVideo0\" class=\"AdviadNativeVideo\"><\/div>\n<p>M\u0259lumatda bildirilib ki, az\u0259rbaycanl\u0131 h\u0259kim k\u00f6m\u0259k\u00e7isi x\u0259st\u0259xanan\u0131n qeydiyyat sistemin\u0259 \u201c\u00d6n diaqnoz\u201d yerin\u0259 \u201cD\u0259qiq diaqnoz: Koronavirus\u201d dey\u0259 qeyd edib. Halbuki x\u0259st\u0259nin \u00fcz\u0259rind\u0259 edil\u0259n ilk testin n\u0259tic\u0259si neqativ \u00e7\u0131x\u0131b.<\/p>\n<p>S\u0259hiyy\u0259 naziri Fahrettin Koca az\u0259rbaycanl\u0131 h\u0259kimin t\u00f6r\u0259tdiyi bu \u0259m\u0259li t\u0259xribat aland\u0131r\u0131b. &#8220;Bu foto il\u0259 q\u0259sd\u0259n \u00e7axna\u015fma yaratmaq \u00fc\u00e7\u00fcn ortal\u0131\u011fa at\u0131ld\u0131\u011f\u0131 ayd\u0131nd\u0131r. Bir daha xat\u0131rlatmaq ist\u0259yir\u0259m ki, v\u0259t\u0259nda\u015flar\u0131m\u0131z nazirliyin verdiyi r\u0259smi a\u00e7\u0131qlamalar\u0131 izl\u0259m\u0259li v\u0259 dig\u0259r m\u0259lumatlara etibar etm\u0259m\u0259lidirl\u0259r&#8221;.<\/p>\n<\/div>\n<div class=\"gallerySlider\">\n<div id=\"sync1\" class=\"owl-carousel owl-theme owl-loaded owl-drag\">\n<div class=\"owl-stage-outer\">\n<div class=\"owl-stage\">\n<div class=\"owl-item cloned\">\n<div class=\"item\"><img title=\"T\u00fcrkiy\u0259li nazir az\u0259rbaycanl\u0131 h\u0259kimin bu h\u0259r\u0259k\u0259tini t\u0259xribat adland\u0131rd\u0131\" src=\"https:\/\/www.unikal.org\/photos\/unikal\/1580555172_kor.jpg\" alt=\"T\u00fcrkiy\u0259li nazir az\u0259rbaycanl\u0131 h\u0259kimin bu h\u0259r\u0259k\u0259tini t\u0259xribat adland\u0131rd\u0131\" \/><\/div>\n<\/div>\n<div class=\"owl-item cloned\">\n<div class=\"item\"><\/div>\n<\/div>\n<div class=\"owl-item active\">\n<div class=\"item\"><\/div>\n<\/div>\n<div class=\"owl-item cloned\">\n<div class=\"item\">Unikal.org<\/div>\n<\/div>\n<div class=\"owl-item cloned\">\n<div class=\"item\"><\/div>\n<\/div>\n<\/div>\n<\/div>\n<\/div>\n<div id=\"sync2\" class=\"owl-carousel owl-theme owl-loaded owl-drag\">\n<div class=\"owl-stage-outer\">\n<div class=\"owl-stage\">\n<div class=\"owl-item active current\">\n<div class=\"item\"><\/div>\n<\/div>\n<\/div>\n<\/div>\n<\/div>\n<\/div>\n<div class=\"sochialShare\">\n<div>\n<div class=\"addthis_inline_share_toolbox\" data-url=\"https:\/\/www.unikal.org\/news\/232838\/turkiyeli-nazir-azerbaycanli-hekimin-bu-hereketini-texribat-adlandirdi\" data-title=\"T\u00fcrkiy\u0259li nazir az\u0259rbaycanl\u0131 h\u0259kimin bu h\u0259r\u0259k\u0259tini t\u0259xribat adland\u0131rd\u0131  -  Unikal.org\" data-description=\"T\u00fcrkiy\u0259li nazir az\u0259rbaycanl\u0131 h\u0259kimin bu h\u0259r\u0259k\u0259tini t\u0259xribat adland\u0131rd\u0131 \">\n<div id=\"atstbx\" class=\"at-resp-share-element at-style-responsive addthis-smartlayers addthis-animated at4-show\" role=\"region\" aria-labelledby=\"at-d7461670-6af8-4083-a4ec-27e25f906468\"><\/div>\n<\/div>\n<\/div>\n<\/div>\n","protected":false},"excerpt":{"rendered":"<p>\u0130stanbul Universitetinin Tibb fak\u00fclt\u0259sinin x\u0259st\u0259xanas\u0131na y\u00fcks\u0259k h\u0259rar\u0259tl\u0259 yerl\u0259\u015fdiril\u0259n 6 ya\u015fl\u0131 \u00e7inli u\u015faqda koronavirus \u015f\u00fcbh\u0259sinin olmas\u0131 T\u00fcrkiy\u0259nin S\u0259hiyy\u0259 Nazirliyi t\u0259r\u0259find\u0259n t\u0259kzib edilib. ARANTV.AZ\u00a0 x\u0259b\u0259r verir ki,\u00a0 hadis\u0259y\u0259 s\u0259b\u0259b az\u0259rbaycanl\u0131 qad\u0131n h\u0259kimin komp\u00fcterd\u0259 buraxd\u0131\u011f\u0131 s\u0259hv olub. M\u0259lumatda bildirilib ki, az\u0259rbaycanl\u0131 h\u0259kim k\u00f6m\u0259k\u00e7isi x\u0259st\u0259xanan\u0131n qeydiyyat sistemin\u0259 \u201c\u00d6n diaqnoz\u201d yerin\u0259 \u201cD\u0259qiq diaqnoz: Koronavirus\u201d dey\u0259 qeyd edib. Halbuki x\u0259st\u0259nin \u00fcz\u0259rind\u0259 edil\u0259n ilk testin n\u0259tic\u0259si neqativ \u00e7\u0131x\u0131b. S\u0259hiyy\u0259 naziri Fahrettin Koca az\u0259rbaycanl\u0131 h\u0259kimin t\u00f6r\u0259tdiyi bu \u0259m\u0259li t\u0259xribat aland\u0131r\u0131b. &#8220;Bu foto il\u0259 q\u0259sd\u0259n \u00e7axna\u015fma yaratmaq \u00fc\u00e7\u00fcn ortal\u0131\u011fa at\u0131ld\u0131\u011f\u0131 ayd\u0131nd\u0131r. Bir daha xat\u0131rlatmaq ist\u0259yir\u0259m ki, v\u0259t\u0259nda\u015flar\u0131m\u0131z nazirliyin verdiyi&hellip;<\/p>\n","protected":false},"author":2,"featured_media":125806,"comment_status":"closed","ping_status":"closed","sticky":false,"template":"","format":"standard","meta":{"om_disable_all_campaigns":false,"_monsterinsights_skip_tracking":false,"_monsterinsights_sitenote_active":false,"_monsterinsights_sitenote_note":"","_monsterinsights_sitenote_category":0},"categories":[1],"tags":[],"aioseo_notices":[],"gutentor_comment":0,"rttpg_featured_image_url":{"full":["https:\/\/arantv.az\/wp-content\/uploads\/2020\/02\/1580555742_teee.jpg",510,340,false],"landscape":["https:\/\/arantv.az\/wp-content\/uploads\/2020\/02\/1580555742_teee.jpg",510,340,false],"portraits":["https:\/\/arantv.az\/wp-content\/uploads\/2020\/02\/1580555742_teee.jpg",510,340,false],"thumbnail":["https:\/\/arantv.az\/wp-content\/uploads\/2020\/02\/1580555742_teee-150x150.jpg",150,150,true],"medium":["https:\/\/arantv.az\/wp-content\/uploads\/2020\/02\/1580555742_teee-300x200.jpg",300,200,true],"large":["https:\/\/arantv.az\/wp-content\/uploads\/2020\/02\/1580555742_teee.jpg",510,340,false],"1536x1536":["https:\/\/arantv.az\/wp-content\/uploads\/2020\/02\/1580555742_teee.jpg",510,340,false],"2048x2048":["https:\/\/arantv.az\/wp-content\/uploads\/2020\/02\/1580555742_teee.jpg",510,340,false],"post-thumbnail":["https:\/\/arantv.az\/wp-content\/uploads\/2020\/02\/1580555742_teee-240x172.jpg",240,172,true],"advps-thumb-one":["https:\/\/arantv.az\/wp-content\/uploads\/2020\/02\/1580555742_teee.jpg",510,340,false]},"rttpg_author":{"display_name":"V\u00fcsal Rafiqo\u011flu","author_link":"https:\/\/arantv.az\/?author=2"},"rttpg_comment":0,"rttpg_category":"<a href=\"https:\/\/arantv.az\/?cat=1\" rel=\"category\">C\u0259miyy\u0259t<\/a>","rttpg_excerpt":"\u0130stanbul Universitetinin Tibb fak\u00fclt\u0259sinin x\u0259st\u0259xanas\u0131na y\u00fcks\u0259k h\u0259rar\u0259tl\u0259 yerl\u0259\u015fdiril\u0259n 6 ya\u015fl\u0131 \u00e7inli u\u015faqda koronavirus \u015f\u00fcbh\u0259sinin olmas\u0131 T\u00fcrkiy\u0259nin S\u0259hiyy\u0259 Nazirliyi t\u0259r\u0259find\u0259n t\u0259kzib edilib. ARANTV.AZ\u00a0 x\u0259b\u0259r verir ki,\u00a0 hadis\u0259y\u0259 s\u0259b\u0259b az\u0259rbaycanl\u0131 qad\u0131n h\u0259kimin komp\u00fcterd\u0259 buraxd\u0131\u011f\u0131 s\u0259hv olub. M\u0259lumatda bildirilib ki, az\u0259rbaycanl\u0131 h\u0259kim k\u00f6m\u0259k\u00e7isi x\u0259st\u0259xanan\u0131n qeydiyyat sistemin\u0259 \u201c\u00d6n diaqnoz\u201d yerin\u0259 \u201cD\u0259qiq diaqnoz: Koronavirus\u201d dey\u0259 qeyd edib. Halbuki x\u0259st\u0259nin \u00fcz\u0259rind\u0259&hellip;","_links":{"self":[{"href":"https:\/\/arantv.az\/index.php?rest_route=\/wp\/v2\/posts\/125805"}],"collection":[{"href":"https:\/\/arantv.az\/index.php?rest_route=\/wp\/v2\/posts"}],"about":[{"href":"https:\/\/arantv.az\/index.php?rest_route=\/wp\/v2\/types\/post"}],"author":[{"embeddable":true,"href":"https:\/\/arantv.az\/index.php?rest_route=\/wp\/v2\/users\/2"}],"replies":[{"embeddable":true,"href":"https:\/\/arantv.az\/index.php?rest_route=%2Fwp%2Fv2%2Fcomments&post=125805"}],"version-history":[{"count":0,"href":"https:\/\/arantv.az\/index.php?rest_route=\/wp\/v2\/posts\/125805\/revisions"}],"wp:featuredmedia":[{"embeddable":true,"href":"https:\/\/arantv.az\/index.php?rest_route=\/wp\/v2\/media\/125806"}],"wp:attachment":[{"href":"https:\/\/arantv.az\/index.php?rest_route=%2Fwp%2Fv2%2Fmedia&parent=125805"}],"wp:term":[{"taxonomy":"category","embeddable":true,"href":"https:\/\/arantv.az\/index.php?rest_route=%2Fwp%2Fv2%2Fcategories&post=125805"},{"taxonomy":"post_tag","embeddable":true,"href":"https:\/\/arantv.az\/index.php?rest_route=%2Fwp%2Fv2%2Ftags&post=125805"}],"curies":[{"name":"wp","href":"https:\/\/api.w.org\/{rel}","templated":true}]}}