{"id":125809,"date":"2020-02-01T14:26:16","date_gmt":"2020-02-01T11:26:16","guid":{"rendered":"http:\/\/arantv.az\/?p=125809"},"modified":"2020-02-01T14:26:16","modified_gmt":"2020-02-01T11:26:16","slug":"ilham-%c9%99liyev-si-cinpin%c9%99-bassagligi-verdi","status":"publish","type":"post","link":"https:\/\/arantv.az\/?p=125809","title":{"rendered":"\u0130lham \u018fliyev Si Cinpin\u0259 ba\u015fsa\u011fl\u0131\u011f\u0131 verdi"},"content":{"rendered":"<p>Az\u0259rbaycan Respublikas\u0131n\u0131n Prezidenti \u0130lham \u018fliyev \u00c7in Xalq Respublikas\u0131n\u0131n S\u0259dri Si Cinpin\u0259 m\u0259ktub \u00fcnvanlay\u0131b.<\/p>\n<p><strong>ARANTV.AZ<\/strong> x\u0259b\u0259r verir ki, m\u0259ktubda deyilir:<\/p>\n<p>\u201cH\u00f6rm\u0259tli c\u0259nab S\u0259dr,<\/p>\n<p>\u00d6lk\u0259nizd\u0259 yeni n\u00f6v koronavirusun ba\u015f qald\u0131rmas\u0131 n\u0259tic\u0259sind\u0259 v\u0259fat ed\u0259nl\u0259rl\u0259 ba\u011fl\u0131 x\u0259b\u0259rl\u0259r m\u0259ni olduqca k\u0259d\u0259rl\u0259ndirir.<\/p>\n<p>Epidemiyan\u0131n yay\u0131lmamas\u0131 v\u0259 insan t\u0259l\u0259fat\u0131n\u0131n qar\u015f\u0131s\u0131n\u0131n al\u0131nmas\u0131 istiqam\u0259tind\u0259 \u00c7in h\u00f6kum\u0259tinin atd\u0131\u011f\u0131 add\u0131mlar\u0131, \u00c7in xalq\u0131n\u0131n n\u00fcmayi\u015f etdirdiyi \u0259zmi y\u00fcks\u0259k qiym\u0259tl\u0259ndirir\u0259m. \u0130nan\u0131ram ki, Sizin r\u0259hb\u0259rliyiniz alt\u0131nda \u00c7in Xalq Respublikas\u0131 bu b\u0259lan\u0131n \u00f6hd\u0259sind\u0259n layiqinc\u0259 g\u0259l\u0259c\u0259k.<\/p>\n<p>\u018fmin ola bil\u0259rsiniz ki, bu m\u00fcv\u0259qq\u0259ti \u00e7\u0259tin g\u00fcnl\u0259rd\u0259 d\u0259 Az\u0259rbaycan xalq\u0131 dost \u00c7in xalq\u0131 il\u0259 h\u0259mr\u0259ydir v\u0259 biz h\u0259r c\u00fcr yard\u0131m g\u00f6st\u0259rm\u0259y\u0259 haz\u0131r\u0131q.<\/p>\n<p>X\u0259st\u0259liy\u0259 d\u00fc\u00e7ar olaraq v\u0259fat ed\u0259nl\u0259rin ail\u0259l\u0259rin\u0259 \u015f\u0259xs\u0259n \u00f6z ad\u0131mdan v\u0259 Az\u0259rbaycan xalq\u0131 ad\u0131ndan d\u0259rin h\u00fcznl\u0259 ba\u015fsa\u011fl\u0131\u011f\u0131 verir, virusa yoluxanlar\u0131n tezlikl\u0259 sa\u011falmas\u0131n\u0131 arzulay\u0131ram\u201d.AZ\u018fRTAC<\/p>\n","protected":false},"excerpt":{"rendered":"<p>Az\u0259rbaycan Respublikas\u0131n\u0131n Prezidenti \u0130lham \u018fliyev \u00c7in Xalq Respublikas\u0131n\u0131n S\u0259dri Si Cinpin\u0259 m\u0259ktub \u00fcnvanlay\u0131b. ARANTV.AZ x\u0259b\u0259r verir ki, m\u0259ktubda deyilir: \u201cH\u00f6rm\u0259tli c\u0259nab S\u0259dr, \u00d6lk\u0259nizd\u0259 yeni n\u00f6v koronavirusun ba\u015f qald\u0131rmas\u0131 n\u0259tic\u0259sind\u0259 v\u0259fat ed\u0259nl\u0259rl\u0259 ba\u011fl\u0131 x\u0259b\u0259rl\u0259r m\u0259ni olduqca k\u0259d\u0259rl\u0259ndirir. Epidemiyan\u0131n yay\u0131lmamas\u0131 v\u0259 insan t\u0259l\u0259fat\u0131n\u0131n qar\u015f\u0131s\u0131n\u0131n al\u0131nmas\u0131 istiqam\u0259tind\u0259 \u00c7in h\u00f6kum\u0259tinin atd\u0131\u011f\u0131 add\u0131mlar\u0131, \u00c7in xalq\u0131n\u0131n n\u00fcmayi\u015f etdirdiyi \u0259zmi y\u00fcks\u0259k qiym\u0259tl\u0259ndirir\u0259m. \u0130nan\u0131ram ki, Sizin r\u0259hb\u0259rliyiniz alt\u0131nda \u00c7in Xalq Respublikas\u0131 bu b\u0259lan\u0131n \u00f6hd\u0259sind\u0259n layiqinc\u0259 g\u0259l\u0259c\u0259k. \u018fmin ola bil\u0259rsiniz ki, bu m\u00fcv\u0259qq\u0259ti \u00e7\u0259tin g\u00fcnl\u0259rd\u0259 d\u0259 Az\u0259rbaycan xalq\u0131 dost \u00c7in xalq\u0131 il\u0259 h\u0259mr\u0259ydir v\u0259 biz h\u0259r c\u00fcr yard\u0131m g\u00f6st\u0259rm\u0259y\u0259&hellip;<\/p>\n","protected":false},"author":2,"featured_media":125810,"comment_status":"closed","ping_status":"closed","sticky":false,"template":"","format":"standard","meta":{"om_disable_all_campaigns":false,"_monsterinsights_skip_tracking":false,"_monsterinsights_sitenote_active":false,"_monsterinsights_sitenote_note":"","_monsterinsights_sitenote_category":0},"categories":[4],"tags":[],"aioseo_notices":[],"gutentor_comment":0,"rttpg_featured_image_url":{"full":["https:\/\/arantv.az\/wp-content\/uploads\/2020\/02\/ilham_aliyev_main__221216_1.jpg",620,465,false],"landscape":["https:\/\/arantv.az\/wp-content\/uploads\/2020\/02\/ilham_aliyev_main__221216_1.jpg",620,465,false],"portraits":["https:\/\/arantv.az\/wp-content\/uploads\/2020\/02\/ilham_aliyev_main__221216_1.jpg",620,465,false],"thumbnail":["https:\/\/arantv.az\/wp-content\/uploads\/2020\/02\/ilham_aliyev_main__221216_1-150x150.jpg",150,150,true],"medium":["https:\/\/arantv.az\/wp-content\/uploads\/2020\/02\/ilham_aliyev_main__221216_1-300x225.jpg",300,225,true],"large":["https:\/\/arantv.az\/wp-content\/uploads\/2020\/02\/ilham_aliyev_main__221216_1.jpg",620,465,false],"1536x1536":["https:\/\/arantv.az\/wp-content\/uploads\/2020\/02\/ilham_aliyev_main__221216_1.jpg",620,465,false],"2048x2048":["https:\/\/arantv.az\/wp-content\/uploads\/2020\/02\/ilham_aliyev_main__221216_1.jpg",620,465,false],"post-thumbnail":["https:\/\/arantv.az\/wp-content\/uploads\/2020\/02\/ilham_aliyev_main__221216_1-240x172.jpg",240,172,true],"advps-thumb-one":["https:\/\/arantv.az\/wp-content\/uploads\/2020\/02\/ilham_aliyev_main__221216_1.jpg",620,465,false]},"rttpg_author":{"display_name":"V\u00fcsal Rafiqo\u011flu","author_link":"https:\/\/arantv.az\/?author=2"},"rttpg_comment":0,"rttpg_category":"<a href=\"https:\/\/arantv.az\/?cat=4\" rel=\"category\">Siyas\u0259t<\/a>","rttpg_excerpt":"Az\u0259rbaycan Respublikas\u0131n\u0131n Prezidenti \u0130lham \u018fliyev \u00c7in Xalq Respublikas\u0131n\u0131n S\u0259dri Si Cinpin\u0259 m\u0259ktub \u00fcnvanlay\u0131b. ARANTV.AZ x\u0259b\u0259r verir ki, m\u0259ktubda deyilir: \u201cH\u00f6rm\u0259tli c\u0259nab S\u0259dr, \u00d6lk\u0259nizd\u0259 yeni n\u00f6v koronavirusun ba\u015f qald\u0131rmas\u0131 n\u0259tic\u0259sind\u0259 v\u0259fat ed\u0259nl\u0259rl\u0259 ba\u011fl\u0131 x\u0259b\u0259rl\u0259r m\u0259ni olduqca k\u0259d\u0259rl\u0259ndirir. Epidemiyan\u0131n yay\u0131lmamas\u0131 v\u0259 insan t\u0259l\u0259fat\u0131n\u0131n qar\u015f\u0131s\u0131n\u0131n al\u0131nmas\u0131 istiqam\u0259tind\u0259 \u00c7in h\u00f6kum\u0259tinin atd\u0131\u011f\u0131 add\u0131mlar\u0131, \u00c7in xalq\u0131n\u0131n n\u00fcmayi\u015f etdirdiyi \u0259zmi y\u00fcks\u0259k qiym\u0259tl\u0259ndirir\u0259m.&hellip;","_links":{"self":[{"href":"https:\/\/arantv.az\/index.php?rest_route=\/wp\/v2\/posts\/125809"}],"collection":[{"href":"https:\/\/arantv.az\/index.php?rest_route=\/wp\/v2\/posts"}],"about":[{"href":"https:\/\/arantv.az\/index.php?rest_route=\/wp\/v2\/types\/post"}],"author":[{"embeddable":true,"href":"https:\/\/arantv.az\/index.php?rest_route=\/wp\/v2\/users\/2"}],"replies":[{"embeddable":true,"href":"https:\/\/arantv.az\/index.php?rest_route=%2Fwp%2Fv2%2Fcomments&post=125809"}],"version-history":[{"count":0,"href":"https:\/\/arantv.az\/index.php?rest_route=\/wp\/v2\/posts\/125809\/revisions"}],"wp:featuredmedia":[{"embeddable":true,"href":"https:\/\/arantv.az\/index.php?rest_route=\/wp\/v2\/media\/125810"}],"wp:attachment":[{"href":"https:\/\/arantv.az\/index.php?rest_route=%2Fwp%2Fv2%2Fmedia&parent=125809"}],"wp:term":[{"taxonomy":"category","embeddable":true,"href":"https:\/\/arantv.az\/index.php?rest_route=%2Fwp%2Fv2%2Fcategories&post=125809"},{"taxonomy":"post_tag","embeddable":true,"href":"https:\/\/arantv.az\/index.php?rest_route=%2Fwp%2Fv2%2Ftags&post=125809"}],"curies":[{"name":"wp","href":"https:\/\/api.w.org\/{rel}","templated":true}]}}