{"id":125829,"date":"2020-02-01T14:32:52","date_gmt":"2020-02-01T11:32:52","guid":{"rendered":"http:\/\/arantv.az\/?p=125829"},"modified":"2020-02-01T14:32:52","modified_gmt":"2020-02-01T11:32:52","slug":"%c9%99rdogandan-q%c9%99tiyy%c9%99tli-addim-bu-olk%c9%99ni-qorumaq-ucun","status":"publish","type":"post","link":"https:\/\/arantv.az\/?p=125829","title":{"rendered":"\u018frdo\u011fandan q\u0259tiyy\u0259tli add\u0131m: Bu \u00f6lk\u0259ni qorumaq \u00fc\u00e7\u00fcn&#8230;"},"content":{"rendered":"<p><strong>T\u00fcrkiy\u0259 Liviya m\u0259s\u0259l\u0259sind\u0259 q\u0259rarl\u0131d\u0131r v\u0259 geri add\u0131m atmayacaq.<\/strong><\/p>\n<p><strong>ARANTV.AZ<\/strong>\u00a0 bildirir ki, bu s\u00f6zl\u0259ri\u00a0Axar.az-a a\u00e7\u0131qlamas\u0131nda politoloq\u00a0<strong>Qabil H\u00fcseynli<\/strong>\u00a0T\u00fcrkiy\u0259nin Liviya Milli Raz\u0131l\u0131q H\u00f6kum\u0259ti il\u0259 Tripoli yax\u0131nl\u0131\u011f\u0131nda h\u0259rbi baza tikilm\u0259si \u00fc\u00e7\u00fcn aktiv dan\u0131\u015f\u0131qlar aparmas\u0131n\u0131 \u015f\u0259rh ed\u0259rk\u0259n deyib. O bildirib ki, Liviya \u0259traf\u0131nda ged\u0259n siyasi prosesl\u0259r olduqca q\u0259liz bir m\u00fcst\u0259viy\u0259 ke\u00e7ib:<\/p>\n<p>&#8220;T\u00fcrkiy\u0259nin Liviyada h\u0259rbi baza yaratmaq ist\u0259yi olduqca \u00e7\u0259tin bir prosesdir. \u00c7\u00fcnki yarad\u0131lacaq h\u0259rbi baza t\u0259kc\u0259 quru qo\u015funlar\u0131 \u00fc\u00e7\u00fcn n\u0259z\u0259rd\u0259 tutulmay\u0131b. Burada h\u0259m\u00e7inin H\u0259rbi D\u0259niz Q\u00fcvv\u0259l\u0259rinin x\u00fcsusi t\u0259yinatlar\u0131, zirehli texnikalar, h\u0259rbi t\u0259yyar\u0259l\u0259r \u00fc\u00e7\u00fcn u\u00e7u\u015f yerl\u0259rinin d\u0259 olmas\u0131 n\u0259z\u0259rd\u0259 tutulur. Bu is\u0259 olduqca b\u00f6y\u00fck v\u0259sait dem\u0259kdir. Lakin T\u00fcrkiy\u0259 bu m\u0259s\u0259l\u0259d\u0259 q\u0259rarl\u0131d\u0131r. D\u00fc\u015f\u00fcn\u00fcr\u0259m, haz\u0131rk\u0131 v\u0259ziyy\u0259td\u0259 n\u0259s\u0259 dem\u0259k tezdir. Sad\u0259c\u0259 onu dey\u0259 bil\u0259rik ki, art\u0131q T\u00fcrkiy\u0259 tanklar\u0131 v\u0259 x\u00fcsusi t\u0259yinatl\u0131lar\u0131 Liviyan\u0131n qanuni h\u00f6kum\u0259tini qorumaq m\u0259qs\u0259dil\u0259 paytaxt Tripolid\u0259dir. T\u00fcrkiy\u0259 h\u0259rbi donanmas\u0131 is\u0259 Liviya sahill\u0259ri \u0259traf\u0131nda l\u00f6vb\u0259r sal\u0131b&#8221;.<\/p>\n<p><strong>Politoloq qeyd edib ki, T\u00fcrkiy\u0259nin Liviyadak\u0131 f\u0259aliyy\u0259tl\u0259rini NATO-dak\u0131 m\u00fctt\u0259fiql\u0259ri d\u0259st\u0259kl\u0259mir:<\/strong><\/p>\n<p>&#8220;AB\u015e T\u00fcrkiy\u0259y\u0259 Liviyadak\u0131 h\u0259rbi f\u0259aliyy\u0259tl\u0259ri il\u0259 ba\u011fl\u0131 x\u0259b\u0259rdarl\u0131q edib. AB\u015e-la birg\u0259 Almaniya v\u0259 dig\u0259r Avropa \u00f6lk\u0259l\u0259ri d\u0259 T\u00fcrkiy\u0259y\u0259 narahatl\u0131qlar\u0131n\u0131 bildiribl\u0259r.<\/p>\n<div>\n<div id=\"AdviadNativeVideo0\" class=\"AdviadNativeVideo\"><\/div>\n<\/div>\n<p>Moskva v\u0259 Cenevr\u0259 g\u00f6r\u00fc\u015fl\u0259rind\u0259 X\u0259lif\u0259 Haftar he\u00e7 bir r\u0259smi s\u0259n\u0259d\u0259 qol \u00e7\u0259km\u0259di. Daha sonra da Liviyaya qay\u0131daraq at\u0259\u015fk\u0259si d\u0259rhal pozdu v\u0259 h\u0259rbi \u0259m\u0259liyyatlara davam \u0259mrini verdi. Bu bax\u0131mdan dey\u0259 bil\u0259r\u0259m ki, Liviyada at\u0259\u015fk\u0259si pozan Haftard\u0131r. T\u00fcrkiy\u0259 is\u0259 sad\u0259c\u0259 olaraq Liviyan\u0131n qanuni hakimiyy\u0259tini d\u0259st\u0259kl\u0259yir. Bu, T\u00fcrkiy\u0259 b\u00fcdc\u0259sin\u0259 olduqca a\u011f\u0131r t\u0259sir g\u00f6st\u0259rs\u0259 d\u0259, g\u0259l\u0259c\u0259kd\u0259 Liviya-T\u00fcrkiy\u0259 m\u00fcnasib\u0259tl\u0259ri v\u0259 T\u00fcrkiy\u0259nin regional m\u00f6vqel\u0259ri bax\u0131m\u0131ndan faydalar\u0131 da olacaq&#8221;.<\/p>\n","protected":false},"excerpt":{"rendered":"<p>T\u00fcrkiy\u0259 Liviya m\u0259s\u0259l\u0259sind\u0259 q\u0259rarl\u0131d\u0131r v\u0259 geri add\u0131m atmayacaq. ARANTV.AZ\u00a0 bildirir ki, bu s\u00f6zl\u0259ri\u00a0Axar.az-a a\u00e7\u0131qlamas\u0131nda politoloq\u00a0Qabil H\u00fcseynli\u00a0T\u00fcrkiy\u0259nin Liviya Milli Raz\u0131l\u0131q H\u00f6kum\u0259ti il\u0259 Tripoli yax\u0131nl\u0131\u011f\u0131nda h\u0259rbi baza tikilm\u0259si \u00fc\u00e7\u00fcn aktiv dan\u0131\u015f\u0131qlar aparmas\u0131n\u0131 \u015f\u0259rh ed\u0259rk\u0259n deyib. O bildirib ki, Liviya \u0259traf\u0131nda ged\u0259n siyasi prosesl\u0259r olduqca q\u0259liz bir m\u00fcst\u0259viy\u0259 ke\u00e7ib: &#8220;T\u00fcrkiy\u0259nin Liviyada h\u0259rbi baza yaratmaq ist\u0259yi olduqca \u00e7\u0259tin bir prosesdir. \u00c7\u00fcnki yarad\u0131lacaq h\u0259rbi baza t\u0259kc\u0259 quru qo\u015funlar\u0131 \u00fc\u00e7\u00fcn n\u0259z\u0259rd\u0259 tutulmay\u0131b. Burada h\u0259m\u00e7inin H\u0259rbi D\u0259niz Q\u00fcvv\u0259l\u0259rinin x\u00fcsusi t\u0259yinatlar\u0131, zirehli texnikalar, h\u0259rbi t\u0259yyar\u0259l\u0259r \u00fc\u00e7\u00fcn u\u00e7u\u015f yerl\u0259rinin d\u0259 olmas\u0131 n\u0259z\u0259rd\u0259 tutulur. Bu is\u0259 olduqca b\u00f6y\u00fck v\u0259sait dem\u0259kdir.&hellip;<\/p>\n","protected":false},"author":2,"featured_media":125830,"comment_status":"closed","ping_status":"closed","sticky":false,"template":"","format":"standard","meta":{"om_disable_all_campaigns":false,"_monsterinsights_skip_tracking":false,"_monsterinsights_sitenote_active":false,"_monsterinsights_sitenote_note":"","_monsterinsights_sitenote_category":0},"categories":[7],"tags":[],"aioseo_notices":[],"gutentor_comment":0,"rttpg_featured_image_url":{"full":["https:\/\/arantv.az\/wp-content\/uploads\/2020\/02\/816306.jpg",800,600,false],"landscape":["https:\/\/arantv.az\/wp-content\/uploads\/2020\/02\/816306.jpg",800,600,false],"portraits":["https:\/\/arantv.az\/wp-content\/uploads\/2020\/02\/816306.jpg",800,600,false],"thumbnail":["https:\/\/arantv.az\/wp-content\/uploads\/2020\/02\/816306-150x150.jpg",150,150,true],"medium":["https:\/\/arantv.az\/wp-content\/uploads\/2020\/02\/816306-300x225.jpg",300,225,true],"large":["https:\/\/arantv.az\/wp-content\/uploads\/2020\/02\/816306.jpg",640,480,false],"1536x1536":["https:\/\/arantv.az\/wp-content\/uploads\/2020\/02\/816306.jpg",800,600,false],"2048x2048":["https:\/\/arantv.az\/wp-content\/uploads\/2020\/02\/816306.jpg",800,600,false],"post-thumbnail":["https:\/\/arantv.az\/wp-content\/uploads\/2020\/02\/816306-240x172.jpg",240,172,true],"advps-thumb-one":["https:\/\/arantv.az\/wp-content\/uploads\/2020\/02\/816306.jpg",800,600,false]},"rttpg_author":{"display_name":"V\u00fcsal Rafiqo\u011flu","author_link":"https:\/\/arantv.az\/?author=2"},"rttpg_comment":0,"rttpg_category":"<a href=\"https:\/\/arantv.az\/?cat=7\" rel=\"category\">D\u00fcnya<\/a>","rttpg_excerpt":"T\u00fcrkiy\u0259 Liviya m\u0259s\u0259l\u0259sind\u0259 q\u0259rarl\u0131d\u0131r v\u0259 geri add\u0131m atmayacaq. ARANTV.AZ\u00a0 bildirir ki, bu s\u00f6zl\u0259ri\u00a0Axar.az-a a\u00e7\u0131qlamas\u0131nda politoloq\u00a0Qabil H\u00fcseynli\u00a0T\u00fcrkiy\u0259nin Liviya Milli Raz\u0131l\u0131q H\u00f6kum\u0259ti il\u0259 Tripoli yax\u0131nl\u0131\u011f\u0131nda h\u0259rbi baza tikilm\u0259si \u00fc\u00e7\u00fcn aktiv dan\u0131\u015f\u0131qlar aparmas\u0131n\u0131 \u015f\u0259rh ed\u0259rk\u0259n deyib. O bildirib ki, Liviya \u0259traf\u0131nda ged\u0259n siyasi prosesl\u0259r olduqca q\u0259liz bir m\u00fcst\u0259viy\u0259 ke\u00e7ib: &#8220;T\u00fcrkiy\u0259nin Liviyada h\u0259rbi baza yaratmaq ist\u0259yi olduqca \u00e7\u0259tin bir&hellip;","_links":{"self":[{"href":"https:\/\/arantv.az\/index.php?rest_route=\/wp\/v2\/posts\/125829"}],"collection":[{"href":"https:\/\/arantv.az\/index.php?rest_route=\/wp\/v2\/posts"}],"about":[{"href":"https:\/\/arantv.az\/index.php?rest_route=\/wp\/v2\/types\/post"}],"author":[{"embeddable":true,"href":"https:\/\/arantv.az\/index.php?rest_route=\/wp\/v2\/users\/2"}],"replies":[{"embeddable":true,"href":"https:\/\/arantv.az\/index.php?rest_route=%2Fwp%2Fv2%2Fcomments&post=125829"}],"version-history":[{"count":0,"href":"https:\/\/arantv.az\/index.php?rest_route=\/wp\/v2\/posts\/125829\/revisions"}],"wp:featuredmedia":[{"embeddable":true,"href":"https:\/\/arantv.az\/index.php?rest_route=\/wp\/v2\/media\/125830"}],"wp:attachment":[{"href":"https:\/\/arantv.az\/index.php?rest_route=%2Fwp%2Fv2%2Fmedia&parent=125829"}],"wp:term":[{"taxonomy":"category","embeddable":true,"href":"https:\/\/arantv.az\/index.php?rest_route=%2Fwp%2Fv2%2Fcategories&post=125829"},{"taxonomy":"post_tag","embeddable":true,"href":"https:\/\/arantv.az\/index.php?rest_route=%2Fwp%2Fv2%2Ftags&post=125829"}],"curies":[{"name":"wp","href":"https:\/\/api.w.org\/{rel}","templated":true}]}}