{"id":125833,"date":"2020-02-01T14:33:45","date_gmt":"2020-02-01T11:33:45","guid":{"rendered":"http:\/\/arantv.az\/?p=125833"},"modified":"2020-02-01T14:33:45","modified_gmt":"2020-02-01T11:33:45","slug":"parlament-seckil%c9%99rind%c9%99-yerli-v%c9%99-beyn%c9%99lxalq-musahid%c9%99cil%c9%99rin-sayi-aciqlanib","status":"publish","type":"post","link":"https:\/\/arantv.az\/?p=125833","title":{"rendered":"Parlament se\u00e7kil\u0259rind\u0259 yerli v\u0259 beyn\u0259lxalq m\u00fc\u015fahid\u0259\u00e7il\u0259rin say\u0131 a\u00e7\u0131qlan\u0131b"},"content":{"rendered":"<p><strong>Az\u0259rbaycanda fevral\u0131n 9-a t\u0259yin edilm\u015f n\u00f6vb\u0259d\u0259nk\u0259nar parlament se\u00e7kil\u0259rind\u0259 indiy\u0259 q\u0259d\u0259r 842 beyn\u0259lxalq m\u00fc\u015fahid\u0259\u00e7i akreditasiyadan ke\u00e7ib.<\/strong><\/p>\n<p><strong>ARANTV.AZ<\/strong>\u00a0\u00a0<a href=\"http:\/\/az.trend.az\/\" target=\"_blank\" rel=\"noopener\">Trend<\/a>-\u0259 istinad\u0259n bildirir ki,\u00a0bunu M\u0259rk\u0259zi Se\u00e7ki Komissiyas\u0131n\u0131n s\u0259dri M\u0259zahir P\u0259nahov MSK-n\u0131n bu g\u00fcn ke\u00e7iril\u0259n iclas\u0131nda deyib.<\/p>\n<p>M.P\u0259nahov \u0259lav\u0259 edib ki, yerli m\u00fc\u015fahi\u0259\u00e7il\u0259rin say\u0131 65766 n\u0259f\u0259r\u0259 \u00e7at\u0131b.<\/p>\n<p>MSK s\u0259dri deyib ki, beyn\u0259lxalq m\u00fc\u015fahid\u0259\u00e7il\u0259r 55 \u00f6lk\u0259ni v\u0259 56 t\u0259\u015fkilat\u0131 t\u0259msil edir. M.P\u0259nahov bildirib ki, beyn\u0259lxalq m\u00fc\u015fahid\u0259\u00e7il\u0259r h\u0259m say bax\u0131m\u0131ndan kifay\u0259t q\u0259d\u0259rdir, h\u0259m d\u0259 \u00e7o\u011frafi bax\u0131mdan kifay\u0259t q\u0259d\u0259r \u0259hat\u0259lidir.<\/p>\n","protected":false},"excerpt":{"rendered":"<p>Az\u0259rbaycanda fevral\u0131n 9-a t\u0259yin edilm\u015f n\u00f6vb\u0259d\u0259nk\u0259nar parlament se\u00e7kil\u0259rind\u0259 indiy\u0259 q\u0259d\u0259r 842 beyn\u0259lxalq m\u00fc\u015fahid\u0259\u00e7i akreditasiyadan ke\u00e7ib. ARANTV.AZ\u00a0\u00a0Trend-\u0259 istinad\u0259n bildirir ki,\u00a0bunu M\u0259rk\u0259zi Se\u00e7ki Komissiyas\u0131n\u0131n s\u0259dri M\u0259zahir P\u0259nahov MSK-n\u0131n bu g\u00fcn ke\u00e7iril\u0259n iclas\u0131nda deyib. M.P\u0259nahov \u0259lav\u0259 edib ki, yerli m\u00fc\u015fahi\u0259\u00e7il\u0259rin say\u0131 65766 n\u0259f\u0259r\u0259 \u00e7at\u0131b. MSK s\u0259dri deyib ki, beyn\u0259lxalq m\u00fc\u015fahid\u0259\u00e7il\u0259r 55 \u00f6lk\u0259ni v\u0259 56 t\u0259\u015fkilat\u0131 t\u0259msil edir. M.P\u0259nahov bildirib ki, beyn\u0259lxalq m\u00fc\u015fahid\u0259\u00e7il\u0259r h\u0259m say bax\u0131m\u0131ndan kifay\u0259t q\u0259d\u0259rdir, h\u0259m d\u0259 \u00e7o\u011frafi bax\u0131mdan kifay\u0259t q\u0259d\u0259r \u0259hat\u0259lidir.<\/p>\n","protected":false},"author":2,"featured_media":125834,"comment_status":"closed","ping_status":"closed","sticky":false,"template":"","format":"standard","meta":{"om_disable_all_campaigns":false,"_monsterinsights_skip_tracking":false,"_monsterinsights_sitenote_active":false,"_monsterinsights_sitenote_note":"","_monsterinsights_sitenote_category":0},"categories":[19],"tags":[],"aioseo_notices":[],"gutentor_comment":0,"rttpg_featured_image_url":{"full":["https:\/\/arantv.az\/wp-content\/uploads\/2020\/02\/822515.jpg",1200,900,false],"landscape":["https:\/\/arantv.az\/wp-content\/uploads\/2020\/02\/822515.jpg",1200,900,false],"portraits":["https:\/\/arantv.az\/wp-content\/uploads\/2020\/02\/822515.jpg",1200,900,false],"thumbnail":["https:\/\/arantv.az\/wp-content\/uploads\/2020\/02\/822515-150x150.jpg",150,150,true],"medium":["https:\/\/arantv.az\/wp-content\/uploads\/2020\/02\/822515-300x225.jpg",300,225,true],"large":["https:\/\/arantv.az\/wp-content\/uploads\/2020\/02\/822515-1024x768.jpg",640,480,true],"1536x1536":["https:\/\/arantv.az\/wp-content\/uploads\/2020\/02\/822515.jpg",1200,900,false],"2048x2048":["https:\/\/arantv.az\/wp-content\/uploads\/2020\/02\/822515.jpg",1200,900,false],"post-thumbnail":["https:\/\/arantv.az\/wp-content\/uploads\/2020\/02\/822515-240x172.jpg",240,172,true],"advps-thumb-one":["https:\/\/arantv.az\/wp-content\/uploads\/2020\/02\/822515-1200x620.jpg",1200,620,true]},"rttpg_author":{"display_name":"V\u00fcsal Rafiqo\u011flu","author_link":"https:\/\/arantv.az\/?author=2"},"rttpg_comment":0,"rttpg_category":"<a href=\"https:\/\/arantv.az\/?cat=19\" rel=\"category\">G\u00fcnd\u0259m<\/a>","rttpg_excerpt":"Az\u0259rbaycanda fevral\u0131n 9-a t\u0259yin edilm\u015f n\u00f6vb\u0259d\u0259nk\u0259nar parlament se\u00e7kil\u0259rind\u0259 indiy\u0259 q\u0259d\u0259r 842 beyn\u0259lxalq m\u00fc\u015fahid\u0259\u00e7i akreditasiyadan ke\u00e7ib. ARANTV.AZ\u00a0\u00a0Trend-\u0259 istinad\u0259n bildirir ki,\u00a0bunu M\u0259rk\u0259zi Se\u00e7ki Komissiyas\u0131n\u0131n s\u0259dri M\u0259zahir P\u0259nahov MSK-n\u0131n bu g\u00fcn ke\u00e7iril\u0259n iclas\u0131nda deyib. M.P\u0259nahov \u0259lav\u0259 edib ki, yerli m\u00fc\u015fahi\u0259\u00e7il\u0259rin say\u0131 65766 n\u0259f\u0259r\u0259 \u00e7at\u0131b. MSK s\u0259dri deyib ki, beyn\u0259lxalq m\u00fc\u015fahid\u0259\u00e7il\u0259r 55 \u00f6lk\u0259ni v\u0259 56 t\u0259\u015fkilat\u0131 t\u0259msil edir. M.P\u0259nahov&hellip;","_links":{"self":[{"href":"https:\/\/arantv.az\/index.php?rest_route=\/wp\/v2\/posts\/125833"}],"collection":[{"href":"https:\/\/arantv.az\/index.php?rest_route=\/wp\/v2\/posts"}],"about":[{"href":"https:\/\/arantv.az\/index.php?rest_route=\/wp\/v2\/types\/post"}],"author":[{"embeddable":true,"href":"https:\/\/arantv.az\/index.php?rest_route=\/wp\/v2\/users\/2"}],"replies":[{"embeddable":true,"href":"https:\/\/arantv.az\/index.php?rest_route=%2Fwp%2Fv2%2Fcomments&post=125833"}],"version-history":[{"count":0,"href":"https:\/\/arantv.az\/index.php?rest_route=\/wp\/v2\/posts\/125833\/revisions"}],"wp:featuredmedia":[{"embeddable":true,"href":"https:\/\/arantv.az\/index.php?rest_route=\/wp\/v2\/media\/125834"}],"wp:attachment":[{"href":"https:\/\/arantv.az\/index.php?rest_route=%2Fwp%2Fv2%2Fmedia&parent=125833"}],"wp:term":[{"taxonomy":"category","embeddable":true,"href":"https:\/\/arantv.az\/index.php?rest_route=%2Fwp%2Fv2%2Fcategories&post=125833"},{"taxonomy":"post_tag","embeddable":true,"href":"https:\/\/arantv.az\/index.php?rest_route=%2Fwp%2Fv2%2Ftags&post=125833"}],"curies":[{"name":"wp","href":"https:\/\/api.w.org\/{rel}","templated":true}]}}