{"id":125861,"date":"2020-02-01T15:18:48","date_gmt":"2020-02-01T12:18:48","guid":{"rendered":"http:\/\/arantv.az\/?p=125861"},"modified":"2020-02-01T15:18:48","modified_gmt":"2020-02-01T12:18:48","slug":"az%c9%99rbaycan-xin-bu-turkiy%c9%99-il%c9%99-qardasligimizin-novb%c9%99ti-bariz-numun%c9%99sidir","status":"publish","type":"post","link":"https:\/\/arantv.az\/?p=125861","title":{"rendered":"Az\u0259rbaycan X\u0130N: \u201cBu, T\u00fcrkiy\u0259 il\u0259 qarda\u015fl\u0131\u011f\u0131m\u0131z\u0131n n\u00f6vb\u0259ti bariz n\u00fcmun\u0259sidir\u201d"},"content":{"rendered":"<p>Az\u0259rbaycan Respublikas\u0131n\u0131n Prezidenti \u0130lham \u018fliyev v\u0259 T\u00fcrkiy\u0259 Respublikas\u0131n\u0131n Prezidenti R\u0259c\u0259b Tayyib \u018frdo\u011fan\u0131n irad\u0259sin\u0259, Az\u0259rbaycan v\u0259 T\u00fcrkiy\u0259 aras\u0131ndak\u0131 qarda\u015fl\u0131q \u0259laq\u0259l\u0259rinin ruhuna uy\u011fun olaraq, T\u00fcrkiy\u0259y\u0259 m\u0259xsus t\u0259yyar\u0259 il\u0259 bu ilin 1 fevral tarixind\u0259 Az\u0259rbaycan v\u0259t\u0259nda\u015flar\u0131 T\u00fcrkiy\u0259 v\u0259t\u0259nda\u015flar\u0131 il\u0259 birlikd\u0259 \u00c7in Xalq Respublikas\u0131n\u0131n Uxan \u015f\u0259h\u0259rind\u0259n t\u0259xliyy\u0259 edilibl\u0259r.<\/p>\n<p>Bunu Xarici \u0130\u015fl\u0259r Nazirliyinin m\u0259tbuat xidm\u0259ti idar\u0259sinin r\u0259isi Leyla Abdullayeva Oxu.Az-\u0131n sor\u011fusuna cavab olaraq a\u00e7\u0131qlamas\u0131nda bildirib.<\/p>\n<p>O qeyd edib ki, t\u0259yyar\u0259nin bu g\u00fcn ax\u015fam rad\u0259l\u0259rind\u0259 T\u00fcrkiy\u0259 \u0259razisin\u0259 enm\u0259si g\u00f6zl\u0259nilir:<\/p>\n<p>\u201cBununla \u0259laq\u0259dar olaraq qarda\u015f T\u00fcrkiy\u0259 Respublikas\u0131na t\u0259\u015f\u0259kk\u00fcr\u00fcm\u00fcz\u00fc ifad\u0259 edirik. Bu, Az\u0259rbaycan v\u0259 T\u00fcrkiy\u0259 qarda\u015fl\u0131\u011f\u0131n\u0131n n\u00f6vb\u0259ti bariz n\u00fcmun\u0259sidir.<\/p>\n<p>U\u00e7u\u015fdan \u00f6nc\u0259 t\u0259xliyy\u0259 olan v\u0259t\u0259nda\u015flar\u0131m\u0131z h\u0259kim m\u00fcayin\u0259sind\u0259n ke\u00e7ibl\u0259r, onlar\u0131n sa\u011flaml\u0131q durumu q\u0259na\u0259tb\u0259x\u015fdir. V\u0259t\u0259nda\u015flar\u0131m\u0131z k\u00f6n\u00fcll\u00fc \u0259sasda 2 h\u0259ft\u0259lik m\u00fcdd\u0259td\u0259 T\u00fcrkiy\u0259 \u0259razisind\u0259 karantin v\u0259ziyy\u0259tind\u0259 saxlan\u0131lacaqlar, daha sonra Az\u0259rbaycana qay\u0131dacaqlar. V\u0259t\u0259nda\u015flar\u0131m\u0131za g\u00f6st\u0259rdikl\u0259ri d\u0259st\u0259y\u0259 g\u00f6r\u0259, h\u0259m\u00e7inin \u00c7in Xalq Respublikas\u0131 h\u00f6kum\u0259tin\u0259 d\u0259 t\u0259\u015f\u0259kk\u00fcr\u00fcm\u00fcz\u00fc bildirir v\u0259 bu m\u00fcv\u0259qq\u0259ti \u00e7\u0259tin g\u00fcnl\u0259rd\u0259 dost \u00c7in xalq\u0131 v\u0259 d\u00f6vl\u0259ti il\u0259 h\u0259mr\u0259ylimizi ifad\u0259 edirik\u201d.<\/p>\n","protected":false},"excerpt":{"rendered":"<p>Az\u0259rbaycan Respublikas\u0131n\u0131n Prezidenti \u0130lham \u018fliyev v\u0259 T\u00fcrkiy\u0259 Respublikas\u0131n\u0131n Prezidenti R\u0259c\u0259b Tayyib \u018frdo\u011fan\u0131n irad\u0259sin\u0259, Az\u0259rbaycan v\u0259 T\u00fcrkiy\u0259 aras\u0131ndak\u0131 qarda\u015fl\u0131q \u0259laq\u0259l\u0259rinin ruhuna uy\u011fun olaraq, T\u00fcrkiy\u0259y\u0259 m\u0259xsus t\u0259yyar\u0259 il\u0259 bu ilin 1 fevral tarixind\u0259 Az\u0259rbaycan v\u0259t\u0259nda\u015flar\u0131 T\u00fcrkiy\u0259 v\u0259t\u0259nda\u015flar\u0131 il\u0259 birlikd\u0259 \u00c7in Xalq Respublikas\u0131n\u0131n Uxan \u015f\u0259h\u0259rind\u0259n t\u0259xliyy\u0259 edilibl\u0259r. Bunu Xarici \u0130\u015fl\u0259r Nazirliyinin m\u0259tbuat xidm\u0259ti idar\u0259sinin r\u0259isi Leyla Abdullayeva Oxu.Az-\u0131n sor\u011fusuna cavab olaraq a\u00e7\u0131qlamas\u0131nda bildirib. O qeyd edib ki, t\u0259yyar\u0259nin bu g\u00fcn ax\u015fam rad\u0259l\u0259rind\u0259 T\u00fcrkiy\u0259 \u0259razisin\u0259 enm\u0259si g\u00f6zl\u0259nilir: \u201cBununla \u0259laq\u0259dar olaraq qarda\u015f T\u00fcrkiy\u0259 Respublikas\u0131na t\u0259\u015f\u0259kk\u00fcr\u00fcm\u00fcz\u00fc ifad\u0259 edirik. Bu, Az\u0259rbaycan v\u0259 T\u00fcrkiy\u0259 qarda\u015fl\u0131\u011f\u0131n\u0131n n\u00f6vb\u0259ti bariz n\u00fcmun\u0259sidir.&hellip;<\/p>\n","protected":false},"author":2,"featured_media":125862,"comment_status":"closed","ping_status":"closed","sticky":false,"template":"","format":"standard","meta":{"om_disable_all_campaigns":false,"_monsterinsights_skip_tracking":false,"_monsterinsights_sitenote_active":false,"_monsterinsights_sitenote_note":"","_monsterinsights_sitenote_category":0},"categories":[4],"tags":[],"aioseo_notices":[],"gutentor_comment":0,"rttpg_featured_image_url":{"full":["https:\/\/arantv.az\/wp-content\/uploads\/2020\/02\/xin.jpg",620,335,false],"landscape":["https:\/\/arantv.az\/wp-content\/uploads\/2020\/02\/xin.jpg",620,335,false],"portraits":["https:\/\/arantv.az\/wp-content\/uploads\/2020\/02\/xin.jpg",620,335,false],"thumbnail":["https:\/\/arantv.az\/wp-content\/uploads\/2020\/02\/xin-150x150.jpg",150,150,true],"medium":["https:\/\/arantv.az\/wp-content\/uploads\/2020\/02\/xin-300x162.jpg",300,162,true],"large":["https:\/\/arantv.az\/wp-content\/uploads\/2020\/02\/xin.jpg",620,335,false],"1536x1536":["https:\/\/arantv.az\/wp-content\/uploads\/2020\/02\/xin.jpg",620,335,false],"2048x2048":["https:\/\/arantv.az\/wp-content\/uploads\/2020\/02\/xin.jpg",620,335,false],"post-thumbnail":["https:\/\/arantv.az\/wp-content\/uploads\/2020\/02\/xin-240x172.jpg",240,172,true],"advps-thumb-one":["https:\/\/arantv.az\/wp-content\/uploads\/2020\/02\/xin.jpg",620,335,false]},"rttpg_author":{"display_name":"V\u00fcsal Rafiqo\u011flu","author_link":"https:\/\/arantv.az\/?author=2"},"rttpg_comment":0,"rttpg_category":"<a href=\"https:\/\/arantv.az\/?cat=4\" rel=\"category\">Siyas\u0259t<\/a>","rttpg_excerpt":"Az\u0259rbaycan Respublikas\u0131n\u0131n Prezidenti \u0130lham \u018fliyev v\u0259 T\u00fcrkiy\u0259 Respublikas\u0131n\u0131n Prezidenti R\u0259c\u0259b Tayyib \u018frdo\u011fan\u0131n irad\u0259sin\u0259, Az\u0259rbaycan v\u0259 T\u00fcrkiy\u0259 aras\u0131ndak\u0131 qarda\u015fl\u0131q \u0259laq\u0259l\u0259rinin ruhuna uy\u011fun olaraq, T\u00fcrkiy\u0259y\u0259 m\u0259xsus t\u0259yyar\u0259 il\u0259 bu ilin 1 fevral tarixind\u0259 Az\u0259rbaycan v\u0259t\u0259nda\u015flar\u0131 T\u00fcrkiy\u0259 v\u0259t\u0259nda\u015flar\u0131 il\u0259 birlikd\u0259 \u00c7in Xalq Respublikas\u0131n\u0131n Uxan \u015f\u0259h\u0259rind\u0259n t\u0259xliyy\u0259 edilibl\u0259r. Bunu Xarici \u0130\u015fl\u0259r Nazirliyinin m\u0259tbuat xidm\u0259ti idar\u0259sinin r\u0259isi Leyla Abdullayeva Oxu.Az-\u0131n&hellip;","_links":{"self":[{"href":"https:\/\/arantv.az\/index.php?rest_route=\/wp\/v2\/posts\/125861"}],"collection":[{"href":"https:\/\/arantv.az\/index.php?rest_route=\/wp\/v2\/posts"}],"about":[{"href":"https:\/\/arantv.az\/index.php?rest_route=\/wp\/v2\/types\/post"}],"author":[{"embeddable":true,"href":"https:\/\/arantv.az\/index.php?rest_route=\/wp\/v2\/users\/2"}],"replies":[{"embeddable":true,"href":"https:\/\/arantv.az\/index.php?rest_route=%2Fwp%2Fv2%2Fcomments&post=125861"}],"version-history":[{"count":0,"href":"https:\/\/arantv.az\/index.php?rest_route=\/wp\/v2\/posts\/125861\/revisions"}],"wp:featuredmedia":[{"embeddable":true,"href":"https:\/\/arantv.az\/index.php?rest_route=\/wp\/v2\/media\/125862"}],"wp:attachment":[{"href":"https:\/\/arantv.az\/index.php?rest_route=%2Fwp%2Fv2%2Fmedia&parent=125861"}],"wp:term":[{"taxonomy":"category","embeddable":true,"href":"https:\/\/arantv.az\/index.php?rest_route=%2Fwp%2Fv2%2Fcategories&post=125861"},{"taxonomy":"post_tag","embeddable":true,"href":"https:\/\/arantv.az\/index.php?rest_route=%2Fwp%2Fv2%2Ftags&post=125861"}],"curies":[{"name":"wp","href":"https:\/\/api.w.org\/{rel}","templated":true}]}}