{"id":125865,"date":"2020-02-01T15:20:15","date_gmt":"2020-02-01T12:20:15","guid":{"rendered":"http:\/\/arantv.az\/?p=125865"},"modified":"2020-02-01T15:20:15","modified_gmt":"2020-02-01T12:20:15","slug":"as-pa-nin-q%c9%99tnam%c9%99si-az%c9%99rbaycandaki-real-v%c9%99ziyy%c9%99t%c9%99-uygun-deyil-aydin-quliyev","status":"publish","type":"post","link":"https:\/\/arantv.az\/?p=125865","title":{"rendered":"A\u015e PA-n\u0131n q\u0259tnam\u0259si Az\u0259rbaycandak\u0131 real v\u0259ziyy\u0259t\u0259 uy\u011fun deyil &#8211; Ayd\u0131n Quliyev"},"content":{"rendered":"<p>Avropa \u015euras\u0131 Parlament Assambleyas\u0131n\u0131n (A\u015e PA) Az\u0259rbaycanda siyasi m\u0259hbuslar m\u0259s\u0259l\u0259s\u0131 il\u0259 ba\u011fl\u0131 q\u0259tnam\u0259si bu qurumun \u00f6lk\u0259miz\u0259 q\u0259r\u0259zli m\u00fcnasib\u0259td\u0259 olan q\u00fcvv\u0259l\u0259rin t\u0259siri alt\u0131nda i\u015fl\u0259diyini bir daha s\u00fcbut edir.<\/p>\n<p><strong>ARANTV.AZ<\/strong> bildirir ki, bunu\u00a0<a href=\"http:\/\/az.trend.az\/\" target=\"_blank\" rel=\"noopener\">Trend<\/a>-\u0259\u00a0a\u00e7\u0131qlamas\u0131nda &#8220;Bak\u0131 x\u0259b\u0259r&#8221; q\u0259zetinin ba\u015f redaktoru, siyasi ekspert Ayd\u0131n Quliyev A\u015e PA-n\u0131n q\u0131\u015f sessiyas\u0131nda &#8220;Az\u0259rbaycanda siyasi m\u0259hbuslarla ba\u011fl\u0131 m\u0259lumatlar haqq\u0131nda i\u015f&#8221; \u00fczr\u0259 q\u0259tnam\u0259sin\u0259 m\u00fcnasib\u0259t bildirir\u0259k\u0259n deyib.<\/p>\n<p>Onun s\u00f6zl\u0259rin\u0259 g\u00f6r\u0259, erm\u0259nip\u0259r\u0259st dair\u0259l\u0259rin g\u00fccl\u00fc oldu\u011fu A\u015e PA-da bel\u0259 q\u0259tnam\u0259nin q\u0259bul edilm\u0259si Az\u0259rbaycandak\u0131 real v\u0259ziyy\u0259t\u0259 uy\u011fun deyil v\u0259 q\u0259tnam\u0259nin m\u0259hz q\u0131\u015f sessiyas\u0131 d\u00f6vr\u00fcn\u0259 d\u00fc\u015fm\u0259si t\u0259sad\u00fcfi xarakter da\u015f\u0131m\u0131r: &#8220;A\u015e PA r\u0259hb\u0259rliyi v\u0259 m\u0259lum t\u0259sir alt\u0131nda olan deputatlar bel\u0259 q\u0259tnam\u0259l\u0259r \u00fc\u00e7\u00fcn informasiyalar\u0131 Az\u0259rbaycandak\u0131 radikal m\u00fcxalif\u0259t \u00e7evr\u0259l\u0259rind\u0259n ald\u0131qlar\u0131n\u0131 v\u0259 onlarla \u0259lbir i\u015fl\u0259dikl\u0259rini bir daha s\u00fcbut etmi\u015f olurlar. A\u015e PA strukturlar\u0131n\u0131n Az\u0259rbaycan\u0131n r\u0259smi d\u00f6vl\u0259t orqanlar\u0131, ictimaiyy\u0259tin tan\u0131d\u0131\u011f\u0131 qeyri-h\u00f6kum\u0259t sektoru v\u0259 t\u0259r\u0259fsiz media il\u0259 m\u00f6t\u0259b\u0259r \u0259m\u0259kda\u015fl\u0131q m\u00fcnasib\u0259tl\u0259ri qurmaqda maraql\u0131 olmad\u0131qlar\u0131 \u00f6z\u00fcn\u00fc davaml\u0131 olaraq g\u00f6st\u0259rir.<\/p>\n<p>Eyni zamanda, A\u015e PA-n\u0131n q\u0259tnam\u0259si v\u0259 Almaniyada hans\u0131sa deputat\u0131n\u0131n guya Az\u0259rbaycanla qeyri-\u015f\u0259ffaf lobbi\u00e7ilik \u0259m\u0259kda\u015fl\u0131\u011f\u0131nda oldu\u011fu bar\u0259d\u0259 i\u015fin d\u00fcz\u00fcl\u00fcb-qo\u015fulmas\u0131 eyni prosesin t\u0259rkib hiss\u0259l\u0259ridir v\u0259 onlar\u0131n vahid anti-Az\u0259rbaycan m\u0259rk\u0259zl\u0259rd\u0259n idar\u0259 olundu\u011fu \u015f\u00fcbh\u0259sizdir. Az\u0259rbaycanda siyasi m\u0259hbus ad\u0131 alt\u0131nda manipulyasiya edil\u0259n \u015f\u0259xsl\u0259rin \u0259slind\u0259 konkret kriminal \u0259m\u0259ll\u0259rl\u0259 ba\u011fl\u0131 oldu\u011funu g\u00f6rm\u0259m\u0259k A\u015e PA \u00fc\u00e7\u00fcn Az\u0259rbaycana q\u0259tiyy\u0259n obyektiv m\u00fcnasib\u0259t g\u00f6st\u0259ricisi say\u0131la bilm\u0259z. T\u0259k son iki ild\u0259 Fransada 100-\u0259 yax\u0131n, Almaniyada 30-dan \u00e7ox jurnalistin x\u0259sar\u0259tli zorak\u0131l\u0131qlara m\u0259ruz qalmas\u0131 faktlar\u0131na A\u015e PA-n\u0131n art\u0131q d\u0259r\u0259c\u0259d\u0259 &#8220;d\u00f6z\u00fcml\u00fc&#8221; yana\u015fmas\u0131 faktd\u0131r v\u0259 Az\u0259rbaycanda olmayan m\u0259s\u0259l\u0259ni siyasi m\u0259hbus problemi kimi q\u0259tnam\u0259 alt\u0131na salma\u011f\u0131n arxas\u0131nda ba\u015fqa m\u0259tl\u0259bl\u0259rin oldu\u011fu q\u0259na\u0259tin\u0259 g\u0259lm\u0259y\u0259 \u0259sas verir&#8221;.<\/p>\n<p>Ekspert bildirib ki, d\u00fcnyada Az\u0259rbaycan\u0131n m\u00f6hk\u0259ml\u0259n\u0259n m\u00f6vqeyi v\u0259 Da\u011fl\u0131q Qaraba\u011f m\u0259s\u0259l\u0259sinin h\u0259lli prosesind\u0259 pozitiv t\u0259rp\u0259ni\u015fl\u0259r \u00f6z\u00fcn\u00fc g\u00f6st\u0259r\u0259n kimi Avropadak\u0131 b\u0259zi p\u0259rd\u0259arxas\u0131 q\u00fcvv\u0259l\u0259r f\u0259alla\u015f\u0131r: &#8220;Bu motivin t\u0259siri alt\u0131nda is\u0259 insan h\u00fcquqlar\u0131, demokratiya v\u0259 siyasi m\u0259hbuslar m\u00f6vzusu h\u0259min q\u00fcvv\u0259l\u0259rin \u0259lind\u0259 d\u0259yi\u015fm\u0259y\u0259n daimi manipulyasiya v\u0259 t\u0259zyiq \u00fcsuluna \u00e7evrilir. Avropa parlamentinin bu yax\u0131nlarda Az\u0259rbaycan\u0131n \u0259razi b\u00fct\u00f6vl\u00fcy\u00fcn\u00fc d\u0259st\u0259kl\u0259y\u0259n q\u0259tnam\u0259 q\u0259bul etm\u0259sini v\u0259 Cenevr\u0259d\u0259 Qaraba\u011f dan\u0131\u015f\u0131qlar\u0131n\u0131n Erm\u0259nistan \u00fc\u00e7\u00fcn \u00e7ox g\u0259rgin ke\u00e7\u0259c\u0259yinin \u0259vv\u0259ld\u0259n m\u0259lum olmas\u0131n\u0131 g\u00f6r\u00fcn\u00fcr b\u0259zi q\u00fcvv\u0259l\u0259r q\u0259bul ed\u0259 bilm\u0259dil\u0259r. H\u0259qiq\u0259t\u0259n d\u0259 yax\u0131n h\u0259ft\u0259l\u0259rd\u0259 Avroparlamentin tan\u0131nm\u0131\u015f s\u0259rh\u0259dl\u0259r daxilind\u0259 Az\u0259rbaycan\u0131n \u0259razi b\u00fct\u00f6vl\u00fcy\u00fcn\u00fc d\u0259st\u0259kl\u0259y\u0259n s\u0259n\u0259di q\u0259bul etm\u0259sin\u0259 qar\u015f\u0131 erm\u0259ni lobbisinin s\u0259yl\u0259ri n\u0259tic\u0259siz qald\u0131. Cenevr\u0259d\u0259 is\u0259 X\u0130N r\u0259hb\u0259rl\u0259rinin tarixd\u0259 Erm\u0259nistan \u00fc\u00e7\u00fcn \u0259n g\u0259rgin ke\u00e7mi\u015f g\u00f6r\u00fc\u015f\u00fcn\u00fc ba\u015f nazir Pa\u015finyan\u0131n \u00f6nc\u0259d\u0259n pozma\u011fa y\u00f6n\u0259lmi\u015f s\u0259yl\u0259ri d\u0259 iflasa u\u011frad\u0131. B\u00fct\u00fcn bunlar beyn\u0259lxalq miqyasda Erm\u0259nistan \u00fc\u00e7\u00fcn getdikc\u0259 daha \u0259lveri\u015fsiz m\u00f6vqenin yarand\u0131\u011f\u0131n\u0131 s\u00fcbut ed\u0259n faktlard\u0131r&#8221;.<\/p>\n","protected":false},"excerpt":{"rendered":"<p>Avropa \u015euras\u0131 Parlament Assambleyas\u0131n\u0131n (A\u015e PA) Az\u0259rbaycanda siyasi m\u0259hbuslar m\u0259s\u0259l\u0259s\u0131 il\u0259 ba\u011fl\u0131 q\u0259tnam\u0259si bu qurumun \u00f6lk\u0259miz\u0259 q\u0259r\u0259zli m\u00fcnasib\u0259td\u0259 olan q\u00fcvv\u0259l\u0259rin t\u0259siri alt\u0131nda i\u015fl\u0259diyini bir daha s\u00fcbut edir. ARANTV.AZ bildirir ki, bunu\u00a0Trend-\u0259\u00a0a\u00e7\u0131qlamas\u0131nda &#8220;Bak\u0131 x\u0259b\u0259r&#8221; q\u0259zetinin ba\u015f redaktoru, siyasi ekspert Ayd\u0131n Quliyev A\u015e PA-n\u0131n q\u0131\u015f sessiyas\u0131nda &#8220;Az\u0259rbaycanda siyasi m\u0259hbuslarla ba\u011fl\u0131 m\u0259lumatlar haqq\u0131nda i\u015f&#8221; \u00fczr\u0259 q\u0259tnam\u0259sin\u0259 m\u00fcnasib\u0259t bildirir\u0259k\u0259n deyib. Onun s\u00f6zl\u0259rin\u0259 g\u00f6r\u0259, erm\u0259nip\u0259r\u0259st dair\u0259l\u0259rin g\u00fccl\u00fc oldu\u011fu A\u015e PA-da bel\u0259 q\u0259tnam\u0259nin q\u0259bul edilm\u0259si Az\u0259rbaycandak\u0131 real v\u0259ziyy\u0259t\u0259 uy\u011fun deyil v\u0259 q\u0259tnam\u0259nin m\u0259hz q\u0131\u015f sessiyas\u0131 d\u00f6vr\u00fcn\u0259 d\u00fc\u015fm\u0259si t\u0259sad\u00fcfi xarakter da\u015f\u0131m\u0131r: &#8220;A\u015e PA r\u0259hb\u0259rliyi v\u0259 m\u0259lum t\u0259sir&hellip;<\/p>\n","protected":false},"author":2,"featured_media":125866,"comment_status":"closed","ping_status":"closed","sticky":false,"template":"","format":"standard","meta":{"om_disable_all_campaigns":false,"_monsterinsights_skip_tracking":false,"_monsterinsights_sitenote_active":false,"_monsterinsights_sitenote_note":"","_monsterinsights_sitenote_category":0},"categories":[4],"tags":[],"aioseo_notices":[],"gutentor_comment":0,"rttpg_featured_image_url":{"full":["https:\/\/arantv.az\/wp-content\/uploads\/2020\/02\/822519.jpg",350,260,false],"landscape":["https:\/\/arantv.az\/wp-content\/uploads\/2020\/02\/822519.jpg",350,260,false],"portraits":["https:\/\/arantv.az\/wp-content\/uploads\/2020\/02\/822519.jpg",350,260,false],"thumbnail":["https:\/\/arantv.az\/wp-content\/uploads\/2020\/02\/822519-150x150.jpg",150,150,true],"medium":["https:\/\/arantv.az\/wp-content\/uploads\/2020\/02\/822519-300x223.jpg",300,223,true],"large":["https:\/\/arantv.az\/wp-content\/uploads\/2020\/02\/822519.jpg",350,260,false],"1536x1536":["https:\/\/arantv.az\/wp-content\/uploads\/2020\/02\/822519.jpg",350,260,false],"2048x2048":["https:\/\/arantv.az\/wp-content\/uploads\/2020\/02\/822519.jpg",350,260,false],"post-thumbnail":["https:\/\/arantv.az\/wp-content\/uploads\/2020\/02\/822519-240x172.jpg",240,172,true],"advps-thumb-one":["https:\/\/arantv.az\/wp-content\/uploads\/2020\/02\/822519.jpg",350,260,false]},"rttpg_author":{"display_name":"V\u00fcsal Rafiqo\u011flu","author_link":"https:\/\/arantv.az\/?author=2"},"rttpg_comment":0,"rttpg_category":"<a href=\"https:\/\/arantv.az\/?cat=4\" rel=\"category\">Siyas\u0259t<\/a>","rttpg_excerpt":"Avropa \u015euras\u0131 Parlament Assambleyas\u0131n\u0131n (A\u015e PA) Az\u0259rbaycanda siyasi m\u0259hbuslar m\u0259s\u0259l\u0259s\u0131 il\u0259 ba\u011fl\u0131 q\u0259tnam\u0259si bu qurumun \u00f6lk\u0259miz\u0259 q\u0259r\u0259zli m\u00fcnasib\u0259td\u0259 olan q\u00fcvv\u0259l\u0259rin t\u0259siri alt\u0131nda i\u015fl\u0259diyini bir daha s\u00fcbut edir. ARANTV.AZ bildirir ki, bunu\u00a0Trend-\u0259\u00a0a\u00e7\u0131qlamas\u0131nda &#8220;Bak\u0131 x\u0259b\u0259r&#8221; q\u0259zetinin ba\u015f redaktoru, siyasi ekspert Ayd\u0131n Quliyev A\u015e PA-n\u0131n q\u0131\u015f sessiyas\u0131nda &#8220;Az\u0259rbaycanda siyasi m\u0259hbuslarla ba\u011fl\u0131 m\u0259lumatlar haqq\u0131nda i\u015f&#8221; \u00fczr\u0259 q\u0259tnam\u0259sin\u0259 m\u00fcnasib\u0259t bildirir\u0259k\u0259n&hellip;","_links":{"self":[{"href":"https:\/\/arantv.az\/index.php?rest_route=\/wp\/v2\/posts\/125865"}],"collection":[{"href":"https:\/\/arantv.az\/index.php?rest_route=\/wp\/v2\/posts"}],"about":[{"href":"https:\/\/arantv.az\/index.php?rest_route=\/wp\/v2\/types\/post"}],"author":[{"embeddable":true,"href":"https:\/\/arantv.az\/index.php?rest_route=\/wp\/v2\/users\/2"}],"replies":[{"embeddable":true,"href":"https:\/\/arantv.az\/index.php?rest_route=%2Fwp%2Fv2%2Fcomments&post=125865"}],"version-history":[{"count":0,"href":"https:\/\/arantv.az\/index.php?rest_route=\/wp\/v2\/posts\/125865\/revisions"}],"wp:featuredmedia":[{"embeddable":true,"href":"https:\/\/arantv.az\/index.php?rest_route=\/wp\/v2\/media\/125866"}],"wp:attachment":[{"href":"https:\/\/arantv.az\/index.php?rest_route=%2Fwp%2Fv2%2Fmedia&parent=125865"}],"wp:term":[{"taxonomy":"category","embeddable":true,"href":"https:\/\/arantv.az\/index.php?rest_route=%2Fwp%2Fv2%2Fcategories&post=125865"},{"taxonomy":"post_tag","embeddable":true,"href":"https:\/\/arantv.az\/index.php?rest_route=%2Fwp%2Fv2%2Ftags&post=125865"}],"curies":[{"name":"wp","href":"https:\/\/api.w.org\/{rel}","templated":true}]}}