{"id":125877,"date":"2020-02-01T15:41:57","date_gmt":"2020-02-01T12:41:57","guid":{"rendered":"http:\/\/arantv.az\/?p=125877"},"modified":"2020-02-01T15:41:57","modified_gmt":"2020-02-01T12:41:57","slug":"bna-nin-qanunsuz-parklanmaya-qarsi-t%c9%99dbirl%c9%99ri-musb%c9%99t-n%c9%99tic%c9%99l%c9%99r-verir-xaliq-faiqoglu","status":"publish","type":"post","link":"https:\/\/arantv.az\/?p=125877","title":{"rendered":"&#8220;BNA-n\u0131n qanunsuz parklanmaya qar\u015f\u0131 t\u0259dbirl\u0259ri m\u00fcsb\u0259t n\u0259tic\u0259l\u0259r verir&#8221; &#8211; &#8220;Xaliq Faiqo\u011flu&#8221;"},"content":{"rendered":"<p>Bak\u0131 \u015f\u0259h\u0259rind\u0259, x\u00fcsusi il\u0259 20 Yanvar dair\u0259si \u0259razisind\u0259 uzun ill\u0259rdir m\u00f6vcud olan n\u0259qliyyat s\u0131xl\u0131\u011f\u0131n\u0131n v\u0259 qanunsuz parklanman\u0131n qar\u015f\u0131s\u0131n\u0131n al\u0131nmas\u0131, h\u0259min \u0259razid\u0259 ictimai n\u0259qliyyat\u0131n intensiv h\u0259r\u0259k\u0259tinin t\u0259min edilm\u0259si m\u0259qs\u0259dil\u0259 Bak\u0131 N\u0259qliyyat Agentliyinin apard\u0131\u011f\u0131 ard\u0131c\u0131l t\u0259dbirl\u0259r m\u00fcsb\u0259t n\u0259tic\u0259l\u0259rini verm\u0259kd\u0259dir.<\/p>\n<p>&#8220;Xaliq Faiqo\u011flu&#8221; MMC-d\u0259n &#8220;Qafqazinfo&#8221;ya veril\u0259n m\u0259lumata g\u00f6r\u0259, Bak\u0131dak\u0131 \u0259sas yol qov\u015faqlar\u0131ndan biri olan 20 Yanvar dair\u0259si v\u0259 \u0259traf\u0131nda h\u0259yata ke\u00e7iril\u0259n t\u0259dbirl\u0259r, el\u0259c\u0259 d\u0259 operativ m\u00fcdaxil\u0259l\u0259r n\u0259tic\u0259sind\u0259 s\u0131xl\u0131\u011f\u0131n azalmas\u0131, n\u0259qliyyat ax\u0131n\u0131n\u0131n, x\u00fcsusi il\u0259 d\u0259 ictimai n\u0259qliyyat\u0131n h\u0259r\u0259k\u0259t intensivliyinin artmas\u0131 m\u00fc\u015fahid\u0259 edilir.<\/p>\n<p>Dair\u0259 \u0259traf\u0131ndak\u0131 yollar\u0131n \u00f6t\u00fcr\u00fcc\u00fcl\u00fck qabiliyy\u0259tin\u0259, avtobuslar\u0131n h\u0259r\u0259k\u0259tin\u0259 m\u0259nfi t\u0259sir ed\u0259n taksi v\u0259 dig\u0259r minik avtomobill\u0259rinin dayanacaq \u0259razil\u0259rind\u0259n v\u0259 parklanman\u0131n qada\u011fan edildiyi yerl\u0259rd\u0259n k\u0259narla\u015fd\u0131r\u0131lmas\u0131 h\u0259r g\u00fcn y\u00fczminl\u0259rl\u0259 insan\u0131n rahat h\u0259r\u0259k\u0259tin\u0259 z\u0259min yarad\u0131b.<\/p>\n<p>N\u0259z\u0259riniz\u0259 \u00e7atd\u0131rmaq ist\u0259yirik ki, &#8220;Xaliq Faiqo\u011flu&#8221; \u015firk\u0259tinin istismar\u0131nda olan 14 mar\u015frut x\u0259tti \u00fczr\u0259 300-\u0259 yax\u0131n avtobus 20 yanvar dair\u0259sind\u0259n v\u0259 \u0259traf k\u00fc\u00e7\u0259l\u0259rd\u0259n ke\u00e7m\u0259kl\u0259 h\u0259r g\u00fcn y\u00fczminl\u0259rl\u0259 s\u0259rni\u015fin\u0259 xidm\u0259t g\u00f6st\u0259rir.<\/p>\n<p><img class=\"imgbcode\" src=\"https:\/\/sonxeber.az\/uploads\/16-15-51-park2.jpg\" alt=\"&quot;BNA-n\u0131n qanunsuz parklanmaya qar\u015f\u0131 t\u0259dbirl\u0259ri m\u00fcsb\u0259t n\u0259tic\u0259l\u0259r verir&quot; - &quot;Xaliq Faiqo\u011flu&quot;\" \/>\u015eirk\u0259tin r\u0259hb\u0259ri Faiq Seyidov bildirib ki, Bak\u0131 N\u0259qliyyat Agentliyinin atd\u0131\u011f\u0131 add\u0131mlar, s\u0259rni\u015finda\u015f\u0131man\u0131n keyfiyy\u0259tini art\u0131rmaqla yana\u015f\u0131, ictimai n\u0259qliyyatdan istifad\u0259ni d\u0259 stimulla\u015fd\u0131r\u0131r: &#8220;Bu da \u00f6z n\u00f6vb\u0259sind\u0259 insanlar\u0131n \u015f\u0259xsi n\u0259qliyyat vasit\u0259l\u0259rind\u0259n deyil, ictimai nqliyyatdan istifad\u0259 etm\u0259y\u0259 h\u0259v\u0259sl\u0259ndirir. Bak\u0131 N\u0259qliyyat Agentliyinin h\u0259yata ke\u00e7irdiyi t\u0259dbirl\u0259rin n\u0259tic\u0259sidir ki, yollardak\u0131 s\u0131xl\u0131q azal\u0131r, \u015f\u0259h\u0259rimizin ekoloji m\u00fchiti yax\u015f\u0131la\u015f\u0131r v\u0259 insanlar daha az x\u0259rcl\u0259 m\u0259nzil ba\u015f\u0131na rahat, t\u0259hl\u00fck\u0259siz v\u0259 vaxt\u0131nda \u00e7atd\u0131r\u0131l\u0131r. H\u0259r k\u0259s qanunlara riay\u0259t ets\u0259, ictimai n\u0259qliyyat vasit\u0259l\u0259rin\u0259 anlay\u0131\u015fla yana\u015fsa, d\u00fc\u015f\u00fcn\u00fcr\u0259m ki, Bak\u0131da n\u0259qliyyat s\u0131xl\u0131\u011f\u0131 il\u0259 ba\u011fl\u0131 yaranan probleml\u0259r q\u0131sa m\u00fcdd\u0259td\u0259 h\u0259llini tapacaq. H\u0259r k\u0259s bilm\u0259lidir ki, dayanma-durma qaydalar\u0131n\u0131n pozulmas\u0131 inzibati m\u0259suliyy\u0259t yaratmaqla yana\u015f\u0131, yollarda t\u0131xac\u0131n yaranmas\u0131na, dig\u0259r n\u0259qliyyat vasit\u0259l\u0259rinin v\u0259 piyadalar\u0131n h\u0259r\u0259k\u0259tinin m\u00fch\u00fcm d\u0259r\u0259c\u0259d\u0259 m\u0259hdudla\u015fmas\u0131na s\u0259b\u0259b olur. N\u0259tic\u0259d\u0259 ictimai n\u0259qliyyatdan istifad\u0259 ed\u0259n minl\u0259rl\u0259 insan\u0131n v\u0259 dig\u0259r h\u0259r\u0259k\u0259t i\u015ftirak\u00e7\u0131lar\u0131n\u0131n h\u00fcquqlar\u0131 pozulur. Uzun ill\u0259rdir Bak\u0131da s\u0259rni\u015finda\u015f\u0131ma f\u0259aliyy\u0259ti g\u00f6st\u0259r\u0259n \u0259n b\u00f6y\u00fck \u00f6z\u0259l da\u015f\u0131y\u0131c\u0131 \u015firk\u0259t olaraq son d\u00f6vrl\u0259rd\u0259 Bak\u0131 N\u0259qliyyat Agentliyinin h\u0259yata ke\u00e7irdiyi yenilikl\u0259ri d\u0259st\u0259kl\u0259yirik v\u0259 \u00fcmid edirik ki, ictimai n\u0259qliyyatdan istifad\u0259nin t\u0259\u015fviqi v\u0259 n\u0259qliyyat \u015f\u0259raitinin yax\u015f\u0131la\u015fd\u0131r\u0131lmas\u0131 il\u0259 ba\u011fl\u0131 g\u00f6r\u00fcl\u0259n t\u0259dbirl\u0259r bundan sonra da davam ed\u0259c\u0259k&#8221;.<\/p>\n","protected":false},"excerpt":{"rendered":"<p>Bak\u0131 \u015f\u0259h\u0259rind\u0259, x\u00fcsusi il\u0259 20 Yanvar dair\u0259si \u0259razisind\u0259 uzun ill\u0259rdir m\u00f6vcud olan n\u0259qliyyat s\u0131xl\u0131\u011f\u0131n\u0131n v\u0259 qanunsuz parklanman\u0131n qar\u015f\u0131s\u0131n\u0131n al\u0131nmas\u0131, h\u0259min \u0259razid\u0259 ictimai n\u0259qliyyat\u0131n intensiv h\u0259r\u0259k\u0259tinin t\u0259min edilm\u0259si m\u0259qs\u0259dil\u0259 Bak\u0131 N\u0259qliyyat Agentliyinin apard\u0131\u011f\u0131 ard\u0131c\u0131l t\u0259dbirl\u0259r m\u00fcsb\u0259t n\u0259tic\u0259l\u0259rini verm\u0259kd\u0259dir. &#8220;Xaliq Faiqo\u011flu&#8221; MMC-d\u0259n &#8220;Qafqazinfo&#8221;ya veril\u0259n m\u0259lumata g\u00f6r\u0259, Bak\u0131dak\u0131 \u0259sas yol qov\u015faqlar\u0131ndan biri olan 20 Yanvar dair\u0259si v\u0259 \u0259traf\u0131nda h\u0259yata ke\u00e7iril\u0259n t\u0259dbirl\u0259r, el\u0259c\u0259 d\u0259 operativ m\u00fcdaxil\u0259l\u0259r n\u0259tic\u0259sind\u0259 s\u0131xl\u0131\u011f\u0131n azalmas\u0131, n\u0259qliyyat ax\u0131n\u0131n\u0131n, x\u00fcsusi il\u0259 d\u0259 ictimai n\u0259qliyyat\u0131n h\u0259r\u0259k\u0259t intensivliyinin artmas\u0131 m\u00fc\u015fahid\u0259 edilir. Dair\u0259 \u0259traf\u0131ndak\u0131 yollar\u0131n \u00f6t\u00fcr\u00fcc\u00fcl\u00fck qabiliyy\u0259tin\u0259, avtobuslar\u0131n h\u0259r\u0259k\u0259tin\u0259 m\u0259nfi t\u0259sir ed\u0259n taksi v\u0259 dig\u0259r&hellip;<\/p>\n","protected":false},"author":2,"featured_media":125878,"comment_status":"closed","ping_status":"closed","sticky":false,"template":"","format":"standard","meta":{"om_disable_all_campaigns":false,"_monsterinsights_skip_tracking":false,"_monsterinsights_sitenote_active":false,"_monsterinsights_sitenote_note":"","_monsterinsights_sitenote_category":0},"categories":[1],"tags":[],"aioseo_notices":[],"gutentor_comment":0,"rttpg_featured_image_url":{"full":["https:\/\/arantv.az\/wp-content\/uploads\/2020\/02\/16-15-44-park1.jpg",637,400,false],"landscape":["https:\/\/arantv.az\/wp-content\/uploads\/2020\/02\/16-15-44-park1.jpg",637,400,false],"portraits":["https:\/\/arantv.az\/wp-content\/uploads\/2020\/02\/16-15-44-park1.jpg",637,400,false],"thumbnail":["https:\/\/arantv.az\/wp-content\/uploads\/2020\/02\/16-15-44-park1-150x150.jpg",150,150,true],"medium":["https:\/\/arantv.az\/wp-content\/uploads\/2020\/02\/16-15-44-park1-300x188.jpg",300,188,true],"large":["https:\/\/arantv.az\/wp-content\/uploads\/2020\/02\/16-15-44-park1.jpg",637,400,false],"1536x1536":["https:\/\/arantv.az\/wp-content\/uploads\/2020\/02\/16-15-44-park1.jpg",637,400,false],"2048x2048":["https:\/\/arantv.az\/wp-content\/uploads\/2020\/02\/16-15-44-park1.jpg",637,400,false],"post-thumbnail":["https:\/\/arantv.az\/wp-content\/uploads\/2020\/02\/16-15-44-park1-240x172.jpg",240,172,true],"advps-thumb-one":["https:\/\/arantv.az\/wp-content\/uploads\/2020\/02\/16-15-44-park1.jpg",637,400,false]},"rttpg_author":{"display_name":"V\u00fcsal Rafiqo\u011flu","author_link":"https:\/\/arantv.az\/?author=2"},"rttpg_comment":0,"rttpg_category":"<a href=\"https:\/\/arantv.az\/?cat=1\" rel=\"category\">C\u0259miyy\u0259t<\/a>","rttpg_excerpt":"Bak\u0131 \u015f\u0259h\u0259rind\u0259, x\u00fcsusi il\u0259 20 Yanvar dair\u0259si \u0259razisind\u0259 uzun ill\u0259rdir m\u00f6vcud olan n\u0259qliyyat s\u0131xl\u0131\u011f\u0131n\u0131n v\u0259 qanunsuz parklanman\u0131n qar\u015f\u0131s\u0131n\u0131n al\u0131nmas\u0131, h\u0259min \u0259razid\u0259 ictimai n\u0259qliyyat\u0131n intensiv h\u0259r\u0259k\u0259tinin t\u0259min edilm\u0259si m\u0259qs\u0259dil\u0259 Bak\u0131 N\u0259qliyyat Agentliyinin apard\u0131\u011f\u0131 ard\u0131c\u0131l t\u0259dbirl\u0259r m\u00fcsb\u0259t n\u0259tic\u0259l\u0259rini verm\u0259kd\u0259dir. &#8220;Xaliq Faiqo\u011flu&#8221; MMC-d\u0259n &#8220;Qafqazinfo&#8221;ya veril\u0259n m\u0259lumata g\u00f6r\u0259, Bak\u0131dak\u0131 \u0259sas yol qov\u015faqlar\u0131ndan biri olan 20 Yanvar dair\u0259si v\u0259 \u0259traf\u0131nda&hellip;","_links":{"self":[{"href":"https:\/\/arantv.az\/index.php?rest_route=\/wp\/v2\/posts\/125877"}],"collection":[{"href":"https:\/\/arantv.az\/index.php?rest_route=\/wp\/v2\/posts"}],"about":[{"href":"https:\/\/arantv.az\/index.php?rest_route=\/wp\/v2\/types\/post"}],"author":[{"embeddable":true,"href":"https:\/\/arantv.az\/index.php?rest_route=\/wp\/v2\/users\/2"}],"replies":[{"embeddable":true,"href":"https:\/\/arantv.az\/index.php?rest_route=%2Fwp%2Fv2%2Fcomments&post=125877"}],"version-history":[{"count":0,"href":"https:\/\/arantv.az\/index.php?rest_route=\/wp\/v2\/posts\/125877\/revisions"}],"wp:featuredmedia":[{"embeddable":true,"href":"https:\/\/arantv.az\/index.php?rest_route=\/wp\/v2\/media\/125878"}],"wp:attachment":[{"href":"https:\/\/arantv.az\/index.php?rest_route=%2Fwp%2Fv2%2Fmedia&parent=125877"}],"wp:term":[{"taxonomy":"category","embeddable":true,"href":"https:\/\/arantv.az\/index.php?rest_route=%2Fwp%2Fv2%2Fcategories&post=125877"},{"taxonomy":"post_tag","embeddable":true,"href":"https:\/\/arantv.az\/index.php?rest_route=%2Fwp%2Fv2%2Ftags&post=125877"}],"curies":[{"name":"wp","href":"https:\/\/api.w.org\/{rel}","templated":true}]}}